{"id":163306,"date":"2025-10-08T17:10:14","date_gmt":"2025-10-08T17:10:14","guid":{"rendered":"https:\/\/www.europesays.com\/es\/163306\/"},"modified":"2025-10-08T17:10:14","modified_gmt":"2025-10-08T17:10:14","slug":"horario-y-donde-ver-el-debut-en-la-euroleague-women-ante-olympiacos","status":"publish","type":"post","link":"https:\/\/www.europesays.com\/es\/163306\/","title":{"rendered":"Horario y d\u00f3nde ver el debut en la EuroLeague Women ante Olympiacos"},"content":{"rendered":"<p class=\"ft-text\">Debut en la<strong> EuroLeague Women para<\/strong><a class=\"ft-link ft-link--decoration\" href=\"https:\/\/www.superdeporte.es\/valencia-cf\/\" rel=\"nofollow noopener\" target=\"_blank\"><strong> el Valencia Basket<\/strong><\/a><a class=\"ft-link ft-link--decoration\" href=\"https:\/\/www.superdeporte.es\/valencia-cf\/\" rel=\"nofollow noopener\" target=\"_blank\">.<\/a> El conjunto valenciano<a class=\"ft-link ft-link--decoration\" href=\"https:\/\/www.superdeporte.es\/valencia-basket\/2025\/10\/07\/atenas-punto-partida-sueno-taronja-euroleague-women-2025-26-122385445.html\" rel=\"nofollow noopener\" target=\"_blank\"> ya est\u00e1 en Atenas para empezar su cuarta participaci\u00f3n seguida en EuroLeague Women <\/a>con la primera jornada de la primera fase de la competici\u00f3n ante Olympiacos SF. Despu\u00e9s de haber llegado la pasada temporada hasta la F4 de la competici\u00f3n, quedando entre los mejores equipos de Europa, las taronja comienzan el camino para tratar de repetir la haza\u00f1a. La cita es este <strong>mi\u00e9rcoles 8 de octubre a las 17:30 horas y podr\u00e1 verse en directo a trav\u00e9s de Movistar y \u00c0 Punt).<\/strong><\/p>\n<p>Convocatoria<\/p>\n<p class=\"ft-text\">Rub\u00e9n Burgos <strong>no podr\u00e1 contar con tres de sus jugadoras profesionales<\/strong> en este inicio de temporada. <a class=\"ft-link ft-link--decoration\" href=\"https:\/\/www.superdeporte.es\/tags\/cristina-ouvina\/\" rel=\"nofollow noopener\" target=\"_blank\">Cristina Ouvi\u00f1a <\/a>se encuentra trabajando poco a poco tras su maternidad con el objetivo de sumarse al equipo lo antes posible y Leo Fiebich se incorporar\u00e1 al equipo m\u00e1s adelante tras finalizar su participaci\u00f3n en la WNBA. Elena Buenavida tampoco ha viajado a causa de unas molestias musculares que le impidieron disputar el \u00faltimo partido de LF Endesa. El resto de las jugadoras profesionales est\u00e1n disponibles para este inicio de LF Endesa junto con la jugadora vinculada Paula Saravia.<\/p>\n<p>Precedentes<\/p>\n<p class=\"ft-text\"><a class=\"ft-link ft-link--decoration\" href=\"https:\/\/www.valenciabasket.com\/portada\" rel=\"nofollow noopener\" target=\"_blank\">Valencia Baske<\/a>t ya se ha enfrentado al equipo griego en dos ocasiones, una en EuroCup Women y otra en EuroLeague Women. En la segunda competici\u00f3n continental se midieron en la campa\u00f1a 2019-20 con doble victoria taronja. El triunfo en Atenas fue por 75-78. Respecto a la EuroLeague Women ambos equipos se vieron las caras en la temporada 2022-23, donde de nuevo Valencia Basket se llev\u00f3 los dos partidos. En aquella ocasi\u00f3n el Pireo el triunfo fue 59-65. Por lo tanto, el balance global es de 4-0 para las de Rub\u00e9n Burgos.<\/p>\n<p><img decoding=\"async\" src=\"https:\/\/www.europesays.com\/es\/wp-content\/uploads\/2025\/10\/b21cb74b-203f-4694-b1a1-09414256b10d_alta-libre-aspect-ratio_default_0.jpg\" width=\"1200\" height=\"800\" alt=\"Rub\u00e9n Burgos, en una charla con las jugadoras tras un entrenamiento.\" class=\"ft-helper-img-rd\" loading=\"lazy\" hasdataaida=\"true\"\/><\/p>\n<p class=\"ft-helper-fontColor-quaternary ft-helper-fontSize-body-S ft-helper-spacer-t-xxs\">Rub\u00e9n Burgos, en una charla con las jugadoras tras un entrenamiento.  \/ JM L\u00f3pez<\/p>\n<p>Cuarta temporada en EuroLeague Women<\/p>\n<p class=\"ft-text\">Esta ser\u00e1 la cuarta temporada en la m\u00e1xima competici\u00f3n europea para Valencia Basket. En la campa\u00f1a 22-23 las de Rub\u00e9n Burgos completaron la haza\u00f1a de llegar hasta cuartos de playoff, donde forzaron el tercer partido contra Beretta Famila Schio, pero no consiguieron avanzar. En la 23-24 el equipo taronja se qued\u00f3 a las puertas de pasar de ronda. La pasada temporada<a class=\"ft-link ft-link--decoration\" href=\"https:\/\/www.superdeporte.es\/tags\/valencia-basket\/\" rel=\"nofollow noopener\" target=\"_blank\"> Valencia Basket<\/a> dio un paso m\u00e1s clasific\u00e1ndose directamente para las semifinales del play-in como segundo de su grupo, cruz\u00e1ndose con CIMSA CBK Mersin, que era primero del otro grupo. El equipo taronja super\u00f3 al todopoderoso turco y se plant\u00f3 directamente en las semifinales de la F6, eso es, en realidad en la F4. All\u00ed se volvi\u00f3 a cruzar con Mersin, frente al que roz\u00f3 la victoria, y jug\u00f3 contra Fenerbahce el partido por el tercer puesto, que caer\u00eda tambi\u00e9n del lado turco. Una temporada para el recuerdo en la que Valencia Basket estuvo entre los cuatro mejores.<\/p>\n","protected":false},"excerpt":{"rendered":"Debut en la EuroLeague Women para el Valencia Basket. El conjunto valenciano ya est\u00e1 en Atenas para empezar&hellip;\n","protected":false},"author":2,"featured_media":163307,"comment_status":"","ping_status":"","sticky":false,"template":"","format":"standard","meta":{"footnotes":""},"categories":[269],"tags":[299,1918,298,5437,168,2917,25,24,10797,833,40358,319,39075,2599,17893,23,167,235,2916,809],"class_list":{"0":"post-163306","1":"post","2":"type-post","3":"status-publish","4":"format-standard","5":"has-post-thumbnail","7":"category-baloncesto","8":"tag-baloncesto","9":"tag-basket","10":"tag-basketball","11":"tag-debut","12":"tag-deportes","13":"tag-endesa","14":"tag-es","15":"tag-espana","16":"tag-euroleague-women","17":"tag-euroliga","18":"tag-euroliga-femenina","19":"tag-horario","20":"tag-olympiacos","21":"tag-participacion","22":"tag-ruben-burgos","23":"tag-spain","24":"tag-sports","25":"tag-valencia","26":"tag-valencia-basket","27":"tag-ver"},"share_on_mastodon":{"url":"","error":""},"_links":{"self":[{"href":"https:\/\/www.europesays.com\/es\/wp-json\/wp\/v2\/posts\/163306","targetHints":{"allow":["GET"]}}],"collection":[{"href":"https:\/\/www.europesays.com\/es\/wp-json\/wp\/v2\/posts"}],"about":[{"href":"https:\/\/www.europesays.com\/es\/wp-json\/wp\/v2\/types\/post"}],"author":[{"embeddable":true,"href":"https:\/\/www.europesays.com\/es\/wp-json\/wp\/v2\/users\/2"}],"replies":[{"embeddable":true,"href":"https:\/\/www.europesays.com\/es\/wp-json\/wp\/v2\/comments?post=163306"}],"version-history":[{"count":0,"href":"https:\/\/www.europesays.com\/es\/wp-json\/wp\/v2\/posts\/163306\/revisions"}],"wp:featuredmedia":[{"embeddable":true,"href":"https:\/\/www.europesays.com\/es\/wp-json\/wp\/v2\/media\/163307"}],"wp:attachment":[{"href":"https:\/\/www.europesays.com\/es\/wp-json\/wp\/v2\/media?parent=163306"}],"wp:term":[{"taxonomy":"category","embeddable":true,"href":"https:\/\/www.europesays.com\/es\/wp-json\/wp\/v2\/categories?post=163306"},{"taxonomy":"post_tag","embeddable":true,"href":"https:\/\/www.europesays.com\/es\/wp-json\/wp\/v2\/tags?post=163306"}],"curies":[{"name":"wp","href":"https:\/\/api.w.org\/{rel}","templated":true}]}}