{"id":163337,"date":"2025-10-08T17:27:08","date_gmt":"2025-10-08T17:27:08","guid":{"rendered":"https:\/\/www.europesays.com\/es\/163337\/"},"modified":"2025-10-08T17:27:08","modified_gmt":"2025-10-08T17:27:08","slug":"lo-que-se-esta-perdiendo-netflix","status":"publish","type":"post","link":"https:\/\/www.europesays.com\/es\/163337\/","title":{"rendered":"\u00a1lo que se est\u00e1 perdiendo Netflix!"},"content":{"rendered":"<p>Es ver el cartel del festival de <strong>Madrid<\/strong> y se me llena el alma de felicidad. Y de agradecimiento torero. Tambi\u00e9n de sana nostalgia. Una vida de aficionado reunida en un solo cartel. Una vida de amistad, de emociones, de sustos y satisfacciones, la media ver\u00f3nica, el trincherazo, la mejor mano izquierda en la plaza y tambi\u00e9n en los sentimientos, la dura postguerra, los malditos huesos, el perenne fumeque, las tardes de las Ventas, los viajes a Am\u00e9rica, ruina y gloria en vaivenes de autentico v\u00e9rtigo, ahora arriba, ahora abajo y finalmente, justicia divina, la fortuna recuperada del maestro, la econ\u00f3mica y la reputacional. \u00a1Vaya serie, la que se est\u00e1 perdiendo Netflix!<\/p>\n<p><img fetchpriority=\"high\" decoding=\"async\" aria-describedby=\"caption-attachment-552669\" class=\"wp-image-552669 size-full lazy\" src=\"https:\/\/www.europesays.com\/es\/wp-content\/uploads\/2025\/10\/513821259_23968427879455334_6007354865156238631_n.jpg\" alt=\"Anto\u00f1ete, entre Mart\u00edn Recio y Manolo Montoliu. 1985 I TAUROMAQUIA FOTOS Y V\u00cdDEOS\" width=\"790\" height=\"565\"  data-\/><\/p>\n<p id=\"caption-attachment-552669\" class=\"wp-caption-text\">Anto\u00f1ete, entre Mart\u00edn Recio y Manolo Montoliu. 1985 I TAUROMAQUIA FOTOS Y V\u00cdDEOS<\/p>\n<p>Y adem\u00e1s, mi amigo <strong>Manuel Montoliu,<\/strong> y <strong>Mart\u00edn Recio<\/strong> sin olvidar a <strong>Periquito<\/strong>, la cuadrilla perfecta, poder, elegancia y ocurrencias; el toro blanco, el mech\u00f3n blanco y el vestido lila, y el colof\u00f3n final\/vital de sus comentarios respetuosos y sabios en la tele, todo eso y m\u00e1s como leitmotiv del cartel de este domingo en <strong>Las Ventas<\/strong>, todo en el mismo pasqu\u00edn, bonita palabra, -a prop\u00f3sito, \u00bfrecuerdan cuando los toros se anunciaban en pasquines, en carteles?&#8230; te levantabas una buena ma\u00f1ana y en las esquinas de costumbre (ya creo que no hay esquinas ni costumbres en las grandes urbes) aparec\u00edan, como por arte de magia, en realidad era magia, aparec\u00eda digo, la combinaci\u00f3n de toros y toreros del domingo siguiente, con su terminolog\u00eda cl\u00e1sica, si el tiempo no lo impide, con permiso de la autoridad\u2026, a las tantas en punto de la tarde\u2026, una magn\u00edfica banda amenizar\u00e1 el espect\u00e1culo\u2026, sensacional\u2026, colosal\u2026, magn\u00edfica\u2026 novillada, y ya no digamos si era una corrida de toros.<\/p>\n<p><img loading=\"lazy\" decoding=\"async\" class=\"alignnone wp-image-552672 size-full lazy\" src=\"https:\/\/www.europesays.com\/es\/wp-content\/uploads\/2025\/10\/063c6560-ef7a-4c74-bdfa-a994c2a3d342.jpeg\" alt=\"\" width=\"1280\" height=\"1019\"  data-\/><\/p>\n<blockquote>\n<p>\u00abUna leyenda y otra y otra y un hito y otro y otro, la gloria y el infierno, una vida de v\u00e9rtigo espera la gran obra en las pantallas\u00bb<\/p>\n<\/blockquote>\n<p>Ya no es as\u00ed, fundamentalmente porque apenas hay ya novilladas los domingos salvada la excepci\u00f3n de <strong>Madrid<\/strong>, y si las hay son de uvas a peras, de feria a feria, y con las combinaciones hechas de antemano sin esperar al expreso de la meritocracia. Aquello de triunfador el pasado domingo tambi\u00e9n es agua pasada, ahora los chicos triunfan y ya te ver\u00e9, hasta el a\u00f1o que viene, que as\u00ed de largo se lo f\u00edan; y qu\u00e9 bonita (esperanzadora) era aquella advertencia de \u00abNuevo en esta plaza\u00bb que te remov\u00eda la curiosidad. Nada de eso sucede ya y no quiero decir que los expertos de la divulgaci\u00f3n actual no hagan las cosas bien, que digo yo que las har\u00e1n, aunque no siempre, que muchas veces veo un cartel o un pasqu\u00edn o un banner, que uno tambi\u00e9n est\u00e1 en las nuevas tecnolog\u00edas, y m\u00e1s all\u00e1 de que me gusten las ilustraciones que no siempre tienen el buen gusto o el gusto que me encaja a m\u00ed, me cuesta encontrar el d\u00eda o la hora del festejo (el de <strong>Anto\u00f1ete<\/strong>, quede claro, ser\u00e1 el d\u00eda 12 a las 12 de la ma\u00f1ana, pero no busquen entradas si no est\u00e1n dispuestos a someterse a la reventa, no quedan, bendito, maldito vicio, la reventa, si la hay mal y si no la hay mucho peor), y ya no digamos si pretendes conocer los m\u00e9ritos que acompa\u00f1an a cada espada si se trata de novilleros, triunfador aqu\u00ed o all\u00e1 o si es de arte o de valor, nada, silencio. \u00bfSe acuerdan de cuando el <strong>Curro<\/strong> de <strong>Linares<\/strong> ten\u00eda cita con el arte o <strong>Porras<\/strong> con la muerte? Todos sab\u00edamos qu\u00e9 clase de toreros aspiraba a ser cada cual y qu\u00e9 \u00edbamos a ver\u2026 o aquello de fino estilista, que, aunque no siempre era verdad, ten\u00eda su aquel.<\/p>\n<blockquote>\n<p>\u00abUn gran festival al quite de la desmemoria, la explanada de Las Ventas nunca hubiese estado bien amueblada sin un gui\u00f1o a Chenel\u00bb<\/p>\n<\/blockquote>\n<p>Pero me he desviado del motivo de esta columna, del festival de <strong>Anto\u00f1ete<\/strong>, justo, merecido y necesario. Ni el toreo ni <strong>Madrid<\/strong> pod\u00edan pasar de largo ni someter al desgaste del tiempo a quien les ha representado de una manera tan leal y tan fiel, de quien ha sido tan madrile\u00f1o y tan torero como <strong>Antonio<\/strong>. Me gusta, tiene una lectura preciosa, muy de concordia en tiempos en los que tanta falta hace la concordia y la convergencia de posturas en esta sociedad, me gusta dec\u00eda que el festival lo promueva <strong>Morante<\/strong>, el m\u00e1ximo representante del sevillanismo, de la bohemia, de la personalidad, un cl\u00e1sico como lo fue <strong>Anto\u00f1ete<\/strong>, tan cl\u00e1sicos que suenan a innovadores, y que lo haga en una tierra que a lo largo de la historia ha mantenido una competencia abierta con la suya, no cabe obviar lo que costaba que la afici\u00f3n del foro le diese el pl\u00e1cet a los que ven\u00edan de triunfar en Serva la Bari y al rev\u00e9s por mucho que s\u00ed, que los hab\u00eda y los hay capaces de triunfar a un lado y a otro de<strong> Despe\u00f1aperros, Morante<\/strong> mismamente, pero siempre tiene su dificultad.<\/p>\n<p><img loading=\"lazy\" decoding=\"async\" class=\"alignnone size-medium wp-image-552674 lazy\" src=\"https:\/\/www.europesays.com\/es\/wp-content\/uploads\/2025\/10\/f120569a-f9cf-4077-9d48-8eb8bb6370ce-247x300.jpeg\" alt=\"\" width=\"247\" height=\"300\"  data-\/><\/p>\n<p>El cartel de <strong>Anto\u00f1ete<\/strong>, me gusta m\u00e1s pasqu\u00edn, suena m\u00e1s izquierdoso, m\u00e1s ad hoc con <strong>Anto\u00f1ete<\/strong>, representa a lo mejor de una \u00e9poca y me gusta mucho que se haya recurrido a la f\u00f3rmula m\u00e1s tradicional de los festivales, la de dar cabida a los toreros que no est\u00e1n en activo y si, como es el caso, han tenido relaci\u00f3n art\u00edstica y personal con el protagonista del acontecimiento mucho mejor y por esa v\u00eda el cartel, el pasqu\u00edn, el banner, m\u00e1s all\u00e1 del soporte que esta vez s\u00ed me gusta, ha acabado siendo puro lujo, <strong>Pablo Hermoso de Mendoza<\/strong> seguido del<strong> Curro<\/strong> de su alma, la del maestro, el <strong>Curro<\/strong> rubio de los entrenes y las partidas de front\u00f3n y de las otras, <strong>C\u00e9sar Rinc\u00f3n, Enrique Ponce, Julio Aparicio, <\/strong>digamos<strong> Julito<\/strong> para entendernos, el v\u00e1stago de su amigo y competidor el gran <strong>Aparicio<\/strong>, a prop\u00f3sito, setenta y cinco a\u00f1os se cumplen de la alternativa del maestro de la <strong>Fuente del Berro<\/strong> en <strong>Valencia<\/strong>, toda una gloria de <strong>Madrid<\/strong> y del planeta toro. Estar\u00e1 tambi\u00e9n, claro, <strong>Morante<\/strong>, el instigador de todo, mis respetos y mi reconocimiento maestro, y la novillera <strong>Olga Casado<\/strong>. No va m\u00e1s, es el festival de <strong>Anto\u00f1ete<\/strong>, justo, merecido, oportuno y cargado de motivos, la explanada de <strong>Las Ventas<\/strong> nunca hubiese estado bien amueblada sin un gui\u00f1o a <strong>Anto\u00f1ete<\/strong>. Por cierto, ese d\u00eda<strong> Las Ventas,<\/strong> su plaza, en sesi\u00f3n de ma\u00f1ana y tarde, acoger\u00e1 a cincuenta mil aficionados. \u00bfQui\u00e9n dijo crisis?&#8230;<\/p>\n","protected":false},"excerpt":{"rendered":"Es ver el cartel del festival de Madrid y se me llena el alma de felicidad. Y de&hellip;\n","protected":false},"author":2,"featured_media":163338,"comment_status":"","ping_status":"","sticky":false,"template":"","format":"standard","meta":{"footnotes":""},"categories":[277],"tags":[45,10705,373,168,25,24,152,1226,1227,23,167,625,374],"class_list":{"0":"post-163337","1":"post","2":"type-post","3":"status-publish","4":"format-standard","5":"has-post-thumbnail","7":"category-toreo","8":"tag-45","9":"tag-antonete","10":"tag-bullfighting","11":"tag-deportes","12":"tag-es","13":"tag-espana","14":"tag-netflix","15":"tag-noticias-de-toros","16":"tag-noticias-taurinas","17":"tag-spain","18":"tag-sports","19":"tag-tauromaquia","20":"tag-toreo"},"share_on_mastodon":{"url":"","error":""},"_links":{"self":[{"href":"https:\/\/www.europesays.com\/es\/wp-json\/wp\/v2\/posts\/163337","targetHints":{"allow":["GET"]}}],"collection":[{"href":"https:\/\/www.europesays.com\/es\/wp-json\/wp\/v2\/posts"}],"about":[{"href":"https:\/\/www.europesays.com\/es\/wp-json\/wp\/v2\/types\/post"}],"author":[{"embeddable":true,"href":"https:\/\/www.europesays.com\/es\/wp-json\/wp\/v2\/users\/2"}],"replies":[{"embeddable":true,"href":"https:\/\/www.europesays.com\/es\/wp-json\/wp\/v2\/comments?post=163337"}],"version-history":[{"count":0,"href":"https:\/\/www.europesays.com\/es\/wp-json\/wp\/v2\/posts\/163337\/revisions"}],"wp:featuredmedia":[{"embeddable":true,"href":"https:\/\/www.europesays.com\/es\/wp-json\/wp\/v2\/media\/163338"}],"wp:attachment":[{"href":"https:\/\/www.europesays.com\/es\/wp-json\/wp\/v2\/media?parent=163337"}],"wp:term":[{"taxonomy":"category","embeddable":true,"href":"https:\/\/www.europesays.com\/es\/wp-json\/wp\/v2\/categories?post=163337"},{"taxonomy":"post_tag","embeddable":true,"href":"https:\/\/www.europesays.com\/es\/wp-json\/wp\/v2\/tags?post=163337"}],"curies":[{"name":"wp","href":"https:\/\/api.w.org\/{rel}","templated":true}]}}