{"id":163351,"date":"2025-10-08T17:36:09","date_gmt":"2025-10-08T17:36:09","guid":{"rendered":"https:\/\/www.europesays.com\/es\/163351\/"},"modified":"2025-10-08T17:36:09","modified_gmt":"2025-10-08T17:36:09","slug":"la-ciudad-ignora-su-rio","status":"publish","type":"post","link":"https:\/\/www.europesays.com\/es\/163351\/","title":{"rendered":"La ciudad ignora su r\u00edo"},"content":{"rendered":"<p class=\"paragraph\" id=\"paragraph_1\">La oficina de la constructora Grupo Rehabilita asegura por tel\u00e9fono estar consternada por el tr\u00e1gico fallecimiento de su compa\u00f1era<strong> Laura<\/strong>, la joven arquitecta que <a as=\"\" d=\"\" href=\"https:\/\/www.elespanol.com\/madrid\/sociedad\/20251007\/derrumba-edificio-obras-cercano-opera-varias-personas-heridas\/1003743958427_0.html?utm_cmp_rs=linksinline\" probablemente=\"\" title=\"Se derrumba un edificio en el centro de Madrid: la b\u00fasqueda de los 4 desaparecidos durar\u00e1 \" rel=\"nofollow noopener\" target=\"_blank\">ha muerto en el derrumbamiento del edificio en obras de la calle Hileras, n\u00famero 4, en el coraz\u00f3n de Madrid.<\/a><\/p>\n<p class=\"paragraph\" id=\"paragraph_2\">Tras ser hallado el cuerpo de la<strong> madrile\u00f1a de 30 a\u00f1os<\/strong> entre los escombros, alrededor de las dos de la madrugada de este mi\u00e9rcoles, fue trasladado al Instituto de Medicina Legal de Valdebebas para su identificaci\u00f3n.<\/p>\n<p class=\"paragraph\" id=\"paragraph_3\">Se trataba de Laura R. S., una arquitecta vinculada a proyectos de urbanismo y rehabilitaci\u00f3n en Madrid, que, dentro de la obra en la que se produjo el derrumbe,\u00a0era la \u00abjefa de producci\u00f3n\u00bb \u2014seg\u00fan ha informado <strong>Daniel Anka<\/strong>, responsable de la empresa de demolici\u00f3n del edificio en el que ha ocurrido el suceso\u2014.\u00a0<\/p>\n<p class=\"paragraph\" id=\"paragraph_4\">Sobre las 13.00 horas de este martes, los <strong>obreros de la empresa Anka, Damb\u00e9le, Alfa y Jorge<\/strong>, y la arquitecta, Laura, quedaron sepultados bajo los escombros de la obra de rehabilitaci\u00f3n del edificio en el que se estaba construyendo un hotel de cuatro estrellas en pleno centro de Madrid cuando el forjado del quinto piso cedi\u00f3, provocando un derrumbe parcial.<\/p>\n<p class=\"paragraph\" id=\"paragraph_5\">En el momento del accidente, Laura se hallaba en un ba\u00f1o de la primera planta, donde estaban ubicadas las oficinas, justo a la hora en la que muchos \u2014eran unos 40 empleados en total\u2014 hab\u00edan salido a comer algo despu\u00e9s del mediod\u00eda, ha informado\u00a0este mi\u00e9rcoles, a pocos metros del edificio derrumbado,\u00a0<strong>Miguel Segu\u00ed<\/strong>, directivo de guardia de Bomberos de Madrid.<\/p>\n<p><img decoding=\"async\" alt=\"El interior del edificio derrumbado en el centro de Madrid: as\u00ed qued\u00f3 tras caer los forjados de varios pisos\" data-imgm=\"true\" height=\"180\" loading=\"lazy\"  src=\"https:\/\/www.europesays.com\/es\/wp-content\/uploads\/2025\/10\/1003743958937_259228217_1024x576.jpg\"  width=\"320\"\/><\/p>\n<p>                                                            El interior del edificio derrumbado en el centro de Madrid: as\u00ed qued\u00f3 tras caer los forjados de varios pisos<\/p>\n<p class=\"paragraph\" id=\"paragraph_6\">Laura R. S. se titul\u00f3 como arquitecta por la<strong> Escuela T\u00e9cnica Superior de Arquitectura de Madrid en la Universidad Polit\u00e9cnica de Madrid.<\/strong> Ha realizado trabajos acad\u00e9micos y profesionales en Madrid, incluyendo proyectos relacionados con infraestructuras urbanas y de rehabilitaci\u00f3n en empresas con sede en la capital como Projasp S. L. o Uve Valoraciones.<\/p>\n<p class=\"paragraph\" id=\"paragraph_7\">En\u00a0<strong>Rehabilita<\/strong>, seg\u00fan indicaba en su LinkedIn, llevaba 4 a\u00f1os y cuatro meses desempa\u00f1ando la labor de \u00abayudante de producci\u00f3n\u00bb.<\/p>\n<p class=\"paragraph\" id=\"paragraph_8\">Laura enfoc\u00f3 toda su carrera laboral en la <strong>arquitectura de Madrid.\u00a0<\/strong>En parte, profundiz\u00f3 sus conocimientos en la infraestructura azul de la zona sur de la capital (el conjunto de elementos naturales y sistemas urbanos vinculados al agua, como r\u00edos, lagos, etc. en los barrios de San Ferm\u00edn y Entrev\u00edas); un tema sobre el que realiz\u00f3 el Trabajo Fin de Grado de su carrera universitaria.<\/p>\n<p class=\"paragraph\" id=\"paragraph_9\">En su profundo estudio sobre la arquitectura madrile\u00f1a, la (por aquel entonces) estudiante, analizaba y criticaba las construcciones sobre el <strong>r\u00edo Manzanares.<\/strong> \u00abVimos c\u00f3mo la ciudad de Madrid ha ignorado hist\u00f3ricamente su r\u00edo, y c\u00f3mo seg\u00fan nos alejamos de la zona m\u00e1s c\u00e9ntrica de la ciudad, empiezan a sucederse una serie de elementos muy agresivos tanto con el paisaje como con sus habitantes\u00bb, denunciaba en su TFG.<\/p>\n<p>\u00bfLas causas del derrumbe?<\/p>\n<p class=\"paragraph\" id=\"paragraph_10\">Las causas del derrumbe del edificio todav\u00eda est\u00e1n en fase de investigaci\u00f3n. El alcalde de Madrid, <strong>Jos\u00e9 Luis Mart\u00ednez-Almeida<\/strong>, ha\u00a0transmitido las posibles causas que se est\u00e1n barajando este mi\u00e9rcoles: \u00abTodav\u00eda hay que determinar las causas, pero es obvio que hab\u00eda un material en la sexta planta que pudo influir en el colapso del edificio\u00bb, aseguraba.<\/p>\n<p class=\"paragraph\" id=\"paragraph_11\">De hecho, seg\u00fan\u00a0<strong>Daniel Anka<\/strong>, responsable de la empresa de demolici\u00f3n, Laura se encontraba en la sexta planta. En cambio, los Bomberos de Madrid que trabajaron este martes en el terreno mantienen que la joven hab\u00eda bajado a la primera planta y tuvo la mala suerte de estar en el aseo en el momento del suceso.<\/p>\n","protected":false},"excerpt":{"rendered":"La oficina de la constructora Grupo Rehabilita asegura por tel\u00e9fono estar consternada por el tr\u00e1gico fallecimiento de su&hellip;\n","protected":false},"author":2,"featured_media":163352,"comment_status":"","ping_status":"","sticky":false,"template":"","format":"standard","meta":{"footnotes":""},"categories":[173],"tags":[229,233,231,230,48299,232,234,146,147,25,24,4809,492,23,26875],"class_list":{"0":"post-163351","1":"post","2":"type-post","3":"status-publish","4":"format-standard","5":"has-post-thumbnail","7":"category-arte-y-diseno","8":"tag-arte","9":"tag-arte-y-diseno","10":"tag-arts","11":"tag-arts-and-design","12":"tag-derrumbamiento-de-edificios","13":"tag-design","14":"tag-diseno","15":"tag-entertainment","16":"tag-entretenimiento","17":"tag-es","18":"tag-espana","19":"tag-muertes","20":"tag-sociedad","21":"tag-spain","22":"tag-sucesos-y-acontecimientos"},"share_on_mastodon":{"url":"","error":""},"_links":{"self":[{"href":"https:\/\/www.europesays.com\/es\/wp-json\/wp\/v2\/posts\/163351","targetHints":{"allow":["GET"]}}],"collection":[{"href":"https:\/\/www.europesays.com\/es\/wp-json\/wp\/v2\/posts"}],"about":[{"href":"https:\/\/www.europesays.com\/es\/wp-json\/wp\/v2\/types\/post"}],"author":[{"embeddable":true,"href":"https:\/\/www.europesays.com\/es\/wp-json\/wp\/v2\/users\/2"}],"replies":[{"embeddable":true,"href":"https:\/\/www.europesays.com\/es\/wp-json\/wp\/v2\/comments?post=163351"}],"version-history":[{"count":0,"href":"https:\/\/www.europesays.com\/es\/wp-json\/wp\/v2\/posts\/163351\/revisions"}],"wp:featuredmedia":[{"embeddable":true,"href":"https:\/\/www.europesays.com\/es\/wp-json\/wp\/v2\/media\/163352"}],"wp:attachment":[{"href":"https:\/\/www.europesays.com\/es\/wp-json\/wp\/v2\/media?parent=163351"}],"wp:term":[{"taxonomy":"category","embeddable":true,"href":"https:\/\/www.europesays.com\/es\/wp-json\/wp\/v2\/categories?post=163351"},{"taxonomy":"post_tag","embeddable":true,"href":"https:\/\/www.europesays.com\/es\/wp-json\/wp\/v2\/tags?post=163351"}],"curies":[{"name":"wp","href":"https:\/\/api.w.org\/{rel}","templated":true}]}}