{"id":163355,"date":"2025-10-08T17:39:08","date_gmt":"2025-10-08T17:39:08","guid":{"rendered":"https:\/\/www.europesays.com\/es\/163355\/"},"modified":"2025-10-08T17:39:08","modified_gmt":"2025-10-08T17:39:08","slug":"lady-gaga-esta-lista-para-formar-su-propia-familia","status":"publish","type":"post","link":"https:\/\/www.europesays.com\/es\/163355\/","title":{"rendered":"Lady Gaga est\u00e1 lista para formar su propia familia"},"content":{"rendered":"<p> La llamada \u00abMother Monster\u00bb habl\u00f3 del tema en una reciente entrevista.<\/p>\n<p>La diva estadounidense Lady Gaga quiere ser mam\u00e1. As\u00ed lo revel\u00f3 recientemente en una entrevista con Stephen Colbert para su talk show nocturno (\u2018The Late Show With Stephen Colbert\u2019).<\/p>\n<p>\u201cQuiero hacer muchas cosas, pero lo que de verdad deseo es convertirme en madre; ese ser\u00e1 mi pr\u00f3ximo rol, espero\u201d, respondi\u00f3 Gaga luego de que Colbert le preguntara sobre posibles proyectos venideros que implicaran actuaci\u00f3n.<\/p>\n<p>Como se recordar\u00e1, la estrella pop tiene cr\u00e9ditos en producciones como \u2018La Casa Gucci\u2019, \u201cAmerican Horror Story\u201d, y \u201cGuas\u00f3n 2\u201d.<\/p>\n<p>Dichosa y enamorada<\/p>\n<p>La historia de amor de Lady Gaga y Michael Polansky empez\u00f3 en 2020 y cinco a\u00f1os despu\u00e9s, la llama est\u00e1 m\u00e1s viva que nunca.<\/p>\n<p>\u201cNos conocimos gracias a mi mam\u00e1. \u2018Creo que conoc\u00ed a tu esposo\u2019, me dijo poco antes de present\u00e1rmelo. Me deslumbr\u00f3 desde el primer momento, \u00e9l es mi mejor amigo, es brillante, dulce y lucha por m\u00ed a diario\u201d, fue parte de lo que dijo la tambi\u00e9n conocida por sus fans como \u201cmam\u00e1 monstruo\u201d.<\/p>\n<p>\u201cMe pidi\u00f3 matrimonio despu\u00e9s de que hici\u00e9ramos senderismo\u201d, cont\u00f3 visiblemente feliz la vocalista de \u00e9xitos com \u2018Abracadabra\u2019 o \u2018The Dead Dance\u2019.<\/p>\n<p>Durante la conversaci\u00f3n sali\u00f3 igualmente a colaci\u00f3n que Polansky ha participado en un \u00e1mbito creativo en \u201cMayhem\u201d, su m\u00e1s reciente disco.<\/p>\n<p>Arquitecto de su propio \u00e9xito<\/p>\n<p>En la parte profesional, Lady Gaga se siente orgullosa del camino recorrrido hasta ahora.<\/p>\n<p>\u201cAl principio de mi carrera yo fui muy fuerte, durante mucho tiempo tuve que hacer todo yo misma: componer, grabar y asegurarme de que mi m\u00fasica estuviera all\u00e1 afuera, era lo \u00fanico que hac\u00eda\u2026 La fama era un enorme desaf\u00edo para m\u00ed, pero el m\u00e1s grande era la dualidad entre ser Stefani (Germanotta) y Lady Gaga, e integrar esas dos personalidades psicol\u00f3gicamente, ese ha sido mi trabajo siempre\u201d, relat\u00f3 la int\u00e9rprete.<\/p>\n<p>Para nadie es un secreto que a la diva neoyorquina ha sobrellevado y superado situaciones adversas al ser blanco de pol\u00e9micas, rumores, duras cr\u00edticas y otras circunstancias.<\/p>\n<p>Pero con su irreverencia, perseverancia y gran talento se gan\u00f3 el coraz\u00f3n de millones desde el lanzamiento de su primer disco, \u201cThe Fame\u201d, cuando tan solo ten\u00eda entre 21 y 22 a\u00f1os de edad. En pocas palabras, el trabajo y la dedicaci\u00f3n dieron frutos.<\/p>\n<p>En este sentido, en el primer semestre del 2025 dio una presentaci\u00f3n gratuita y multitudinaria en la playa de Copacabana, R\u00edo de Janeiro, Brasil. La misma pas\u00f3 a la historia del pa\u00eds latinoamericano por ser el concierto de una artista femenina con m\u00e1s p\u00fablico despu\u00e9s de que asistieran m\u00e1s de 2 millones de personas.<\/p>\n<p>\u201cQu\u00e9 momento tan especial fue aquel, nada me pudo preparar para lo que sent\u00ed entonces. Estaba tan nerviosa como la primera vez que me present\u00e9 en mi vida. Cuando sub\u00ed a ese escenario y vi a toda esa gente pens\u00e9 que me iba a desmayar. Me super\u00f3\u201d, confes\u00f3 Gaga.<\/p>\n<p>Ten la informaci\u00f3n al instante en tu celular. \u00danete al\u00a0canal\u00a0de Diario Primicia en WhatsApp a trav\u00e9s del siguiente\u00a0link:\u00a0<a href=\"https:\/\/whatsapp.com\/channel\/0029VagwIcc4o7qP30kE1D0J\" target=\"_blank\" rel=\"noopener noreferrer nofollow\" data-saferedirecturl=\"https:\/\/www.google.com\/url?q=https:\/\/whatsapp.com\/channel\/0029VagwIcc4o7qP30kE1D0J&amp;source=gmail&amp;ust=1759868156959000&amp;usg=AOvVaw32zLgGNiM-R_lC7L4USA3I\">https:\/\/whatsapp.com\/channel\/0029VagwIcc4o7qP30kE1D0J<\/a><\/p>\n<p>Tambi\u00e9n estamos en Telegram como @DiarioPrimicia, \u00fanete aqu\u00ed:\u00a0<a href=\"https:\/\/t.me\/diarioprimicia\" target=\"_blank\" rel=\"noopener noreferrer nofollow\" data-saferedirecturl=\"https:\/\/www.google.com\/url?q=https:\/\/t.me\/diarioprimicia&amp;source=gmail&amp;ust=1759868156959000&amp;usg=AOvVaw1OwLItAbq-LJ4y58SZW7z4\">https:\/\/t.me\/diarioprimicia<\/a><\/p>\n","protected":false},"excerpt":{"rendered":"La llamada \u00abMother Monster\u00bb habl\u00f3 del tema en una reciente entrevista. La diva estadounidense Lady Gaga quiere ser&hellip;\n","protected":false},"author":2,"featured_media":163356,"comment_status":"","ping_status":"","sticky":false,"template":"","format":"standard","meta":{"footnotes":""},"categories":[170],"tags":[6456,4328,146,147,25,24,367,15769,4643,3354,184,185,5977,23],"class_list":{"0":"post-163355","1":"post","2":"type-post","3":"status-publish","4":"format-standard","5":"has-post-thumbnail","7":"category-musica","8":"tag-actriz","9":"tag-cantante","10":"tag-entertainment","11":"tag-entretenimiento","12":"tag-es","13":"tag-espana","14":"tag-familia","15":"tag-farandula","16":"tag-lady-gaga","17":"tag-madre","18":"tag-music","19":"tag-musica","20":"tag-relacion","21":"tag-spain"},"share_on_mastodon":{"url":"","error":""},"_links":{"self":[{"href":"https:\/\/www.europesays.com\/es\/wp-json\/wp\/v2\/posts\/163355","targetHints":{"allow":["GET"]}}],"collection":[{"href":"https:\/\/www.europesays.com\/es\/wp-json\/wp\/v2\/posts"}],"about":[{"href":"https:\/\/www.europesays.com\/es\/wp-json\/wp\/v2\/types\/post"}],"author":[{"embeddable":true,"href":"https:\/\/www.europesays.com\/es\/wp-json\/wp\/v2\/users\/2"}],"replies":[{"embeddable":true,"href":"https:\/\/www.europesays.com\/es\/wp-json\/wp\/v2\/comments?post=163355"}],"version-history":[{"count":0,"href":"https:\/\/www.europesays.com\/es\/wp-json\/wp\/v2\/posts\/163355\/revisions"}],"wp:featuredmedia":[{"embeddable":true,"href":"https:\/\/www.europesays.com\/es\/wp-json\/wp\/v2\/media\/163356"}],"wp:attachment":[{"href":"https:\/\/www.europesays.com\/es\/wp-json\/wp\/v2\/media?parent=163355"}],"wp:term":[{"taxonomy":"category","embeddable":true,"href":"https:\/\/www.europesays.com\/es\/wp-json\/wp\/v2\/categories?post=163355"},{"taxonomy":"post_tag","embeddable":true,"href":"https:\/\/www.europesays.com\/es\/wp-json\/wp\/v2\/tags?post=163355"}],"curies":[{"name":"wp","href":"https:\/\/api.w.org\/{rel}","templated":true}]}}