{"id":163398,"date":"2025-10-08T18:03:09","date_gmt":"2025-10-08T18:03:09","guid":{"rendered":"https:\/\/www.europesays.com\/es\/163398\/"},"modified":"2025-10-08T18:03:09","modified_gmt":"2025-10-08T18:03:09","slug":"critica-de-la-tregua-un-drama-carcelario-que-propone-la-reconciliacion-para-lograr-el-bien-comun","status":"publish","type":"post","link":"https:\/\/www.europesays.com\/es\/163398\/","title":{"rendered":"Cr\u00edtica de La tregua, un drama carcelario que propone la reconciliaci\u00f3n para lograr el bien com\u00fan"},"content":{"rendered":"<p>Cr\u00edtica de La tregua, el drama de Miguel \u00c1ngel Vivas en el que cuenta con Miguel Herr\u00e1n, Ar\u00f3n Piper, Javier Pereira, Fernando Valdivieso o Jos\u00e9 Pastor. Estreno el 10 de octubre.<\/p>\n<p><strong>Miguel Herr\u00e1n <\/strong>y<strong> Ar\u00f3n Piper <\/strong>dando vida a dos hombres encerrados en un gulag ruso en los a\u00f1os 40. Sobre el papel puede parecer descabellado, pero hay que decir que arriesgar, a veces, tiene premio. En <strong>La tregua<\/strong>, el reparto es uno de los puntos fuertes y, sobre todo Herr\u00e1n, tiene mucho que ense\u00f1arle a Piper, que podr\u00eda estar reencauzando su carrera hacia registros mucho m\u00e1s interesantes.<\/p>\n<p>Est\u00e1n muy bien acompa\u00f1ados por una extenso reparto en el que destacan tambi\u00e9n Javier Pereira, Fernando Valdivieso o Jos\u00e9 Pastor, todos ellos muy identificados con sus personajes y poniendo su f\u00edsico a su servicio.<\/p>\n<p>Despu\u00e9s de <a href=\"https:\/\/www.hobbyconsolas.com\/reviews\/critica-asedio-pelicula-densa-problemas-hilar-discursos-1239526\" title=\"Cr\u00edtica de Asedio, una pel\u00edcula densa con problemas para hilar discursos \" rel=\"nofollow noopener\" target=\"_blank\">Asedio<\/a> y Cicatriz, <strong>Miguel \u00c1ngel Vivas<\/strong> ingresa en el drama carcelario con una historia excesiva en duraci\u00f3n y dura en el tono, pero en la cual pone en pie algunas secuencias en verdad emocionantes, una vez que conectas con los personajes.<\/p>\n<p>Las dos Espa\u00f1as en un gulag<\/p>\n<p><strong>La tregua<\/strong> nos desplaza a los tiempos de la Segunda Guerra Mundial para narrar la historia de un grupo de presos espa\u00f1oles. La g\u00e9lida estepa de Kazajist\u00e1n alberg\u00f3 en su d\u00eda <strong>Spassk99<\/strong>, un gulag sovi\u00e9tico donde la URSS hacinaba a los que consideraba \u00abenemigos del pueblo\u00bb.<\/p>\n<p>Entre ellos se encontraban miembros de los dos bandos de espa\u00f1oles: soldados republicanos formados por la propia URSS, que fueron condenados al querer salir de Rusia cuando acab\u00f3 la guerra en Espa\u00f1a y voluntarios de la Divisi\u00f3n Azul, capturados tras luchar junto a los nazis en Leningrado.<\/p>\n<p>\u00a0<\/p>\n<p>A pesar de ser enemigos naturales con sus propios c\u00f3digos ideol\u00f3gicos y se\u00f1as de identidad, se van a ver obligados a dejar a un lado sus diferencias y abrazar lo que les une para buscar algo de luz a su situaci\u00f3n, ya sea explotando sus talentos naturales para el dibujo o la m\u00fasica para sobrevivir en un clima de hostilidad como para tratar de huir, recuperando su libertad.<\/p>\n<p>A nivel t\u00e9cnico hay poco que reprocharle a la pel\u00edcula, que adopta una fotograf\u00eda oscura acorde con la narraci\u00f3n y no escatima en medios para mostrar la escala de la tragedia colectiva. Todos los apartados son solventes y est\u00e1n a la altura de las circunstancias.<\/p>\n<p>Cuenta con un <strong>ambicioso dise\u00f1o de producci\u00f3n que abunda en las condiciones en las que viven los presos<\/strong> y establece numerosos paralelismos con los campos de concentraci\u00f3n nazis: son despojados de todo, desparasitados, mal abrigados y est\u00e1n obligados a trabajar pasando hambre y fr\u00edo, con escasas posibilidades de salir adelante a medio plazo.\u00a0<\/p>\n<p>Pero lo interesante de<strong> La tregua <\/strong>no es tanto lo que les pasa a los personajes de manera individual en su diatriba sino que sean capaces de darse cuenta de que ganan m\u00e1s juntos que por separado. Es todo un manifiesto de lo que deber\u00eda ser la pol\u00edtica y por tanto una manera de colocar un espejo frente a nuestra sociedad, tan polarizada hoy como la de mediados del siglo pasado.<\/p>\n<p><img alt=\"La tregua - Galer\u00eda de im\u00e1genes\" loading=\"lazy\" width=\"1920\" height=\"1080\" decoding=\"async\" data-nimg=\"1\" style=\"color:transparent\"  src=\"https:\/\/www.europesays.com\/es\/wp-content\/uploads\/2025\/10\/tregua-galeria-imagenes-4368521.jpg\"\/><\/p>\n<p>La reflexi\u00f3n es m\u00e1s que oportuna, pertinente y necesaria, por m\u00e1s que tambi\u00e9n tenga un punto de dolorosa y se ve favorecida por el vistoso envoltorio pero a la trama le cuesta lo suyo centrarse y crecer. Es tal el af\u00e1n de alcanzar una verosimilitud \u00f3ptima que el primer tercio de la historia se alarga demasiado con muchos di\u00e1logos y trabajo de construcci\u00f3n de atm\u00f3sfera.<\/p>\n<p>Hablamos de una pel\u00edcula descompensada en lo que se refiere al ritmo con un arranque muy lento y tedioso que tarda mucho tiempo en presentar a su extensa galer\u00eda de personajes y sus conflictos ideol\u00f3gicos. Lo hace, eso s\u00ed, de formas variadas, a trav\u00e9s incluso de una banda sonora que recoge sus himnos y de sus muchas peleas por cuestiones del d\u00eda a d\u00eda.<\/p>\n<p>A eso hay que unir el hecho de que los problemas de vocalizaci\u00f3n de algunos actores hagan francamente dif\u00edcil comprender ciertos di\u00e1logos, que hay que interpretar de forma libre a veces.<\/p>\n<p>\u00bfLo bueno? Que llegar hasta el final, merece mucho la pena porque<strong> <\/strong><strong>La tregua<\/strong><strong> consigue abrirse paso a trav\u00e9s de las dificultades para ser una cinta muy emocionante<\/strong>, a\u00fan habiendo desperdiciado la oportunidad de sorprender a la audiencia. Es f\u00e1cil predecir lo que va a pasar y, sin embargo, funciona as\u00ed que el gui\u00f3n tiene sus pros y sus contras pero deja buen sabor de boca.<\/p>\n<p>VALORACI\u00d3N: A la nueva pel\u00edcula de Miguel \u00c1ngel Vivas le cuesta bastante arrancar y se ve perjudicada por su duraci\u00f3n. Cuando sale de su ensimismamiento en su tercer acto empieza a ser m\u00e1s interesante, aunque no le queden ya recursos para sorprender.LO MEJOR: La pel\u00edcula tiene muy buenas intenciones y los mensajes que enhebra son bonitos, abri\u00e9ndose paso en un entorno muy hostil.LO PEOR: \u00a1La dicci\u00f3n de algunos actores! Es una pel\u00edcula muy larga y predecible en la que no hay factor sorpresa. Pasa justo lo que te imaginas.<\/p>\n","protected":false},"excerpt":{"rendered":"Cr\u00edtica de La tregua, el drama de Miguel \u00c1ngel Vivas en el que cuenta con Miguel Herr\u00e1n, Ar\u00f3n&hellip;\n","protected":false},"author":2,"featured_media":163399,"comment_status":"","ping_status":"","sticky":false,"template":"","format":"standard","meta":{"footnotes":""},"categories":[169],"tags":[177,146,147,25,24,176,175,23],"class_list":{"0":"post-163398","1":"post","2":"type-post","3":"status-publish","4":"format-standard","5":"has-post-thumbnail","7":"category-cine","8":"tag-cine","9":"tag-entertainment","10":"tag-entretenimiento","11":"tag-es","12":"tag-espana","13":"tag-film","14":"tag-movies","15":"tag-spain"},"share_on_mastodon":{"url":"","error":""},"_links":{"self":[{"href":"https:\/\/www.europesays.com\/es\/wp-json\/wp\/v2\/posts\/163398","targetHints":{"allow":["GET"]}}],"collection":[{"href":"https:\/\/www.europesays.com\/es\/wp-json\/wp\/v2\/posts"}],"about":[{"href":"https:\/\/www.europesays.com\/es\/wp-json\/wp\/v2\/types\/post"}],"author":[{"embeddable":true,"href":"https:\/\/www.europesays.com\/es\/wp-json\/wp\/v2\/users\/2"}],"replies":[{"embeddable":true,"href":"https:\/\/www.europesays.com\/es\/wp-json\/wp\/v2\/comments?post=163398"}],"version-history":[{"count":0,"href":"https:\/\/www.europesays.com\/es\/wp-json\/wp\/v2\/posts\/163398\/revisions"}],"wp:featuredmedia":[{"embeddable":true,"href":"https:\/\/www.europesays.com\/es\/wp-json\/wp\/v2\/media\/163399"}],"wp:attachment":[{"href":"https:\/\/www.europesays.com\/es\/wp-json\/wp\/v2\/media?parent=163398"}],"wp:term":[{"taxonomy":"category","embeddable":true,"href":"https:\/\/www.europesays.com\/es\/wp-json\/wp\/v2\/categories?post=163398"},{"taxonomy":"post_tag","embeddable":true,"href":"https:\/\/www.europesays.com\/es\/wp-json\/wp\/v2\/tags?post=163398"}],"curies":[{"name":"wp","href":"https:\/\/api.w.org\/{rel}","templated":true}]}}