{"id":163404,"date":"2025-10-08T18:06:09","date_gmt":"2025-10-08T18:06:09","guid":{"rendered":"https:\/\/www.europesays.com\/es\/163404\/"},"modified":"2025-10-08T18:06:09","modified_gmt":"2025-10-08T18:06:09","slug":"ha-captado-su-alma-mas-intima","status":"publish","type":"post","link":"https:\/\/www.europesays.com\/es\/163404\/","title":{"rendered":"\u201cHa captado su alma m\u00e1s \u00edntima\u201d"},"content":{"rendered":"<p id=\"eAn5-sB0QL\" data-wc=\"78\">Madrid vivi\u00f3 una noche cargada de emoci\u00f3n y rock. Este martes 7 de octubre, <strong>Manel Fuentes &amp; The Springs Team Band<\/strong> ofrecieron un <strong>espectacular concierto en la plaza de Callao<\/strong>, horas antes de la premi\u00e8re de <a class=\"hm-link ho-link\" href=\"https:\/\/www.hola.com\/actualidad\/20241017724766\/bruce-springsteen-cuida-patti-scialfa-salud\/\" data-mrf-recirculation=\"article-body-link\" rel=\"nofollow noopener\" target=\"_blank\">Deliver Me from Nowhere,<\/a> la esperada pel\u00edcula de <strong>20th Century Studios<\/strong> inspirada en el m\u00edtico \u00e1lbum Nebraska de <strong>Bruce Springsteen<\/strong>. Entre aplausos y guitarras, Manel volvi\u00f3 a demostrar por qu\u00e9 es uno de los grandes int\u00e9rpretes del universo Springsteen en nuestro pa\u00eds.<\/p>\n<p id=\"e0TJylQepIF\" data-wc=\"86\">Desde los primeros acordes, el p\u00fablico se entreg\u00f3 por completo. Las pantallas gigantes, las luces del centro madrile\u00f1o y l<strong>a energ\u00eda de la banda convirtieron la plaza en un aut\u00e9ntico homenaje al esp\u00edritu del Boss<\/strong>. Manel, con su carisma habitual y una voz llena de fuerza y emoci\u00f3n, interpret\u00f3 algunos de los <a class=\"hm-link ho-link\" href=\"https:\/\/www.hola.com\/actualidad\/20240203248661\/bruce-springsteen-carta-despedida-madre-que-ha-muerto-a-los-98-anos-gt\/\" data-mrf-recirculation=\"article-body-link\" rel=\"nofollow noopener\" target=\"_blank\">temas m\u00e1s emblem\u00e1ticos de Springsteen<\/a>, logrando que cada rinc\u00f3n de Callao vibrara al un\u00edsono. El p\u00fablico core\u00f3 cada tema y acompa\u00f1\u00f3 al artista en un aut\u00e9ntico homenaje a la m\u00fasica que m\u00e1s le emociona.<\/p>\n<p> <img src=\"https:\/\/www.europesays.com\/es\/wp-content\/uploads\/2025\/10\/15b6c002b4bd-img6522-1.jpg\"   width=\"1080\" height=\"1080\" loading=\"lazy\" decoding=\"async\" alt=\"Manel Fuentes durante su actuaci\u00f3n \" fetchpriority=\"auto\" class=\"image ho-image\"\/>\u00a9 @20THCENTURYES<\/p>\n<p> <img src=\"https:\/\/www.europesays.com\/es\/wp-content\/uploads\/2025\/10\/fad2f4a90b9c-img6521.jpg\"   width=\"1024\" height=\"575\" loading=\"lazy\" decoding=\"async\" alt=\"Sobre estas l\u00edneas, Manel Fuentes &amp; The Springs Team Band durante su actuaci\u00f3n \" fetchpriority=\"auto\" class=\"image ho-image\"\/>\u00a9 @20THCENTURYESSobre estas l\u00edneas, Manel Fuentes &amp; The Springs Team Band durante su actuaci\u00f3n <\/p>\n<p id=\"ekp0qfOwOHI\" data-wc=\"43\">\u201cFue un momento m\u00e1gico\u201d, confesaban algunos asistentes al finalizar el concierto. Y es que Manel Fuentes volvi\u00f3 a demostrar <strong>por qu\u00e9 es mucho m\u00e1s que un admirador<\/strong> del artista de Nueva Jersey: <strong>es un int\u00e9rprete que vive y transmite su legado con autenticidad.<\/strong><\/p>\n<p>Su reflexi\u00f3n sobre la pel\u00edcula<\/p>\n<p id=\"euk0jm_B-CZ\" data-wc=\"25\">Tras el concierto, el presentador y m\u00fasico habl\u00f3 sobre su <strong>fascinaci\u00f3n por la pel\u00edcula protagonizada por Jeremy Allen White<\/strong>, el aclamado actor de The Bear:<\/p>\n<p id=\"eAD774u7rBE\" data-wc=\"93\"><strong>\u201cEstoy realmente fascinado con la pel\u00edcula<\/strong> porque creo que tanto la sensibilidad musical del director, Scott Cooper \u2014que ya demostr\u00f3 en Crazy Heart\u2014, como la sensibilidad que tiene Jeremy Allen White al tratar a sus personajes, con esa complejidad psicol\u00f3gica y ese punto de tortura interior, le vienen muy bien a este papel\u201d, nos contaba el periodista. <strong>\u201cHabla de un Springsteen m\u00e1s \u00edntimo, de c\u00f3mo a trav\u00e9s de la m\u00fasica y del arte intenta curarse a s\u00ed mismo y curar a todo aquel que pueda sentir un poquito lo mismo\u201d<\/strong>, explicaba con admiraci\u00f3n.<\/p>\n<blockquote class=\"ho-bl-1081603 -no-figcaption\" cite=\"\">\n<p id=\"eCz8OLOEpMz\">\u201cEstoy realmente fascinado con la pel\u00edcula\u201d, confes\u00f3. \u201cScott Cooper tiene una sensibilidad musical especial \u2014ya lo demostr\u00f3 en Crazy Heart\u2014, y Jeremy Allen White aporta una profundidad emocional impresionante\u00bb, reconoce el presentador<\/p>\n<\/blockquote>\n<p> <img src=\"https:\/\/www.europesays.com\/es\/wp-content\/uploads\/2025\/10\/fe92238d4cec-u592665086.jpg\"   width=\"682\" height=\"1024\" loading=\"lazy\" decoding=\"async\" alt=\"Sobre estas l\u00edneas, Jeremy Allen y Scott Cooper en el photocall de 'Springsteen: Deliver me from nowhere' \" fetchpriority=\"auto\" class=\"image ho-image\"\/>\u00a9 GTRESSobre estas l\u00edneas, Jeremy Allen y Scott Cooper en el photocall de &#8216;Springsteen: Deliver me from nowhere&#8217;<br \/>\nUn artista \u00fanico<\/p>\n<p id=\"ew-p_Hct8Gg\" data-wc=\"45\">Para Manel, que lleva a\u00f1os rindiendo homenaje a Bruce Springsteen sobre los escenarios con <strong>Manel Fuentes &amp; The Springs Team Band<\/strong> y con su espect\u00e1culo teatral <strong>\u00bfPor qu\u00e9 le llaman \u201cThe Boss\u201d?<\/strong>, la pel\u00edcula es una oportunidad para redescubrir la humanidad de un artista \u00fanico.<\/p>\n<p id=\"e155M4UgxEs\" data-wc=\"38\"><strong>\u201cLos fans de Bruce van a ahondar en aspectos poco comentados de su biograf\u00eda, y los que no lo sean van a tener una puerta de entrada a su universo. Van a disfrutar de un gran espect\u00e1culo\u201d<\/strong>, aseguraba.<\/p>\n<p id=\"eM9BYc4EVUs\" data-wc=\"42\">Con la emoci\u00f3n a\u00fan viva tras su actuaci\u00f3n en Callao, <strong>Manel Fuentes y su banda<\/strong> celebran el estreno de una pel\u00edcula que, como ellos, <a class=\"hm-link ho-link\" href=\"https:\/\/www.hola.com\/actualidad\/20240612255427\/bruce-springsteen-familia-conciertos-en-madrid\/\" data-mrf-recirculation=\"article-body-link\" rel=\"nofollow noopener\" target=\"_blank\">reivindica la fuerza sanadora de la m\u00fasica<\/a> y la autenticidad de quienes viven el arte desde el alma.<\/p>\n<p> <img src=\"https:\/\/www.europesays.com\/es\/wp-content\/uploads\/2025\/10\/ed40432e0394-img6523-copia.jpg\"   width=\"1024\" height=\"672\" loading=\"lazy\" decoding=\"async\" alt=\"Manel Fuentes durante su actuaci\u00f3n en Callao\" fetchpriority=\"auto\" class=\"image ho-image\"\/>\u00a9 @20THCENTURYES<\/p>\n","protected":false},"excerpt":{"rendered":"Madrid vivi\u00f3 una noche cargada de emoci\u00f3n y rock. Este martes 7 de octubre, Manel Fuentes &amp; The&hellip;\n","protected":false},"author":2,"featured_media":163405,"comment_status":"","ping_status":"","sticky":false,"template":"","format":"standard","meta":{"footnotes":""},"categories":[91],"tags":[517,22714,146,147,25,24,43499,48310,23],"class_list":{"0":"post-163404","1":"post","2":"type-post","3":"status-publish","4":"format-standard","5":"has-post-thumbnail","7":"category-entretenimiento","8":"tag-actualidad","9":"tag-bruce-springsteen","10":"tag-entertainment","11":"tag-entretenimiento","12":"tag-es","13":"tag-espana","14":"tag-jeremy-allen-white","15":"tag-manel-fuentes","16":"tag-spain"},"share_on_mastodon":{"url":"","error":""},"_links":{"self":[{"href":"https:\/\/www.europesays.com\/es\/wp-json\/wp\/v2\/posts\/163404","targetHints":{"allow":["GET"]}}],"collection":[{"href":"https:\/\/www.europesays.com\/es\/wp-json\/wp\/v2\/posts"}],"about":[{"href":"https:\/\/www.europesays.com\/es\/wp-json\/wp\/v2\/types\/post"}],"author":[{"embeddable":true,"href":"https:\/\/www.europesays.com\/es\/wp-json\/wp\/v2\/users\/2"}],"replies":[{"embeddable":true,"href":"https:\/\/www.europesays.com\/es\/wp-json\/wp\/v2\/comments?post=163404"}],"version-history":[{"count":0,"href":"https:\/\/www.europesays.com\/es\/wp-json\/wp\/v2\/posts\/163404\/revisions"}],"wp:featuredmedia":[{"embeddable":true,"href":"https:\/\/www.europesays.com\/es\/wp-json\/wp\/v2\/media\/163405"}],"wp:attachment":[{"href":"https:\/\/www.europesays.com\/es\/wp-json\/wp\/v2\/media?parent=163404"}],"wp:term":[{"taxonomy":"category","embeddable":true,"href":"https:\/\/www.europesays.com\/es\/wp-json\/wp\/v2\/categories?post=163404"},{"taxonomy":"post_tag","embeddable":true,"href":"https:\/\/www.europesays.com\/es\/wp-json\/wp\/v2\/tags?post=163404"}],"curies":[{"name":"wp","href":"https:\/\/api.w.org\/{rel}","templated":true}]}}