{"id":163410,"date":"2025-10-08T18:09:08","date_gmt":"2025-10-08T18:09:08","guid":{"rendered":"https:\/\/www.europesays.com\/es\/163410\/"},"modified":"2025-10-08T18:09:08","modified_gmt":"2025-10-08T18:09:08","slug":"la-justicia-argentina-condena-a-10-anos-de-carcel-a-sabag-montiel-por-el-intento-de-asesinato-de-cristina-kirchner","status":"publish","type":"post","link":"https:\/\/www.europesays.com\/es\/163410\/","title":{"rendered":"La justicia argentina condena a 10 a\u00f1os de c\u00e1rcel a Sabag Montiel por el intento de asesinato de Cristina Kirchner"},"content":{"rendered":"<p class=\"\">El 1 de septiembre de 2022, <a href=\"https:\/\/elpais.com\/argentina\/2022-09-02\/detenido-un-hombre-por-apuntar-con-un-arma-a-la-cabeza-de-cristina-fernandez-de-kirchner.html\" target=\"_blank\" rel=\"noreferrer nofollow noopener\" title=\"https:\/\/elpais.com\/argentina\/2022-09-02\/detenido-un-hombre-por-apuntar-con-un-arma-a-la-cabeza-de-cristina-fernandez-de-kirchner.html\">un hombre gatill\u00f3 una pistola a cent\u00edmetros de la cabeza de la expresidenta Cristina Kirchner<\/a>. La bala no sali\u00f3 y Kirchner result\u00f3 ilesa, sin enterarse en ese momento de que acababa de ser v\u00edctima de un atentado fallido. Pero el ataque qued\u00f3 grabado y el v\u00eddeo se viraliz\u00f3 con rapidez, <a href=\"https:\/\/elpais.com\/argentina\/2022-09-03\/el-dia-en-el-que-intentaron-asesinar-a-cristina-kirchner.html\" target=\"_blank\" rel=\"noreferrer nofollow noopener\" title=\"https:\/\/elpais.com\/argentina\/2022-09-03\/el-dia-en-el-que-intentaron-asesinar-a-cristina-kirchner.html\">reproduci\u00e9ndose sin cesar en tel\u00e9fonos y televisores de un pa\u00eds en shock<\/a>. Tres a\u00f1os despu\u00e9s, el Tribunal Oral Federal 6 de Buenos Aires conden\u00f3 al atacante, Fernando Sabag Montiel, a 10 a\u00f1os de c\u00e1rcel por intentar asesinar a Kirchner. Su exnovia, Brenda Uliarte, recibi\u00f3 una pena de ocho a\u00f1os por ser \u201cpart\u00edcipe necesaria\u201d. <\/p>\n<p class=\"\">El tribunal consider\u00f3 probada la culpabilidad de ambos y unific\u00f3 las penas de Sabag Montiel, que deber\u00e1 cumplir un total de 14 a\u00f1os de prisi\u00f3n por la condena previa que ten\u00eda de cuatro a\u00f1os de c\u00e1rcel por venta de v\u00eddeos de pornograf\u00eda infantil. <\/p>\n<p class=\"\">El intento de magnicidio se produjo frente a decenas de simpatizantes de la expresidenta que se reun\u00edan a diario frente a su vivienda en Recoleta, un barrio acomodado de la capital argentina. Se concentraban all\u00ed para solidarizarse con ella en la recta final de <a href=\"https:\/\/elpais.com\/argentina\/2025-06-10\/la-corte-suprema-argentina-confirma-la-condena-a-seis-anos-de-carcel-contra-cristina-kirchner-por-corrupcion.html\" target=\"_blank\" rel=\"noreferrer nofollow noopener\" title=\"https:\/\/elpais.com\/argentina\/2025-06-10\/la-corte-suprema-argentina-confirma-la-condena-a-seis-anos-de-carcel-contra-cristina-kirchner-por-corrupcion.html\">un juicio por corrupci\u00f3n por el que finalmente fue condenada<\/a>. Sabag Montiel, armado con una pistola Bersa, se camufl\u00f3 entre quienes le ped\u00edan selfies y aut\u00f3grafos de su libro Sinceramente hasta tenerla enfrente y gatillar el arma contra ella. La bala no sali\u00f3 porque no estaba en la rec\u00e1mara. <\/p>\n<p class=\"\">Los militantes detuvieron a Sabag Montiel y lo entregaron a la polic\u00eda. Las televisiones que registraron en vivo el ataque fallido mostraron tambi\u00e9n despu\u00e9s c\u00f3mo Brenda Uliarte se alejaba del lugar con disimulo. <\/p>\n<p class=\"\">El autor material del ataque confes\u00f3 ante el tribunal que su intenci\u00f3n era matar a la expresidenta. \u201cPorque es corrupta, roba y hace da\u00f1o a la sociedad\u201d, justific\u00f3 en junio. Su discurso fue el mismo desde el primer momento. \u201cYo la quer\u00eda matar\u201d, dijo en su declaraci\u00f3n previa al juicio. Entre los motivos que enumer\u00f3 en ese momento para querer poner fin a su vida estaba haberse sentido \u201chumillado por pasar de ser una persona que ten\u00eda un buen pasar econ\u00f3mico a ser un vendedor de copitos\u201d de az\u00facar en la calle. <\/p>\n<p class=\"\">Ese empleo de vendedor ambulante, que compart\u00eda con Uliarte bajo las \u00f3rdenes de Nicol\u00e1s Carrizo, hizo que los acusados se conociesen como <a href=\"https:\/\/elpais.com\/argentina\/2022-09-23\/de-vender-algodones-de-azucar-a-preparar-un-magnicidio-asi-son-los-copitos-la-banda-que-atento-contra-kirchner.html\" target=\"_blank\" rel=\"noreferrer nofollow noopener\" title=\"https:\/\/elpais.com\/argentina\/2022-09-23\/de-vender-algodones-de-azucar-a-preparar-un-magnicidio-asi-son-los-copitos-la-banda-que-atento-contra-kirchner.html\">\u201cla banda de los copitos\u201d<\/a>. <\/p>\n<p class=\"\">Los chats encontrados en sus tel\u00e9fonos revelaron que no fue un ataque improvisado, sino planificado con un par de meses de anticipaci\u00f3n. \u201cVoy a ir a la casa de Cristina y le voy a pegar un corchazo (un tiro). Si no soy yo ser\u00e1 otro enfermito\u201d, le dijo Montiel a su novia en un mensaje por WhatsApp. Ella no se qued\u00f3 atr\u00e1s. \u201cHoy me convierto en San Martin, voy a mandar a matar a Cristina. Mand\u00e9 un tipo a matar a Cristina, no le pagu\u00e9, \u00e9l tambi\u00e9n est\u00e1 recaliente con ella\u201d, le escribi\u00f3 a una amiga, en alusi\u00f3n a su novio. <\/p>\n<p class=\"\">El juicio comenz\u00f3 en junio de 2024 y declararon 157 testigos frente al tribunal integrado por los jueces Sabrina Namer, Adri\u00e1n Gr\u00fcnberg e Ignacio Fornari. Por unanimidad, decidieron absolver a Carrizo despu\u00e9s de que tanto la Fiscal\u00eda como la querella hubiesen retirado la acusaci\u00f3n que pesaba contra \u00e9l. En sus palabras finales, pronunciadas horas antes del veredicto, Carrizo lament\u00f3 haber pasado tres a\u00f1os en prisi\u00f3n preventiva. \u201cNadie me los va a devolver\u201d, lament\u00f3.<\/p>\n<p class=\"\">Este mi\u00e9rcoles, al hacer uso de sus \u00faltimas palabras, Sabag Montiel se\u00f1al\u00f3 que \u201ctoda la causa estuvo armada\u201d y la compar\u00f3 de forma confusa con la de la muerte del fiscal Alberto Nisman. Uliarte rechaz\u00f3 hacer uso de ese derecho.<\/p>\n<p class=\"\">Los abogados de Kirchner intentaron sin \u00e9xito que el juicio se avanzase tambi\u00e9n en la identificaci\u00f3n de los presuntos autores intelectuales del magnicidio fallido. \u201cLo que ha quedado afuera tiene que ver con distintas pruebas que fueron surgiendo a lo largo de estos casi dos a\u00f1os que podr\u00edan vincular a personas del \u00e1mbito pol\u00edtico. <\/p>\n<p class=\"\">El primer d\u00eda de investigaci\u00f3n se borr\u00f3 el tel\u00e9fono del principal imputado en circunstancias que se desconocen. \u201cHoy tenemos a tres personas que estuvieron visiblemente involucradas, pero no al contexto general\u201d, declar\u00f3 al inicio del juicio el abogado querellante Marcos Aldazabal. <\/p>\n<p class=\"\">En agosto del a\u00f1o pasado, cuando Kirchner declar\u00f3 ante el tribunal como v\u00edctima, se quej\u00f3 de que la investigaci\u00f3n se haya concentrado en los autores materiales del atentado y no incluya a \u201clos intelectuales y financiadores\u201d. La expresidenta sostiene que no actuaron por iniciativa propia, sino que hubo detr\u00e1s de ellos una \u201cpata pol\u00edtica\u201d sobre la que la justicia no encontr\u00f3 por ahora evidencias.<\/p>\n","protected":false},"excerpt":{"rendered":"El 1 de septiembre de 2022, un hombre gatill\u00f3 una pistola a cent\u00edmetros de la cabeza de la&hellip;\n","protected":false},"author":2,"featured_media":163411,"comment_status":"","ping_status":"","sticky":false,"template":"","format":"standard","meta":{"footnotes":""},"categories":[42],"tags":[889,283,19455,17,18,29954,13,14,11,61,62,63,64,36284,12866,19,20,1804,9,10,15,16,12867,12,21,22,65,66,67],"class_list":{"0":"post-163410","1":"post","2":"type-post","3":"status-publish","4":"format-standard","5":"has-post-thumbnail","7":"category-internacional","8":"tag-america","9":"tag-argentina","10":"tag-atentados-politicos","11":"tag-breaking-news","12":"tag-breakingnews","13":"tag-cristina-fernandez-de-kirchner","14":"tag-featured-news","15":"tag-featurednews","16":"tag-headlines","17":"tag-internacional","18":"tag-international","19":"tag-international-news","20":"tag-internationalnews","21":"tag-juicio-oral","22":"tag-kirchnerismo","23":"tag-latest-news","24":"tag-latestnews","25":"tag-latinoamerica","26":"tag-news","27":"tag-noticias","28":"tag-noticias-destacadas","29":"tag-noticiasdestacadas","30":"tag-peronismo","31":"tag-titulares","32":"tag-ultimas-noticias","33":"tag-ultimasnoticias","34":"tag-world","35":"tag-world-news","36":"tag-worldnews"},"share_on_mastodon":{"url":"","error":""},"_links":{"self":[{"href":"https:\/\/www.europesays.com\/es\/wp-json\/wp\/v2\/posts\/163410","targetHints":{"allow":["GET"]}}],"collection":[{"href":"https:\/\/www.europesays.com\/es\/wp-json\/wp\/v2\/posts"}],"about":[{"href":"https:\/\/www.europesays.com\/es\/wp-json\/wp\/v2\/types\/post"}],"author":[{"embeddable":true,"href":"https:\/\/www.europesays.com\/es\/wp-json\/wp\/v2\/users\/2"}],"replies":[{"embeddable":true,"href":"https:\/\/www.europesays.com\/es\/wp-json\/wp\/v2\/comments?post=163410"}],"version-history":[{"count":0,"href":"https:\/\/www.europesays.com\/es\/wp-json\/wp\/v2\/posts\/163410\/revisions"}],"wp:featuredmedia":[{"embeddable":true,"href":"https:\/\/www.europesays.com\/es\/wp-json\/wp\/v2\/media\/163411"}],"wp:attachment":[{"href":"https:\/\/www.europesays.com\/es\/wp-json\/wp\/v2\/media?parent=163410"}],"wp:term":[{"taxonomy":"category","embeddable":true,"href":"https:\/\/www.europesays.com\/es\/wp-json\/wp\/v2\/categories?post=163410"},{"taxonomy":"post_tag","embeddable":true,"href":"https:\/\/www.europesays.com\/es\/wp-json\/wp\/v2\/tags?post=163410"}],"curies":[{"name":"wp","href":"https:\/\/api.w.org\/{rel}","templated":true}]}}