{"id":163412,"date":"2025-10-08T18:10:09","date_gmt":"2025-10-08T18:10:09","guid":{"rendered":"https:\/\/www.europesays.com\/es\/163412\/"},"modified":"2025-10-08T18:10:09","modified_gmt":"2025-10-08T18:10:09","slug":"el-gobierno-logra-in-extremis-la-aprobacion-de-la-ley-de-movilidad-con-un-acuerdo-sobre-el-prat-para-contentar-a-podemos-el-mundo","status":"publish","type":"post","link":"https:\/\/www.europesays.com\/es\/163412\/","title":{"rendered":"El Gobierno logra in extremis la aprobaci\u00f3n de la Ley de Movilidad con un acuerdo sobre El Prat para contentar a Podemos &#8211; El Mundo"},"content":{"rendered":"<ol>\n<li><a href=\"https:\/\/news.google.com\/rss\/articles\/CBMiekFVX3lxTE54SGRDVkRWRjdKVy02V1dQSmZaZlJ0YlBLU1BoUmF1WHFtNlZQSGlGR1lYeDJBNHB1TGFwcXBwWVNSR1VIeWg2aFpORGNIT2x6SXhid084aXk3a2UwZFhHMmNrT19HTWNCak04eGUwQWgwaDRRbjNQWmdR0gF6QVVfeXFMUFRnTGFRLWFqUkl5UkJsRXJrSkVKclk3VHl6Vzd5UmRKUjdlYnkwRGRhLWlfZU1FTHQzZ0dBUUR4OEtCUWZxbldhRnFBWnFiOWtpREVraGlXZ1psa3BKekRaSzBoVG1IZm9zeUJmR1ZvOEhmc2lGNTJQd0E?oc=5\" target=\"_blank\" rel=\"nofollow noopener\">El Gobierno logra in extremis la aprobaci\u00f3n de la Ley de Movilidad con un acuerdo sobre El Prat para contentar a Podemos<\/a>&nbsp;&nbsp;El Mundo<\/li>\n<li><a href=\"https:\/\/news.google.com\/rss\/articles\/CBMilgFBVV95cUxNM0tNQ3NLQ0Q1WWVlWkpOdHViOEtwVDJlNHRneXZGMDNjNWZ2bUNSZHBHQVZqTWpaakc3WmhzdmZmb1VBTk1YbVRKYkFOeFc0dUlSY2xoZ0dST1lxamFaQjYxM0dzOHh2M2liVUhYWWlLMzEwaHppSUJPVU1qbXpLbm5PMzV2b2ZpLUVuMkxTMEpqd1V5OHc?oc=5\" target=\"_blank\" rel=\"nofollow noopener\">Veto a los vuelos cortos, autob\u00fas con menos paradas e impulso del coche el\u00e9ctrico: claves de la nueva ley de movilidad<\/a>&nbsp;&nbsp;ABC<\/li>\n<li><a href=\"https:\/\/news.google.com\/rss\/articles\/CBMimgJBVV95cUxNdG0wR2dPaU9sRDhWNmpvRHFxOFc4M0QxUEdPQm1sbEZBRS00X1l4UU9mRl9nYW5zd29wdmw5Z2hkU2ltOVZqc1BySzNVelJJLTR3eDFwZm4tMWhsUVpCWXhBRmZrTUhPdmRQdXlqeXlwNGZEZGJ4YTJmUlp2Tjc3LTBCenBDSHgxRDJpaHhNM09GUEVGbVhmbHpySXZRUnB2OF9sMG9PUXB3bG5qWF9jVlVaeTJOdklYUERITU0yM216eEFRZ29JV2hyM1UySVBYRm1UWmFaOS1xbUFhdnhud1hpaGd5WUthekhHQ1JFOWFtTnVOd1ZUQkpOUWpNTHdzcHhteVF4UlpQd085MWh5V3djQTFZbVRnNGfSAZoCQVVfeXFMT3B6VDR5UDY0ZmRLQTZQR3FUR0VzcjZnXzNlMkJQRkVaTGF5Tlo2Rm1ObjJWOVBvVXFVRnFjOUpxVTZRbHdKWGRDTWpzaTVwclYtbGtXNk5RNkNtSk5LVnVPSmVrUEtEN094akJTYkhoVU9ReExQQXAzTWpGR05UV2MtdGVJd08zQmF4VUpmVm12V2ZlUDBPUEpkWnVvRFlNdGRNa2RMbU5vLVgxVFMtWms2c0ktMGUxU1F3UThDQlFPVUFHbDBLSDJISjBDdkd2YUtrYnBJcW1GT2tiajROR2NqSmRDNEpCR2N1WG8yQjVzbWstdnZyWjZ3WXZ1RldVNDNFLXlBVnFLZXBDUnBPWGFyUm1wbEFVWXZR?oc=5\" target=\"_blank\" rel=\"nofollow noopener\">\u00daltima hora pol\u00edtica, en directo | S\u00e1nchez salva in extremis dos votaciones clave tras horas de negociaciones<\/a>&nbsp;&nbsp;LaSexta<\/li>\n<li><a href=\"https:\/\/news.google.com\/rss\/articles\/CBMiuwFBVV95cUxQa0FuUDY5Q2lxQk9Wck4xNndzVUNqLXhCekVfemNiLWZpRXpsczBOVnlfWkFtdXhKRXA5WkwyLTZSUEgxOV9sVHhrSXBzMkhIOGdaLWo4cWJxbXlkNC15RWtZcHE4aVBFLXVQNzFOYmJpbGJRX0Ixa3hMQW5WNFFLM0VVaDFIZGoyX2hkRzhsYVZRYmdDNjg5NTJxWUpsa2xiQnFyZVFrdUFxcmZXNURCTHZ5STFtQ3RGMnRZ?oc=5\" target=\"_blank\" rel=\"nofollow noopener\">El Congreso aprueba la ley de movilidad sostenible tras un acuerdo in extremis del Gobierno con Podemos<\/a>&nbsp;&nbsp;elDiario.es<\/li>\n<li><a href=\"https:\/\/news.google.com\/rss\/articles\/CBMi4wFBVV95cUxOM3c4YzNUQndxZ202aTd1MDgtSXpPakNaa2tPZDhVMktCUEI3Y1FVMWwwZ3JHOW5XVUhLSjRVcmxqZDVJRnppdmNqWnpTQ0x4M3FiN3o4a25mYzZrS3llcGxSM0o4RWF4N3UyYW8xQ2tzdGFPVFk2eEIxakJieUxUT2QxcjdCX21qekhvUlFZbG9yeW9Wbld1MkFMbXhXWnRza1lONko2dHMtVVdLUmdJRUYyU0w0cE1XcVUySi1ITXlFa0d1MjkyNzRXRkFaUjNNNHFVaEpQX0ZTVEVPSnlrUWloWQ?oc=5\" target=\"_blank\" rel=\"nofollow noopener\">El Gobierno salva la ley de movilidad a cambio de reforzar las exigencias medioambientales de la ampliaci\u00f3n de El Prat<\/a>&nbsp;&nbsp;La Vanguardia<\/li>\n<\/ol>\n","protected":false},"excerpt":{"rendered":"El Gobierno logra in extremis la aprobaci\u00f3n de la Ley de Movilidad con un acuerdo sobre El Prat&hellip;\n","protected":false},"author":2,"featured_media":163413,"comment_status":"","ping_status":"","sticky":false,"template":"","format":"standard","meta":{"footnotes":""},"categories":[8],"tags":[17,18,25,24,13,14,11,19,20,9,10,15,16,6067,1699,23,4453,12,21,22],"class_list":{"0":"post-163412","1":"post","2":"type-post","3":"status-publish","4":"format-standard","5":"has-post-thumbnail","7":"category-espana","8":"tag-breaking-news","9":"tag-breakingnews","10":"tag-es","11":"tag-espana","12":"tag-featured-news","13":"tag-featurednews","14":"tag-headlines","15":"tag-latest-news","16":"tag-latestnews","17":"tag-news","18":"tag-noticias","19":"tag-noticias-destacadas","20":"tag-noticiasdestacadas","21":"tag-podemos","22":"tag-psoe","23":"tag-spain","24":"tag-sumar","25":"tag-titulares","26":"tag-ultimas-noticias","27":"tag-ultimasnoticias"},"share_on_mastodon":{"url":"","error":""},"_links":{"self":[{"href":"https:\/\/www.europesays.com\/es\/wp-json\/wp\/v2\/posts\/163412","targetHints":{"allow":["GET"]}}],"collection":[{"href":"https:\/\/www.europesays.com\/es\/wp-json\/wp\/v2\/posts"}],"about":[{"href":"https:\/\/www.europesays.com\/es\/wp-json\/wp\/v2\/types\/post"}],"author":[{"embeddable":true,"href":"https:\/\/www.europesays.com\/es\/wp-json\/wp\/v2\/users\/2"}],"replies":[{"embeddable":true,"href":"https:\/\/www.europesays.com\/es\/wp-json\/wp\/v2\/comments?post=163412"}],"version-history":[{"count":0,"href":"https:\/\/www.europesays.com\/es\/wp-json\/wp\/v2\/posts\/163412\/revisions"}],"wp:featuredmedia":[{"embeddable":true,"href":"https:\/\/www.europesays.com\/es\/wp-json\/wp\/v2\/media\/163413"}],"wp:attachment":[{"href":"https:\/\/www.europesays.com\/es\/wp-json\/wp\/v2\/media?parent=163412"}],"wp:term":[{"taxonomy":"category","embeddable":true,"href":"https:\/\/www.europesays.com\/es\/wp-json\/wp\/v2\/categories?post=163412"},{"taxonomy":"post_tag","embeddable":true,"href":"https:\/\/www.europesays.com\/es\/wp-json\/wp\/v2\/tags?post=163412"}],"curies":[{"name":"wp","href":"https:\/\/api.w.org\/{rel}","templated":true}]}}