{"id":163417,"date":"2025-10-08T18:13:10","date_gmt":"2025-10-08T18:13:10","guid":{"rendered":"https:\/\/www.europesays.com\/es\/163417\/"},"modified":"2025-10-08T18:13:10","modified_gmt":"2025-10-08T18:13:10","slug":"una-asociacion-taurina-amenaza-la-reforma-multiusos-de-la-antigua-plaza-de-buenavista","status":"publish","type":"post","link":"https:\/\/www.europesays.com\/es\/163417\/","title":{"rendered":"Una asociaci\u00f3n taurina amenaza la reforma multiusos de la antigua plaza de Buenavista"},"content":{"rendered":"<p class=\"ft-text ft-helper-closenews\">La Asociaci\u00f3n Internacional de la Tauromaquia (AIT) <strong>est\u00e1 en contra de la exclusi\u00f3n de festejos taurinos y de corridas de toros en la reforma de la plaza del coso de Buenavista<\/strong>, que proyecta el Ayuntamiento. La plaza de toros fue declarada en ruinas en 2008.<\/p>\n<p class=\"ft-text\">La AIT ha presentado un escrito ante el consistorio ovetense donde manifiesta su<strong> oposici\u00f3n al proyecto de reforma de la plaza de toros de Oviedo, que prev\u00e9 la eliminaci\u00f3n de festejos taurinos<\/strong>. El equipo de gobierno local, del PP, prev\u00e9 lanzar la licitaci\u00f3n del proyecto y poder iniciar las obras de rehabilitaci\u00f3n del coso taurino en el segundo semestre 2026.<\/p>\n<p class=\"ft-text\"><strong>El anteproyecto prev\u00e9 recuperar la plaza de Buenavista como un espacio multiusos con un aforo pr\u00f3ximo a las nueve mil personas. <\/strong> Se trata de una de las actuaciones prometidas desde la Alcald\u00eda. \u00abEl arreglo de la plaza de toros va a ser una realidad siendo Alfredo Canteli alcalde\u00bb, lleg\u00f3 a manifestar el regidor este mismo a\u00f1o. La Asociaci\u00f3n Internacional de la Tauromaquia ha advertido al Ayuntamiento que tres leyes que est\u00e1n en vigor en Espa\u00f1a obligan por mandato expreso a los poderes p\u00fablicos a la conservaci\u00f3n de la actividad taurina.<strong> La AIT entiende que la rehabilitaci\u00f3n del coso ovetense no puede excluir el uso habitual para el que fue construida hace 136 a\u00f1os <\/strong>y afirma estar dispuesta a emprender acciones legales por presuntos delitos de expolio y prevaricaci\u00f3n.<\/p>\n<p class=\"ft-text\">La reforma del coso, obra del arquitecto Juan Miguel de la Guardia inaugurada en 1889, debe contar con las autorizaciones del Consejo de Patrimonio ya que cuenta con la declaraci\u00f3n de Bien de Inter\u00e9s Cultural (BIC). El proyecto incluye el recrecido de la plaza, que ya contaba en el dise\u00f1o inicial de De la Guardia con un piso superior, desaparecido. Un informe del Consejo de Patrimonio apunta que dicho recrecido \u00abse deber\u00e1 componer equilibradamente, en escala, ritmo y proporci\u00f3n con los pisos preservados de la fachada del BIC, integr\u00e1ndose en el conjunto al que pertenece\u00bb.<\/p>\n<p data-close=\"closedContent\" class=\"subscribeHideForDisplay\">Suscr\u00edbete para seguir leyendo<\/p>\n","protected":false},"excerpt":{"rendered":"La Asociaci\u00f3n Internacional de la Tauromaquia (AIT) est\u00e1 en contra de la exclusi\u00f3n de festejos taurinos y de&hellip;\n","protected":false},"author":2,"featured_media":163418,"comment_status":"","ping_status":"","sticky":false,"template":"","format":"standard","meta":{"footnotes":""},"categories":[277],"tags":[4213,7554,373,168,25,24,48311,1389,5568,14824,23,167,600,374],"class_list":{"0":"post-163417","1":"post","2":"type-post","3":"status-publish","4":"format-standard","5":"has-post-thumbnail","7":"category-toreo","8":"tag-amenaza","9":"tag-asociacion","10":"tag-bullfighting","11":"tag-deportes","12":"tag-es","13":"tag-espana","14":"tag-multiusos","15":"tag-plaza-de-toros","16":"tag-proyecto","17":"tag-reforma","18":"tag-spain","19":"tag-sports","20":"tag-taurina","21":"tag-toreo"},"share_on_mastodon":{"url":"","error":""},"_links":{"self":[{"href":"https:\/\/www.europesays.com\/es\/wp-json\/wp\/v2\/posts\/163417","targetHints":{"allow":["GET"]}}],"collection":[{"href":"https:\/\/www.europesays.com\/es\/wp-json\/wp\/v2\/posts"}],"about":[{"href":"https:\/\/www.europesays.com\/es\/wp-json\/wp\/v2\/types\/post"}],"author":[{"embeddable":true,"href":"https:\/\/www.europesays.com\/es\/wp-json\/wp\/v2\/users\/2"}],"replies":[{"embeddable":true,"href":"https:\/\/www.europesays.com\/es\/wp-json\/wp\/v2\/comments?post=163417"}],"version-history":[{"count":0,"href":"https:\/\/www.europesays.com\/es\/wp-json\/wp\/v2\/posts\/163417\/revisions"}],"wp:featuredmedia":[{"embeddable":true,"href":"https:\/\/www.europesays.com\/es\/wp-json\/wp\/v2\/media\/163418"}],"wp:attachment":[{"href":"https:\/\/www.europesays.com\/es\/wp-json\/wp\/v2\/media?parent=163417"}],"wp:term":[{"taxonomy":"category","embeddable":true,"href":"https:\/\/www.europesays.com\/es\/wp-json\/wp\/v2\/categories?post=163417"},{"taxonomy":"post_tag","embeddable":true,"href":"https:\/\/www.europesays.com\/es\/wp-json\/wp\/v2\/tags?post=163417"}],"curies":[{"name":"wp","href":"https:\/\/api.w.org\/{rel}","templated":true}]}}