{"id":163419,"date":"2025-10-08T18:16:07","date_gmt":"2025-10-08T18:16:07","guid":{"rendered":"https:\/\/www.europesays.com\/es\/163419\/"},"modified":"2025-10-08T18:16:07","modified_gmt":"2025-10-08T18:16:07","slug":"carlos-alcaraz-parte-el-martes-hacia-riad-para-el-six-kings-slam-y-pasa-a-semifinales-junto-a-djokovic","status":"publish","type":"post","link":"https:\/\/www.europesays.com\/es\/163419\/","title":{"rendered":"Carlos Alcaraz parte el martes hacia Riad para el &#8216;Six Kings Slam&#8217; y pasa a semifinales junto a Djokovic"},"content":{"rendered":"<p data-mrf-recirculation=\"Links P\u00e1rrafos\" class=\"ue-c-article__paragraph paragraph\"><strong>La segunda edici\u00f3n del &#8216;Six Kings Slam&#8217;<\/strong> (15 al 18 de octubre) ya est\u00e1 a la vuelta de la esquina. <strong>Carlos Alcaraz<\/strong>, n\u00famero uno mundial y presente este mi\u00e9rcoles en el proam del Open de Espa\u00f1a de golf, <strong>parte el pr\u00f3ximo martes hacia Riad acompa\u00f1ado por Juan Carlos Ferrero, seg\u00fan ha podido saber MARCA<\/strong>.\u00a0<\/p>\n<p data-mrf-recirculation=\"Links P\u00e1rrafos\" class=\"ue-c-article__paragraph paragraph\"><strong>Alcaraz ser\u00e1 uno de los dos jugadores adelantados y que entrar\u00e1n en la competici\u00f3n directamente en las semifinales del d\u00eda 16. El otro ser\u00e1 Novak Djokovic<\/strong>. Este hecho se determina por el n\u00famero de t\u00edtulos de &#8216;Grand Slam&#8217;. Carlitos es segundo con seis en el ranking de todos los participantes. Y Djokovic es l\u00edder destacado con 24.\u00a0<\/p>\n<p data-mrf-recirculation=\"Links P\u00e1rrafos\" class=\"ue-c-article__paragraph paragraph\"><strong>Los dos cruces de cuartos se han sorteado hoy y cruzan a Jannik Sinner contra Stefanos Tsitsipas y Alexander Zverev con Taylor Fritz. E<\/strong>l ganador del primer cruce se las ver\u00e1 con Djokovic y el del segundo ante Alcaraz.\u00a0<\/p>\n<p data-mrf-recirculation=\"Links P\u00e1rrafos\" class=\"ue-c-article__paragraph paragraph\">Arabia Saud\u00ed ha construido un estadio exclusivamente para el certamen y <strong>la pista es de la marca espa\u00f1ola Greenset, capitaneada por Javier S\u00e1nchez Vicario<\/strong>.\u00a0<\/p>\n<p data-mrf-recirculation=\"Links P\u00e1rrafos\" class=\"ue-c-article__paragraph paragraph\"><strong>El Fondo de Inversi\u00f3n P\u00fablica (PIF) es, desde febrero de 2024, el patrocinador oficial del ranking ATP<\/strong>, as\u00ed como del trofeo que encumbra al mejor jugador de la temporada.<\/p>\n<p data-mrf-recirculation=\"Links P\u00e1rrafos\" class=\"ue-c-article__paragraph paragraph\">\u00a0<\/p>\n","protected":false},"excerpt":{"rendered":"La segunda edici\u00f3n del &#8216;Six Kings Slam&#8217; (15 al 18 de octubre) ya est\u00e1 a la vuelta de&hellip;\n","protected":false},"author":2,"featured_media":163420,"comment_status":"","ping_status":"","sticky":false,"template":"","format":"standard","meta":{"footnotes":""},"categories":[274],"tags":[168,25,24,23,167,327,326],"class_list":{"0":"post-163419","1":"post","2":"type-post","3":"status-publish","4":"format-standard","5":"has-post-thumbnail","7":"category-tenis","8":"tag-deportes","9":"tag-es","10":"tag-espana","11":"tag-spain","12":"tag-sports","13":"tag-tenis","14":"tag-tennis"},"share_on_mastodon":{"url":"","error":""},"_links":{"self":[{"href":"https:\/\/www.europesays.com\/es\/wp-json\/wp\/v2\/posts\/163419","targetHints":{"allow":["GET"]}}],"collection":[{"href":"https:\/\/www.europesays.com\/es\/wp-json\/wp\/v2\/posts"}],"about":[{"href":"https:\/\/www.europesays.com\/es\/wp-json\/wp\/v2\/types\/post"}],"author":[{"embeddable":true,"href":"https:\/\/www.europesays.com\/es\/wp-json\/wp\/v2\/users\/2"}],"replies":[{"embeddable":true,"href":"https:\/\/www.europesays.com\/es\/wp-json\/wp\/v2\/comments?post=163419"}],"version-history":[{"count":0,"href":"https:\/\/www.europesays.com\/es\/wp-json\/wp\/v2\/posts\/163419\/revisions"}],"wp:featuredmedia":[{"embeddable":true,"href":"https:\/\/www.europesays.com\/es\/wp-json\/wp\/v2\/media\/163420"}],"wp:attachment":[{"href":"https:\/\/www.europesays.com\/es\/wp-json\/wp\/v2\/media?parent=163419"}],"wp:term":[{"taxonomy":"category","embeddable":true,"href":"https:\/\/www.europesays.com\/es\/wp-json\/wp\/v2\/categories?post=163419"},{"taxonomy":"post_tag","embeddable":true,"href":"https:\/\/www.europesays.com\/es\/wp-json\/wp\/v2\/tags?post=163419"}],"curies":[{"name":"wp","href":"https:\/\/api.w.org\/{rel}","templated":true}]}}