{"id":163421,"date":"2025-10-08T18:17:08","date_gmt":"2025-10-08T18:17:08","guid":{"rendered":"https:\/\/www.europesays.com\/es\/163421\/"},"modified":"2025-10-08T18:17:08","modified_gmt":"2025-10-08T18:17:08","slug":"pogacar-me-dijo-que-se-alegraba-de-que-yo-no-hubiera-estado-en-el-mundial","status":"publish","type":"post","link":"https:\/\/www.europesays.com\/es\/163421\/","title":{"rendered":"Pogacar me dijo que se alegraba de que yo no hubiera estado en el Mundial"},"content":{"rendered":"<p data-mrf-recirculation=\"Links P\u00e1rrafos\" class=\"ue-c-article__paragraph paragraph\"><strong>Mathieu van der Poel<\/strong> lleva sin competir en ciclismo en ruta desde el 24 de agosto. Apenas ha competido en carretera en cinco ocasiones desde que abandon\u00f3 el Tour de Francia, antes de la etapa 16. <strong>Se estaba preparando para el Mundial de &#8216;mountain bike&#8217;<\/strong> (14 de septiembre), el \u00fanico que se le resiste (ya tiene los de carretera, ciclocr\u00f3s y gravel), <strong>en el que termin\u00f3 29.\u00ba<\/strong> a m\u00e1s de cinco minutos del ganador, demostrando la dureza de la prueba. Sin embargo, <strong>ha estado muy pendiente de la actualidad de la carretera<\/strong>, incluyendo el Mundial de Ruanda en el que Pogacar complet\u00f3 la en\u00e9sima exhibici\u00f3n.\u00a0<\/p>\n<p data-mrf-recirculation=\"Links P\u00e1rrafos\" class=\"ue-c-article__paragraph paragraph\">\u00abMe levant\u00e9 a tiempo para ver <strong>los \u00faltimos 130 kil\u00f3metros. Hoy en d\u00eda, eso ya es el final.<\/strong> Lo vi y sent\u00ed que hab\u00eda tomado la decisi\u00f3n correcta al no ir. Aunque no se puede correr pensando s\u00f3lo en ganar, porque, si no, Pogacar ir\u00eda solo a todas partes. <strong>Le escrib\u00ed para felicitarle y me dijo que se alegraba de que yo no hubiera estado<\/strong>, pero creo que tampoco habr\u00eda marcado demasiadas diferencias\u00bb, declar\u00f3 al medio belga Het Laatste Nieuws.\u00a0<\/p>\n<p>As\u00ed gan\u00f3 Pogacar el Mundial de Ruanda 2025.<\/p>\n<p data-mrf-recirculation=\"Links P\u00e1rrafos\" class=\"ue-c-article__paragraph paragraph\">En otro alarde de talento y potencia, en Kigali Tadej Pogacar atac\u00f3 a 104 kil\u00f3metros para la meta y se qued\u00f3 sin compa\u00f1eros de escapada cuando restaban 66. Las comparaciones con Eddy Merckx son odiosas, pero inevitables. \u00abEs realmente impresionante, y lo hace parecer tan f\u00e1cil. Decir que es el nuevo Merckx puede no ser la comparaci\u00f3n correcta, porque su nombre es Pogacar, pero <strong>nosotros nos debemos estar sintiendo como cuando corr\u00eda Merckx. En su terreno, Pogacar puede hacer lo que quiera<\/strong>\u00ab, a\u00f1ade Van der Poel sobre el sentir del pelot\u00f3n.\u00a0<\/p>\n<p>Una rivalidad para la primavera<\/p>\n<p data-mrf-recirculation=\"Links P\u00e1rrafos\" class=\"ue-c-article__paragraph paragraph\">Y eso que el neerland\u00e9s <strong>es de los pocos ciclistas que ha ganado esta temporada a Tadej Pogacar.<\/strong> Y no una, sino dos veces: en <strong>Mil\u00e1n-San Remo y en Par\u00eds-Roubaix<\/strong>. En la primera, Pogacar no logr\u00f3 endurecer la carrera lo suficiente para dejar atr\u00e1s al neerland\u00e9s en un &#8216;monumento&#8217; que es esencialmente llano hasta el final. En la segunda, una ca\u00edda al coger con demasiada velocidad una curva acab\u00f3 con las opciones del esloveno. \u00ab<strong>Pero eso era en mi terreno, e incluso as\u00ed estuvo cerca<\/strong>. En su terreno no soy una amenaza para \u00e9l. S\u00ed que da motivaci\u00f3n extra para estar preparado otra vez la pr\u00f3xima primavera. Si puedes seguir a Pogacar y superarle, est\u00e1s cerca de ganar\u00bb, explic\u00f3 Van der Poel.\u00a0<\/p>\n<p>Pogacar se fue al suelo en Roubaix.<\/p>\n<p data-mrf-recirculation=\"Links P\u00e1rrafos\" class=\"ue-c-article__paragraph paragraph\">Algo que el neerland\u00e9s <strong>comparte con Tadej Pogacar es su versatilidad.<\/strong> Hablar de &#8216;su&#8217; terreno, cuando es campe\u00f3n del mundo en tres disciplinas del ciclismo diferentes, es reduccionista. \u00abHe cambiado. Correr de forma atractiva es bonito, pero al final te juzgan por ganar las carreras.<strong> Seg\u00fan me he ido haciendo mayor, he aprendo a centrarme en lo que me conviene m\u00e1s<\/strong>, y eso me ha llevado lejos\u00bb, aclara Van der Poel. A pesar de ese 29.\u00ba puesto en el Mundial de &#8216;mountain bike&#8217;: \u00ab<strong>No voy a dejar el ciclismo de monta\u00f1a hasta que haya conseguido lo que quiero<\/strong>, incluso si nunca lo consigo. Es por la misma raz\u00f3n por la que Tadej corre en Flandes y en Roubaix, para seguir teniendo retos\u00bb.\u00a0<\/p>\n<p data-mrf-recirculation=\"Links P\u00e1rrafos\" class=\"ue-c-article__paragraph paragraph\"><strong>Esa variedad ayuda a Van der Poel a no frustrarse<\/strong>, a no aburrirse y a evitar el &#8216;burn out&#8217; que otros deportistas sufren. Pero, adem\u00e1s, el neerland\u00e9s tiene otra herramienta: \u00ab<strong>Es importante tener algo al margen de la bicicleta. Para m\u00ed, eso es el golf. <\/strong>Siento que muchos ciclistas j\u00f3venes no tienen nada, est\u00e1n demasiado centrados en la bicicleta. Cuando las cosas van bien, todo bien, pero cuando algo les va mal se quedan pillados\u00bb.\u00a0<\/p>\n<blockquote class=\"ue-c-article__blockquote\">\n<p>Es importante tener algo al margen de la bicicleta. Para m\u00ed, eso es el golf<\/p>\n<p>Mathieu van der Poel, ciclista<\/p><\/blockquote>\n<p data-mrf-recirculation=\"Links P\u00e1rrafos\" class=\"ue-c-article__paragraph paragraph\">Van der Poel sabe lo importante que es priorizar su descanso cuando es necesario. <strong>Por eso apenas ha corrido desde que termin\u00f3 su participaci\u00f3n en el Tour de Francia<\/strong>. \u00abTrat\u00e9 de volver a correr otra vez demasiado pronto, pero mi cuerpo no estaba preparado.<strong> Mental y f\u00edsicamente, necesitaba descanso.<\/strong> En agosto y septiembre he sufrido. Normalmente entreno m\u00e1s de lo que necesito, pero esta vez ha sido al contrario. La presi\u00f3n sobre nosotros ha crecido. Las carreras son m\u00e1s duras, el estilo de correr ha cambiado, y con concentraciones en altura todo se acumula. <strong>Hasta Wout van Aert y Tadej Pogacar dijeron que necesitaban un descanso a nivel mental despu\u00e9s del Tour.<\/strong> Unos d\u00edas m\u00e1s de descanso me vendr\u00e1n bien\u00bb, concluy\u00f3 Van der Poel en la entrevista. <strong>En el horizonte tiene la temporada de ciclocr\u00f3s, durante el invierno,<\/strong> en la que el neerland\u00e9s tambi\u00e9n defiende el t\u00edtulo mundial.\u00a0<\/p>\n","protected":false},"excerpt":{"rendered":"Mathieu van der Poel lleva sin competir en ciclismo en ruta desde el 24 de agosto. Apenas ha&hellip;\n","protected":false},"author":2,"featured_media":163422,"comment_status":"","ping_status":"","sticky":false,"template":"","format":"standard","meta":{"footnotes":""},"categories":[273],"tags":[313,312,168,25,24,23,167],"class_list":{"0":"post-163421","1":"post","2":"type-post","3":"status-publish","4":"format-standard","5":"has-post-thumbnail","7":"category-ciclismo","8":"tag-ciclismo","9":"tag-cycling","10":"tag-deportes","11":"tag-es","12":"tag-espana","13":"tag-spain","14":"tag-sports"},"share_on_mastodon":{"url":"","error":""},"_links":{"self":[{"href":"https:\/\/www.europesays.com\/es\/wp-json\/wp\/v2\/posts\/163421","targetHints":{"allow":["GET"]}}],"collection":[{"href":"https:\/\/www.europesays.com\/es\/wp-json\/wp\/v2\/posts"}],"about":[{"href":"https:\/\/www.europesays.com\/es\/wp-json\/wp\/v2\/types\/post"}],"author":[{"embeddable":true,"href":"https:\/\/www.europesays.com\/es\/wp-json\/wp\/v2\/users\/2"}],"replies":[{"embeddable":true,"href":"https:\/\/www.europesays.com\/es\/wp-json\/wp\/v2\/comments?post=163421"}],"version-history":[{"count":0,"href":"https:\/\/www.europesays.com\/es\/wp-json\/wp\/v2\/posts\/163421\/revisions"}],"wp:featuredmedia":[{"embeddable":true,"href":"https:\/\/www.europesays.com\/es\/wp-json\/wp\/v2\/media\/163422"}],"wp:attachment":[{"href":"https:\/\/www.europesays.com\/es\/wp-json\/wp\/v2\/media?parent=163421"}],"wp:term":[{"taxonomy":"category","embeddable":true,"href":"https:\/\/www.europesays.com\/es\/wp-json\/wp\/v2\/categories?post=163421"},{"taxonomy":"post_tag","embeddable":true,"href":"https:\/\/www.europesays.com\/es\/wp-json\/wp\/v2\/tags?post=163421"}],"curies":[{"name":"wp","href":"https:\/\/api.w.org\/{rel}","templated":true}]}}