{"id":163431,"date":"2025-10-08T18:22:16","date_gmt":"2025-10-08T18:22:16","guid":{"rendered":"https:\/\/www.europesays.com\/es\/163431\/"},"modified":"2025-10-08T18:22:16","modified_gmt":"2025-10-08T18:22:16","slug":"las-imagenes-del-homenaje-a-los-arquitectos-la-rioja","status":"publish","type":"post","link":"https:\/\/www.europesays.com\/es\/163431\/","title":{"rendered":"Las im\u00e1genes del homenaje a los arquitectos &#8211; La Rioja"},"content":{"rendered":"<ol>\n<li><a href=\"https:\/\/news.google.com\/rss\/articles\/CBMijgFBVV95cUxQd1FaVkJTdmtnRGd3Yjd1MHJLcVdxUDN1X0w1Q1R3T1hWT3d5M1BKYzB4bG1welhZdEthUFdHN3pTdk5ZTXdDNXJOQUs4cVdxZjFRYVlpT202QUJORWtodFRaVEI3aDNVMjRnUlFNcUVjMi1ZZW9nOW40eFc0Vm1jd1JObExEb2hQRHRkNkpB0gGTAUFVX3lxTFAtYVlNYVhfTjZ6ZG1kZ2lpbEpNUU5OZlVJckNaTFQ4X1Jtb1o4aS1URjVzTnJNTWhWQTNyNzdnUG51dTR6Y1FlVkFrRUVTMVRDQzJDWThwbEx1T3RUNDBWdEtvUkQtYm9icV9KMEhSdy0tQ2tzdlNpQkJTcGhxMGZXZHlzVFYzcHYtWG1nbjQ3NzZ0SQ?oc=5\" target=\"_blank\" rel=\"nofollow noopener\">Las im\u00e1genes del homenaje a los arquitectos<\/a>&nbsp;&nbsp;La Rioja<\/li>\n<li><a href=\"https:\/\/news.google.com\/rss\/articles\/CBMi6gFBVV95cUxQYVZPb3V2TWZFYkxTMTBkdWpTeVJyQ0RUU29NVkw2OWNIc3RKcjRja2lqUWR3cndsTVp2cElPSW05LU0wYVNrczVWcWZfWk1LVjFaTjU2TlBlQ0N6NkJORDBmcWVES09RM3ltYUxka2QtU2ZHd1c1ZHotTjZva2R2c3dpVjhRMUs1VzE5S1l3Tkk5bVYtcTdYZkthWVMxMHNHLWhyOXRhWmhwRTRXN2NUdE1rdXREZmlDcEtiYXBjY1VGV0s3aUhYaFlZQ0ROMzBRTGlCUlRhQ2xyMkFzVXlBSGVkY2xaRmp4UnfSAf4BQVVfeXFMT2duLTgzNjgxZmRDQlNmbHM4NDRjallpcUlWdldwamlicVNsa2ptZ185R1RZQzJYRmFhbUJvblNaMTZ3Nkd6U0kydkFNa21SaTdPN1o3RExhb3hpa0MwNnJpS09IbWttZk9jZFNfbHJEYlRid0xvTFpjN05VMGlsWG9BR3Y2eE9UOVk0eHU1MDlEVElhZTFyS3JzSTBjU1ZTQ0hoU2FhYU83ZnpTQWFwRTVnV2ZEMkR3bWZJQklpcF9vT3Y4YU9BNXQyb3BlS0NQSG5rdGNFSHZNUVNpZGVYSUgxZ2FleHhCUUNoaDlqSFFQWTF3VWtUWnRkM0hpVXc?oc=5\" target=\"_blank\" rel=\"nofollow noopener\">La Semana de la Arquitectura en La Rioja como espacio de encuentro entre profesionales y la ciudadan\u00eda<\/a>&nbsp;&nbsp;Cadena SER<\/li>\n<li><a href=\"https:\/\/news.google.com\/rss\/articles\/CBMipwFBVV95cUxPRDJseGcxV2ljb1JBazdiWmQzQ1c4ZHJudFpuMWRSSVRnRVc3YThrNEs4VTFlSWFkMkFVWWhoWTJlVzRKOHhUNXdtNDlwaU14bW9pd1F6aDlhZE9FdVoydTdfYVd6MUxveXM3NFY0YkdZZTQ0Z0pzQkl4dTBPdlRGcUJJTDc4MkhPYXlyTWNoQVVoVDFwczQ0Z2EzVGN4UGZKMVpYZkRqTQ?oc=5\" target=\"_blank\" rel=\"nofollow noopener\">Homenaje en Logro\u00f1o a los arquitectos que llevan entre 25 y 50 a\u00f1os de profesi\u00f3n<\/a>&nbsp;&nbsp;La Rioja<\/li>\n<li><a href=\"https:\/\/news.google.com\/rss\/articles\/CBMiZkFVX3lxTE9mMHRfcEZralM0N3dZT0xlVHlsUjVzaU1uZHN1Yk5TWDhMZFlhUmN6VXpaMEZYWEh3N3dVTVVkbzJSczByaTk5RzVXMzNJZUFreW53X0lranZPMWh4STlFTFNFVnhCdw?oc=5\" target=\"_blank\" rel=\"nofollow noopener\">Laboratorio vivo<\/a>&nbsp;&nbsp;Arquitectura Viva<\/li>\n<li><a href=\"https:\/\/news.google.com\/rss\/articles\/CBMiuAFBVV95cUxPRVRqeWtfVTFKWG8wOUloVTg1RGJRbXpZX01KRzF4SWhJY09VMmxQNU13Y3FFbnRlY1UyYzEwV0RIQUFJMjh4VVJCak1OMkZIOWs3Q29iZ1lOeE9ERnR1VnZtQU9YWEFuWlJBUEhybjJ3THVkQlJ2TnVkMUh2WkJua1M5ZV9za0E4NGRSN1M1MnVlYTdjMHIwQ2pyY0U0NGhCc3RSaG8xZFZDeFc0d25ZakFwVG1yYVg0?oc=5\" target=\"_blank\" rel=\"nofollow noopener\">Semana de la Arquitectura con homenajes, visita guiada y el libro de Conc\u00e9ntrico<\/a>&nbsp;&nbsp;La Rioja<\/li>\n<\/ol>\n","protected":false},"excerpt":{"rendered":"Las im\u00e1genes del homenaje a los arquitectos&nbsp;&nbsp;La Rioja La Semana de la Arquitectura en La Rioja como espacio&hellip;\n","protected":false},"author":2,"featured_media":163432,"comment_status":"","ping_status":"","sticky":false,"template":"","format":"standard","meta":{"footnotes":""},"categories":[173],"tags":[3739,229,233,231,230,232,234,146,147,25,24,6552,1641,23],"class_list":{"0":"post-163431","1":"post","2":"type-post","3":"status-publish","4":"format-standard","5":"has-post-thumbnail","7":"category-arte-y-diseno","8":"tag-arquitectos","9":"tag-arte","10":"tag-arte-y-diseno","11":"tag-arts","12":"tag-arts-and-design","13":"tag-design","14":"tag-diseno","15":"tag-entertainment","16":"tag-entretenimiento","17":"tag-es","18":"tag-espana","19":"tag-homenaje","20":"tag-imagenes","21":"tag-spain"},"share_on_mastodon":{"url":"","error":""},"_links":{"self":[{"href":"https:\/\/www.europesays.com\/es\/wp-json\/wp\/v2\/posts\/163431","targetHints":{"allow":["GET"]}}],"collection":[{"href":"https:\/\/www.europesays.com\/es\/wp-json\/wp\/v2\/posts"}],"about":[{"href":"https:\/\/www.europesays.com\/es\/wp-json\/wp\/v2\/types\/post"}],"author":[{"embeddable":true,"href":"https:\/\/www.europesays.com\/es\/wp-json\/wp\/v2\/users\/2"}],"replies":[{"embeddable":true,"href":"https:\/\/www.europesays.com\/es\/wp-json\/wp\/v2\/comments?post=163431"}],"version-history":[{"count":0,"href":"https:\/\/www.europesays.com\/es\/wp-json\/wp\/v2\/posts\/163431\/revisions"}],"wp:featuredmedia":[{"embeddable":true,"href":"https:\/\/www.europesays.com\/es\/wp-json\/wp\/v2\/media\/163432"}],"wp:attachment":[{"href":"https:\/\/www.europesays.com\/es\/wp-json\/wp\/v2\/media?parent=163431"}],"wp:term":[{"taxonomy":"category","embeddable":true,"href":"https:\/\/www.europesays.com\/es\/wp-json\/wp\/v2\/categories?post=163431"},{"taxonomy":"post_tag","embeddable":true,"href":"https:\/\/www.europesays.com\/es\/wp-json\/wp\/v2\/tags?post=163431"}],"curies":[{"name":"wp","href":"https:\/\/api.w.org\/{rel}","templated":true}]}}