{"id":163453,"date":"2025-10-08T18:34:10","date_gmt":"2025-10-08T18:34:10","guid":{"rendered":"https:\/\/www.europesays.com\/es\/163453\/"},"modified":"2025-10-08T18:34:10","modified_gmt":"2025-10-08T18:34:10","slug":"armengol-impide-que-un-diputado-del-pp-de-luna-de-miel-vote-de-forma-telematica","status":"publish","type":"post","link":"https:\/\/www.europesays.com\/es\/163453\/","title":{"rendered":"Armengol impide que un diputado del PP de luna de miel vote de forma telem\u00e1tica"},"content":{"rendered":"<p style=\"\">Guillermo Mariscal, reci\u00e9n casado y disfrutando de su luna de miel, se ha convertido en protagonista involuntario de la jornada en el Congreso de los Diputados. Su ausencia, en caso de que Podemos no hubiera respaldado la Ley de Movilidad Sostenible, habr\u00eda propiciado que el  &#8230; Gobierno sacara adelante la norma. Porque el Reglamento no contempla conceder el voto telem\u00e1tico por \u00abun viaje personal\u00bb. Pedro S\u00e1nchez comenz\u00f3 horas antes de la votaci\u00f3n a respirar tranquilo.<\/p>\n<p class=\"voc-p\" style=\"\">En un d\u00eda que la semana pasada se promet\u00eda tr\u00e1gico para el Ejecutivo, sale doblemente victorioso. Primero, porque este mediod\u00eda Podemos hab\u00eda desvelado que iba a votar a favor del real decreto ley para aplicar un embargo de armas a Israel, a pesar de que estos d\u00edas hab\u00eda cargado las tintas contra \u00e9l tach\u00e1ndolo de \u00ab&#8217;fake&#8217;\u00bb y diciendo que tramitarlo como proyecto de ley, exigencia que hab\u00edan planteado otros socios del PSOE como Sumar, ERC, Bildu y BNG, era condenarlo a \u00abdormir el sue\u00f1o de los justos\u00bb. Y segundo, porque por la falta de Mariscal, aunque los cuatro diputados de Belarra se posicionaran contra el texto de la norma, garantiza su aprobaci\u00f3n y su remisi\u00f3n al Senado.<\/p>\n<p class=\"voc-p\" style=\"\">El diputado, que es secretario tercero de la Mesa del Congreso, se cas\u00f3 el s\u00e1bado y se fue de luna de miel con su mujer. No obstante, cabe recordar que los diputados no pueden cogerse vacaciones en periodos h\u00e1biles. El Reglamento de la C\u00e1mara Baja <a href=\"https:\/\/www.abc.es\/espana\/congreso-diputados-pasa-llamarse-solo-congreso-solo-20250722164932-nt.html\" target=\"_self\" data-voc-vtm-id=\"in-text-traffic\" title=\"se reform\u00f3 en julio\" data-mrf-link=\"www.abc.es\" rel=\"nofollow noopener\">se reform\u00f3 en julio<\/a> para, entre otras cosas, ampliar los supuestos para solicitar el voto telem\u00e1tico, pero \u00abun viaje personal\u00bb no est\u00e1 contemplado entre ellos.<\/p>\n<p class=\"voc-p\" style=\"\">Los populares pidieron con un escrito en mano en la reuni\u00f3n de la Mesa del Congreso del martes que su compa\u00f1ero Guillermo Mariscal pudiese votar telem\u00e1ticamente en este pleno por encontrarse de luna de miel. Pero PSOE y Sumar, con mayor\u00eda en el \u00f3rgano rector de la actividad parlamentaria, rechazaron este extremo al alegar que el Reglamento, reci\u00e9n reformado, no lo contempla. De hecho, otro Mariscal, Manuel, pero este de Vox, tuvo que regresar de su viaje de novios en Costa Rica para votar en contra de la ley de amnist\u00eda.<\/p>\n<p>\nLa final de la Conference League, s\u00ed\n<\/p>\n<p class=\"voc-p\" style=\"\">Sin embargo, fuentes del PP ven un agravio comparativo y recuerdan que al vicepresidente primero de la Mesa del Congreso, el socialista Alfonso Rodr\u00edguez G\u00f3mez de Celis, s\u00ed se le concedi\u00f3 el voto telem\u00e1tico el 28 de mayo para asistir en Breslavia (Polonia) a la final de la Conference League entre el Betis y el Chelsea, informan <strong>Paloma Esteban<\/strong> y <strong>Patricia Romero<\/strong>. \u00abEs m\u00e1s l\u00f3gico una luna de miel, que est\u00e1 en el estatuto de los trabajadores, que una final, \u00bfno?\u00bb, dicen. Fuentes socialistas, en cambio, remarcan que el viaje de G\u00f3mez de Celis no era \u00abpersonal\u00bb sino que respond\u00eda a una invitaci\u00f3n oficial de la UEFA como la que recibieron el presidente de la Junta de Andaluc\u00eda, Juanma Moreno, y varios diputados auton\u00f3micos andaluces.<\/p>\n<p class=\"voc-p\" style=\"\">Si Podemos vota a favor o se abstiene, la ausencia de Mariscal ser\u00e1 irrelevante porque el texto habr\u00eda salido adelante con \u00e9l o no apretando el bot\u00f3n rojo desde su esca\u00f1o. Pero si los diputados izquierdistas, al contrario que ha pasado con el embargo a Israel, se decantan por el no, el Gobierno ver\u00e1 c\u00f3mo un diputado del PP, indirectamente, salva un proyecto de ley que de no ser por \u00e9l habr\u00eda naufragado. Algo similar a lo que ocurri\u00f3 la legislatura pasada cuando el ya c\u00e9lebre Alberto Casero se confundi\u00f3 y se posicion\u00f3 a favor de la reforma laboral de Yolanda D\u00edaz, a la que ERC y PNV hab\u00edan dado la espalda. Un gol en propia salvado, a medias, al conocerse finalmente la abstenci\u00f3n de Podemos.<\/p>\n","protected":false},"excerpt":{"rendered":"Guillermo Mariscal, reci\u00e9n casado y disfrutando de su luna de miel, se ha convertido en protagonista involuntario de&hellip;\n","protected":false},"author":2,"featured_media":163454,"comment_status":"","ping_status":"","sticky":false,"template":"","format":"standard","meta":{"footnotes":""},"categories":[5],"tags":[48325,1136,3272,17,18,25945,25,24,13,14,11,19,20,1464,8137,9,10,15,16,6067,956,23,12,21,22],"class_list":{"0":"post-163453","1":"post","2":"type-post","3":"status-publish","4":"format-standard","5":"has-post-thumbnail","7":"category-titulares","8":"tag-amenazaba","9":"tag-asegura","10":"tag-ausencia","11":"tag-breaking-news","12":"tag-breakingnews","13":"tag-diputado","14":"tag-es","15":"tag-espana","16":"tag-featured-news","17":"tag-featurednews","18":"tag-headlines","19":"tag-latest-news","20":"tag-latestnews","21":"tag-ley","22":"tag-movilidad","23":"tag-news","24":"tag-noticias","25":"tag-noticias-destacadas","26":"tag-noticiasdestacadas","27":"tag-podemos","28":"tag-pp","29":"tag-spain","30":"tag-titulares","31":"tag-ultimas-noticias","32":"tag-ultimasnoticias"},"share_on_mastodon":{"url":"","error":""},"_links":{"self":[{"href":"https:\/\/www.europesays.com\/es\/wp-json\/wp\/v2\/posts\/163453","targetHints":{"allow":["GET"]}}],"collection":[{"href":"https:\/\/www.europesays.com\/es\/wp-json\/wp\/v2\/posts"}],"about":[{"href":"https:\/\/www.europesays.com\/es\/wp-json\/wp\/v2\/types\/post"}],"author":[{"embeddable":true,"href":"https:\/\/www.europesays.com\/es\/wp-json\/wp\/v2\/users\/2"}],"replies":[{"embeddable":true,"href":"https:\/\/www.europesays.com\/es\/wp-json\/wp\/v2\/comments?post=163453"}],"version-history":[{"count":0,"href":"https:\/\/www.europesays.com\/es\/wp-json\/wp\/v2\/posts\/163453\/revisions"}],"wp:featuredmedia":[{"embeddable":true,"href":"https:\/\/www.europesays.com\/es\/wp-json\/wp\/v2\/media\/163454"}],"wp:attachment":[{"href":"https:\/\/www.europesays.com\/es\/wp-json\/wp\/v2\/media?parent=163453"}],"wp:term":[{"taxonomy":"category","embeddable":true,"href":"https:\/\/www.europesays.com\/es\/wp-json\/wp\/v2\/categories?post=163453"},{"taxonomy":"post_tag","embeddable":true,"href":"https:\/\/www.europesays.com\/es\/wp-json\/wp\/v2\/tags?post=163453"}],"curies":[{"name":"wp","href":"https:\/\/api.w.org\/{rel}","templated":true}]}}