{"id":163461,"date":"2025-10-08T18:41:07","date_gmt":"2025-10-08T18:41:07","guid":{"rendered":"https:\/\/www.europesays.com\/es\/163461\/"},"modified":"2025-10-08T18:41:07","modified_gmt":"2025-10-08T18:41:07","slug":"el-fracaso-no-es-una-opcion","status":"publish","type":"post","link":"https:\/\/www.europesays.com\/es\/163461\/","title":{"rendered":"El fracaso no es una opci\u00f3n"},"content":{"rendered":"<p class=\"L6-news-detail__text\">A pesar de que restan seis Grandes Premios para que concluya la presente temporada de <b>F\u00f3rmula 1<\/b>, en <b>Aston Martin <\/b>ya solo piensan en 2026.<\/p>\n<p class=\"L6-news-detail__text\">El nuevo t\u00fanel de viento, las novedosas instalaciones en Silverstone, el motor <b>Honda<\/b>, el apoyo de <b>Aramco<\/b>, la inversi\u00f3n millonaria de <b>Lawrence <\/b><b>Stroll<\/b>\u2026 los ingredientes est\u00e1n ah\u00ed, pero ahora falta darle forma. <\/p>\n<p class=\"L6-news-detail__text\">En una entrevista publicada por el propio equipo, <b>Enrico <\/b><b>Cardile<\/b> ha incidido en que <b>\u00abel fracaso no es una opci\u00f3n\u00bb<\/b> y ha mostrado una exigencia m\u00e1xima. <\/p>\n<p class=\"L6-news-detail__text\">\u00ab<b>No podemos conformarnos con buenos resultados en una sesi\u00f3n de t\u00fanel de viento<\/b> o una exitosa reducci\u00f3n de peso, porque no tenemos una referencia\u00bb, ha explicado el director t\u00e9cnico de Aston Martin.<\/p>\n<p class=\"L6-news-detail__text\">De hecho, no tiene dudas de que el \u00e9xito llegar\u00e1: \u00ab<b>Lo haremos bien el a\u00f1o que viene<\/b>. No s\u00e9 si ser\u00e1 en la primera carrera, en la segunda, en la s\u00e9ptima o cuando sea. Lo que tenemos es compromiso, enfoque y la confianza de que saldr\u00e1 bien. Tenemos todo lo necesario para hacer un gran trabajo. El fracaso no es una opci\u00f3n\u00bb.<\/p>\n<p class=\"L6-news-detail__text\">De la mano de sus \u00abjefes\u00bb, <b>AdrianNewey y Andy Cowell<\/b>, conf\u00edan en explotar al m\u00e1ximo las zonas grises del nuevo reglamento para convertir a Fernando Alonso en campe\u00f3n.<\/p>\n<p class=\"L6-news-detail__text\">\u00abS<b>er\u00e1 un cambio radical respecto a lo que tenemos ahora<\/b>. Mucho va a cambiar. El concepto aerodin\u00e1mico ser\u00e1 completamente nuevo; la reducci\u00f3n del peso m\u00ednimo ser\u00e1 un desaf\u00edo enorme para todos. Habr\u00e1 una nueva unidad de potencia, un nuevo combustible. Hay muchas variables en juego, lo que hace <b>muy dif\u00edcil predecir d\u00f3nde estar\u00e1 cada uno<\/b>\u00ab, ha a\u00f1adido. <\/p>\n<p class=\"L6-support-news-video__title\">\u00abPara m\u00ed lo m\u00e1s importante es la luz\u00bb<\/p>\n<p>            <a href=\"https:\/\/www.lasexta.com\/noticias\/deportes\/futbol\/marcos-llorente-sincera-jugones-fumigacion-dieta-paleolitica_2025100868e67a54e81f4179693ca03a.html\" class=\"L6-news__link\" rel=\"nofollow noopener\" target=\"_blank\"><br \/>\n                Marcos Llorente se sincera en &#8216;Jugones&#8217;: fumigaci\u00f3n, dieta paleol\u00edtica&#8230;<\/p>\n<p class=\"recirculation-video-desc\">El jugador del Atl\u00e9tico de Madrid ha explicado en qu\u00e9 se basa su nutrici\u00f3n y ha dado su opini\u00f3n sobre las estelas que dejan los aviones. <\/p>\n<p>            <\/a><\/p>\n","protected":false},"excerpt":{"rendered":"A pesar de que restan seis Grandes Premios para que concluya la presente temporada de F\u00f3rmula 1, en&hellip;\n","protected":false},"author":2,"featured_media":94922,"comment_status":"","ping_status":"","sticky":false,"template":"","format":"standard","meta":{"footnotes":""},"categories":[270],"tags":[168,25,24,306,271,272,23,167],"class_list":{"0":"post-163461","1":"post","2":"type-post","3":"status-publish","4":"format-standard","5":"has-post-thumbnail","7":"category-formula-1","8":"tag-deportes","9":"tag-es","10":"tag-espana","11":"tag-f1","12":"tag-formula-1","13":"tag-formula1","14":"tag-spain","15":"tag-sports"},"share_on_mastodon":{"url":"","error":""},"_links":{"self":[{"href":"https:\/\/www.europesays.com\/es\/wp-json\/wp\/v2\/posts\/163461","targetHints":{"allow":["GET"]}}],"collection":[{"href":"https:\/\/www.europesays.com\/es\/wp-json\/wp\/v2\/posts"}],"about":[{"href":"https:\/\/www.europesays.com\/es\/wp-json\/wp\/v2\/types\/post"}],"author":[{"embeddable":true,"href":"https:\/\/www.europesays.com\/es\/wp-json\/wp\/v2\/users\/2"}],"replies":[{"embeddable":true,"href":"https:\/\/www.europesays.com\/es\/wp-json\/wp\/v2\/comments?post=163461"}],"version-history":[{"count":0,"href":"https:\/\/www.europesays.com\/es\/wp-json\/wp\/v2\/posts\/163461\/revisions"}],"wp:featuredmedia":[{"embeddable":true,"href":"https:\/\/www.europesays.com\/es\/wp-json\/wp\/v2\/media\/94922"}],"wp:attachment":[{"href":"https:\/\/www.europesays.com\/es\/wp-json\/wp\/v2\/media?parent=163461"}],"wp:term":[{"taxonomy":"category","embeddable":true,"href":"https:\/\/www.europesays.com\/es\/wp-json\/wp\/v2\/categories?post=163461"},{"taxonomy":"post_tag","embeddable":true,"href":"https:\/\/www.europesays.com\/es\/wp-json\/wp\/v2\/tags?post=163461"}],"curies":[{"name":"wp","href":"https:\/\/api.w.org\/{rel}","templated":true}]}}