{"id":163487,"date":"2025-10-08T18:55:08","date_gmt":"2025-10-08T18:55:08","guid":{"rendered":"https:\/\/www.europesays.com\/es\/163487\/"},"modified":"2025-10-08T18:55:08","modified_gmt":"2025-10-08T18:55:08","slug":"el-exdirector-del-fbi-james-comey-se-declara-inocente-de-la-acusacion-de-mentir-al-congreso-internacional","status":"publish","type":"post","link":"https:\/\/www.europesays.com\/es\/163487\/","title":{"rendered":"El exdirector del FBI James Comey se declara inocente de la acusaci\u00f3n de mentir al Congreso | Internacional"},"content":{"rendered":"<p class=\"\">El exdirector del FBI James Comey se ha declarado inocente este mi\u00e9rcoles de mentir al Congreso y de obstrucci\u00f3n a la justicia, los <a href=\"https:\/\/elpais.com\/internacional\/2025-09-26\/el-departamento-de-justicia-de-trump-imputa-al-exdirector-del-fbi-james-comey.html\" target=\"_self\" rel=\"nofollow noopener\" title=\"https:\/\/elpais.com\/internacional\/2025-09-26\/el-departamento-de-justicia-de-trump-imputa-al-exdirector-del-fbi-james-comey.html\">cargos con los que le ha imputado un gran jurado a instancias del Departamento de Justicia de EE UU<\/a>. Las acusaciones, que tienen su origen en una declaraci\u00f3n del alto cargo ante el Senado en 2020, se presentaron d\u00edas despu\u00e9s de que el presidente de Estados Unidos, Donald Trump, <a href=\"https:\/\/elpais.com\/internacional\/2025-09-21\/trump-ordena-en-redes-sociales-a-su-fiscal-general-que-persiga-ya-a-los-enemigos-del-presidente-de-ee-uu.html#?rel=mas\" target=\"_self\" rel=\"nofollow noopener\" title=\"https:\/\/elpais.com\/internacional\/2025-09-21\/trump-ordena-en-redes-sociales-a-su-fiscal-general-que-persiga-ya-a-los-enemigos-del-presidente-de-ee-uu.html#?rel=mas\">exigiera p\u00fablicamente llevar a su enemigo pol\u00edtico ante los tribunales<\/a>, pese a que los fiscales de carrera no encontraban indicios suficientes de delito.<\/p>\n<p class=\"\">Comey, de 64 a\u00f1os, ha comparecido este mi\u00e9rcoles en la vista preliminar sobre su caso de un tribunal federal de la ciudad de Alexandria, en el Estado de Virginia, donde se le hab\u00edan presentado los cargos. Tras declararse no culpable, el antiguo director del FBI ha quedado citado para un juicio con jurado el pr\u00f3ximo 5 de enero. <\/p>\n<p class=\"\">En declaraciones tras la vista, los abogados del antiguo jefe de la polic\u00eda federal han anunciado que su cliente presentar\u00e1 un recurso contra el nombramiento de la fiscal responsable de las acusaciones contra \u00e9l, Lindsey Halligan. La letrada es una antigua abogada personal de Trump y gran partidaria del presidente, que ocupaba un cargo de asesora en la Casa Blanca hasta que fue puesta al frente de la investigaci\u00f3n sobre Comey, apenas cuatro d\u00edas antes de la imputaci\u00f3n. <\/p>\n<p class=\"\">El antiguo alto cargo fue imputado el mes pasado despu\u00e9s de una campa\u00f1a muy p\u00fablica de Trump y la Casa Blanca para acusarle antes de que prescribieran los hechos el 30 de septiembre. El fiscal hasta entonces encargado del caso, Erik Siebert, concluy\u00f3 que no hab\u00eda indicios suficientes de que Comey hubiera cometido un delito. El presidente reaccion\u00f3 furiosamente, presionando para retirarle del caso y escribiendo un mensaje en redes sociales en el que reclamaba a la secretaria de Justicia, Pam Bondi, que se moviera \u201cYA\u201d para forzar la imputaci\u00f3n del exjefe del FBI y otras personalidades a las que Trump considera <a href=\"https:\/\/elpais.com\/internacional\/2025-09-28\/la-larga-lista-de-enemigos-que-trump-quiere-ver-entre-rejas.html\" target=\"_self\" rel=\"nofollow noopener\" title=\"https:\/\/elpais.com\/internacional\/2025-09-28\/la-larga-lista-de-enemigos-que-trump-quiere-ver-entre-rejas.html\">sus enemigos pol\u00edticos m\u00e1s detestados<\/a>. <\/p>\n<p class=\"\">Siebert present\u00f3 entonces su dimisi\u00f3n. Fue reemplazado de inmediato por Halligan, que carec\u00eda de experiencia alguna como fiscal. Su carrera en el mundo del Derecho se hab\u00eda especializado en la legislaci\u00f3n sobre seguros. Pero su primer paso como representante de la acusaci\u00f3n fue llevar el caso de Comey ante un gran jurado, que acept\u00f3 dos de los cargos. Un tercero, cuya naturaleza se desconoce, qued\u00f3 rechazado. <\/p>\n<p class=\"\">En la vista celebrada este mi\u00e9rcoles, el Gobierno ha estado representado por fiscales que Halligan hizo traer de Carolina del Norte, despu\u00e9s de que otros letrados de la acusaci\u00f3n expresaran objeciones sobre el caso. <\/p>\n<p class=\"\">Las acusaciones tienen su origen en una declaraci\u00f3n bajo juramento de Comey ante el Congreso el 30 de septiembre de 2020. Entonces, el antiguo alto cargo compareci\u00f3 en una audiencia para declarar si hab\u00eda autorizado una filtraci\u00f3n de informaci\u00f3n en torno a la investigaci\u00f3n que se le sigui\u00f3 al presidente sobre posibles v\u00ednculos con Rusia en la campa\u00f1a electoral de 2016. El exdirector de la Polic\u00eda federal niega que haya hecho eso nunca.<\/p>\n<p class=\"\">Comey, de ideolog\u00eda republicana, fue designado al frente del FBI por el dem\u00f3crata Barack Obama. Durante la campa\u00f1a electoral de 2016 se gan\u00f3 los elogios de Trump al anunciar dos veces \u2015una de ellas apenas d\u00edas antes de la jornada de votaci\u00f3n\u2015 una investigaci\u00f3n sobre el uso de la candidata dem\u00f3crata, Hillary Clinton, de un servidor de correo electr\u00f3nico privado para manejar mensajes oficiales. Aquellas declaraciones pudieron restar votos a la exsecretaria de Estado y contribuir a su derrota en las urnas. <\/p>\n<p class=\"\">Pero la sinton\u00eda entre el presidente y el jefe de la polic\u00eda federal dur\u00f3 muy poco. Comey fue cesado apenas meses despu\u00e9s de la investidura de Trump, y d\u00edas despu\u00e9s de que anunciara la apertura de una investigaci\u00f3n sobre posibles v\u00ednculos entre la campa\u00f1a del republicano y representantes del Gobierno ruso. <\/p>\n<p class=\"\">El despido de Comey llev\u00f3 al nombramiento de uno de sus predecesores en la agencia, Robert Mueller, como investigador especial para que se hiciera cargo de la pesquisa rusa. Esa investigaci\u00f3n descubri\u00f3 la existencia de numerosos contactos entre la campa\u00f1a de Trump y funcionarios rusos, pero concluy\u00f3 que no hab\u00eda pruebas suficientes para determinar que hab\u00eda habido alg\u00fan tipo de conspiraci\u00f3n ilegal.<\/p>\n<p class=\"\">Desde entonces, el ex alto cargo se ha convertido en uno de los blancos pol\u00edticos constantes del presidente por esa investigaci\u00f3n, y uno de sus grandes cr\u00edticos. Denuncia que el inquilino de la Casa Blanca es \u201cmoralmente inadecuado\u201d para el cargo. Trump, a su vez, considera que la investigaci\u00f3n sobre la trama rusa fue una \u201ccaza de brujas\u201d.<\/p>\n","protected":false},"excerpt":{"rendered":"El exdirector del FBI James Comey se ha declarado inocente este mi\u00e9rcoles de mentir al Congreso y de&hellip;\n","protected":false},"author":2,"featured_media":163488,"comment_status":"","ping_status":"","sticky":false,"template":"","format":"standard","meta":{"footnotes":""},"categories":[42],"tags":[17,18,4329,12844,352,629,17920,13,14,11,61,62,63,64,48330,2128,19,20,9,10,15,16,12,21,22,65,66,67],"class_list":{"0":"post-163487","1":"post","2":"type-post","3":"status-publish","4":"format-standard","5":"has-post-thumbnail","7":"category-internacional","8":"tag-breaking-news","9":"tag-breakingnews","10":"tag-casa-blanca","11":"tag-departamento-justicia-ee-uu","12":"tag-donald-trump","13":"tag-estados-unidos","14":"tag-fbi","15":"tag-featured-news","16":"tag-featurednews","17":"tag-headlines","18":"tag-internacional","19":"tag-international","20":"tag-international-news","21":"tag-internationalnews","22":"tag-james-comey","23":"tag-juicios","24":"tag-latest-news","25":"tag-latestnews","26":"tag-news","27":"tag-noticias","28":"tag-noticias-destacadas","29":"tag-noticiasdestacadas","30":"tag-titulares","31":"tag-ultimas-noticias","32":"tag-ultimasnoticias","33":"tag-world","34":"tag-world-news","35":"tag-worldnews"},"share_on_mastodon":{"url":"","error":""},"_links":{"self":[{"href":"https:\/\/www.europesays.com\/es\/wp-json\/wp\/v2\/posts\/163487","targetHints":{"allow":["GET"]}}],"collection":[{"href":"https:\/\/www.europesays.com\/es\/wp-json\/wp\/v2\/posts"}],"about":[{"href":"https:\/\/www.europesays.com\/es\/wp-json\/wp\/v2\/types\/post"}],"author":[{"embeddable":true,"href":"https:\/\/www.europesays.com\/es\/wp-json\/wp\/v2\/users\/2"}],"replies":[{"embeddable":true,"href":"https:\/\/www.europesays.com\/es\/wp-json\/wp\/v2\/comments?post=163487"}],"version-history":[{"count":0,"href":"https:\/\/www.europesays.com\/es\/wp-json\/wp\/v2\/posts\/163487\/revisions"}],"wp:featuredmedia":[{"embeddable":true,"href":"https:\/\/www.europesays.com\/es\/wp-json\/wp\/v2\/media\/163488"}],"wp:attachment":[{"href":"https:\/\/www.europesays.com\/es\/wp-json\/wp\/v2\/media?parent=163487"}],"wp:term":[{"taxonomy":"category","embeddable":true,"href":"https:\/\/www.europesays.com\/es\/wp-json\/wp\/v2\/categories?post=163487"},{"taxonomy":"post_tag","embeddable":true,"href":"https:\/\/www.europesays.com\/es\/wp-json\/wp\/v2\/tags?post=163487"}],"curies":[{"name":"wp","href":"https:\/\/api.w.org\/{rel}","templated":true}]}}