{"id":163491,"date":"2025-10-08T18:57:17","date_gmt":"2025-10-08T18:57:17","guid":{"rendered":"https:\/\/www.europesays.com\/es\/163491\/"},"modified":"2025-10-08T18:57:17","modified_gmt":"2025-10-08T18:57:17","slug":"la-junta-dice-que-necesitara-casi-dos-meses-para-subsanar-el-fallo-en-los-cribados-del-cancer-sociedad","status":"publish","type":"post","link":"https:\/\/www.europesays.com\/es\/163491\/","title":{"rendered":"La Junta dice que necesitar\u00e1 casi dos meses para subsanar el fallo en los cribados\u00a0del\u00a0c\u00e1ncer | Sociedad"},"content":{"rendered":"<p class=\"\">El Gobierno de Juan Manuel Moreno quiere atajar cuanto antes la crisis del cribado de c\u00e1ncer de mama cuyas dimensiones a\u00fan estar por conocer y este mi\u00e9rcoles ha <a href=\"https:\/\/elpais.com\/sociedad\/2025-10-03\/en-pleno-escandalo-por-los-retrasos-en-los-diagnosticos-andalucia-anuncia-que-ampliara-el-cribado-de-cancer-a-mujeres-de-entre-45-y-75-anos.html\" target=\"_blank\" rel=\"noreferrer nofollow noopener\" title=\"https:\/\/elpais.com\/sociedad\/2025-10-03\/en-pleno-escandalo-por-los-retrasos-en-los-diagnosticos-andalucia-anuncia-que-ampliara-el-cribado-de-cancer-a-mujeres-de-entre-45-y-75-anos.html\">perfilado el plan de choque <\/a>que el presidente andaluz anunci\u00f3 el viernes pasado. La Junta de Andaluc\u00eda va a ampliar la plantilla destinada al programa de prevenci\u00f3n con 119 profesionales m\u00e1s que trabajar\u00e1n fines de semana y festivos para que el 30 de noviembre todas las mujeres afectadas por los retrasos en los diagn\u00f3sticos hayan podido someterse a las pruebas necesarias. \u201cEn las pr\u00f3ximas siete y ocho semanas todas tendr\u00e1n su revisi\u00f3n\u201d, ha enfatizado Espa\u00f1a.<\/p>\n<p class=\"\">El plan de choque del que, sorpresivamente, ha dado cuenta la portavoz del Gobierno, Carolina Espa\u00f1a, y no la consejera de Salud, desaparecida desde que el viernes pasado asegurara que no iba a dimitir por el esc\u00e1ndalo de las mamograf\u00edas porque \u201cser\u00eda lo f\u00e1cil\u201d, contar\u00e1 con una inyecci\u00f3n extraordinaria de 12 millones de euros. Espa\u00f1a ha se\u00f1alado tambi\u00e9n que el 90% de casos de mujeres afectadas por los retrasos en los diagn\u00f3sticos -1.800 de las 2.000 calculadas por Salud- se circunscriben al Hospital Virgen del Roc\u00edo, que es al centro al que se destinar\u00e1n la mayor parte de los refuerzos en recursos humanos previstos en el plan. El resto, de acuerdo con la portavoz, se encuentran en M\u00e1laga y en Jerez de la Frontera (C\u00e1diz). <\/p>\n<p class=\"\">Los 119 profesionales son nuevas contrataciones del SAS, ha confirmado la portavoz, que se distribuir\u00e1n en las unidades de mama en la misma proporci\u00f3n de casos detectados, por lo que la mayot\u00eda se incorporar\u00e1n a la plantilla del Virgen del Roc\u00edo. En ese hospital y para abordar el nuevo plan de choque ha estado la consejera de Salud esta ma\u00f1ana, raz\u00f3n por la que no ha comparecido tras el Consejo de Gobierno para explicar las nuevas medidas. La intenci\u00f3n del Gobierno es que sus contratos se prolonguen al menos un a\u00f1o m\u00e1s.<\/p>\n<p class=\"\">Pese a que el incremento de la plantilla es uno de los elementos esenciales del plan de choque -65 especialistas en radiodiagn\u00f3stico, 20 enfermeros, 18 t\u00e9cnicos especialistas en radiodiagn\u00f3stico y 16 TECAE-, la Junta se resiste a poner el foco en la falta de profesionales como origen del problema. El origen del fallo, ha insistido la portavoz, sigue analiz\u00e1ndose. Esa, sin embargo, es la principal reclamaci\u00f3n de la Asociaci\u00f3n de mujeres v\u00edctimas de c\u00e1ncer (Amama).<\/p>\n<p class=\"\">La portavoz tambi\u00e9n ha confirmado, como adelant\u00f3 tambi\u00e9n Moreno la semana pasada, que la Junta ha decidido cambiar el protocolo del plan de prevenci\u00f3n, que data de 2012 y en el que no se inclu\u00eda la obligaci\u00f3n de comunicar a las mujeres los resultados de aquellos cribados que no hab\u00edan sido concluyentes. Era cuando se las citaba para la prueba correspondiente de cara a esclarecer su situaci\u00f3n, cuando se enteraban de que el screening no hab\u00eda salido negativo, como supon\u00edan. El presidente de la Junta sostuvo que se hab\u00eda decidid\u00f3 adoptar esta decisi\u00f3n \u201cpara no introducir un elemento de ansiedad\u201d, unas declaraciones que le han perseguido desde entonces y que las mujeres afectadas han cuestionado por generar m\u00e1s crispaci\u00f3n. Espa\u00f1a ha defendido que en el \u00faltimo protocolo se alude a la \u201cansiedad\u201d, pero se hace para el caso del seguimiento cl\u00ednico de las pacientes de alto riesgo. <\/p>\n<p class=\"\">La Consejer\u00eda de Salud calcula que entre este jueves y el viernes se habr\u00e1n llamado a todas las mujeres cuyo resultado no es concluyente, seg\u00fan ha indicado Espa\u00f1a. El martes por la noche las mujeres de la Asociaci\u00f3n demujeres afectadas por c\u00e1ncer de mama (Amama), <a href=\"https:\/\/elpais.com\/sociedad\/2025-10-07\/decenas-de-mujeres-se-unen-para-llevar-a-la-justicia-el-escandalo-de-las-mamografias-nadie-las-habia-escuchado.html\" target=\"_blank\" rel=\"noreferrer nofollow noopener\" title=\"https:\/\/elpais.com\/sociedad\/2025-10-07\/decenas-de-mujeres-se-unen-para-llevar-a-la-justicia-el-escandalo-de-las-mamografias-nadie-las-habia-escuchado.html\">denunciaron que ninguna de las afectadas hab\u00eda sido llamada.<\/a><\/p>\n","protected":false},"excerpt":{"rendered":"El Gobierno de Juan Manuel Moreno quiere atajar cuanto antes la crisis del cribado de c\u00e1ncer de mama&hellip;\n","protected":false},"author":2,"featured_media":163492,"comment_status":"","ping_status":"","sticky":false,"template":"","format":"standard","meta":{"footnotes":""},"categories":[5],"tags":[259,17,18,1066,17019,25,24,13,14,11,26166,26165,19,20,9,10,15,16,1811,26164,17109,26169,492,23,12,21,22],"class_list":{"0":"post-163491","1":"post","2":"type-post","3":"status-publish","4":"format-standard","5":"has-post-thumbnail","7":"category-titulares","8":"tag-andalucia","9":"tag-breaking-news","10":"tag-breakingnews","11":"tag-cancer","12":"tag-cancer-mama","13":"tag-es","14":"tag-espana","15":"tag-featured-news","16":"tag-featurednews","17":"tag-headlines","18":"tag-juan-manuel-moreno","19":"tag-junta-andalucia","20":"tag-latest-news","21":"tag-latestnews","22":"tag-news","23":"tag-noticias","24":"tag-noticias-destacadas","25":"tag-noticiasdestacadas","26":"tag-sanidad","27":"tag-sanidad-privada","28":"tag-sanidad-publica","29":"tag-servicio-andaluz-salud-sas","30":"tag-sociedad","31":"tag-spain","32":"tag-titulares","33":"tag-ultimas-noticias","34":"tag-ultimasnoticias"},"share_on_mastodon":{"url":"","error":""},"_links":{"self":[{"href":"https:\/\/www.europesays.com\/es\/wp-json\/wp\/v2\/posts\/163491","targetHints":{"allow":["GET"]}}],"collection":[{"href":"https:\/\/www.europesays.com\/es\/wp-json\/wp\/v2\/posts"}],"about":[{"href":"https:\/\/www.europesays.com\/es\/wp-json\/wp\/v2\/types\/post"}],"author":[{"embeddable":true,"href":"https:\/\/www.europesays.com\/es\/wp-json\/wp\/v2\/users\/2"}],"replies":[{"embeddable":true,"href":"https:\/\/www.europesays.com\/es\/wp-json\/wp\/v2\/comments?post=163491"}],"version-history":[{"count":0,"href":"https:\/\/www.europesays.com\/es\/wp-json\/wp\/v2\/posts\/163491\/revisions"}],"wp:featuredmedia":[{"embeddable":true,"href":"https:\/\/www.europesays.com\/es\/wp-json\/wp\/v2\/media\/163492"}],"wp:attachment":[{"href":"https:\/\/www.europesays.com\/es\/wp-json\/wp\/v2\/media?parent=163491"}],"wp:term":[{"taxonomy":"category","embeddable":true,"href":"https:\/\/www.europesays.com\/es\/wp-json\/wp\/v2\/categories?post=163491"},{"taxonomy":"post_tag","embeddable":true,"href":"https:\/\/www.europesays.com\/es\/wp-json\/wp\/v2\/tags?post=163491"}],"curies":[{"name":"wp","href":"https:\/\/api.w.org\/{rel}","templated":true}]}}