{"id":163499,"date":"2025-10-08T19:04:11","date_gmt":"2025-10-08T19:04:11","guid":{"rendered":"https:\/\/www.europesays.com\/es\/163499\/"},"modified":"2025-10-08T19:04:11","modified_gmt":"2025-10-08T19:04:11","slug":"asi-es-la-mision-ultrasecreta-de-checo-perez-antes-de-volver-a-la-f1","status":"publish","type":"post","link":"https:\/\/www.europesays.com\/es\/163499\/","title":{"rendered":"As\u00ed es la misi\u00f3n ultrasecreta de Checo P\u00e9rez antes de volver a la F1"},"content":{"rendered":"<p>De la Colonia Penal n\u00ba 4 no se sale f\u00e1cilmente.<\/p>\n<p>Pese a que se la considera una prisi\u00f3n de seguridad media, sus gruesas puertas de hierro y sus imponentes muros rematados con alambres le dan un aire de prisi\u00f3n de m\u00e1xima seguridad.<\/p>\n<p>Dentro de sus muros se encuentran Andrii Askerov y Roman Chech, dos traficantes de drogas que fueron condenados por sus fechor\u00edas.<\/p>\n<p>Pero ambos han conseguido una v\u00eda para salir de la c\u00e1rcel antes de completar sus condenas: se alistaron en las filas del ej\u00e9rcito ucraniano.<\/p>\n<p>Pasar\u00e1n un mes entren\u00e1ndose con el ej\u00e9rcito y, a cambio de ser liberados, luchar\u00e1n \u201chasta que acabe la guerra\u201d.<\/p>\n<p>\u201cNo puedo imaginarme lo que se siente matar a un hombre, s\u00f3lo lo he visto en pel\u00edculas\u201d, confiesa Andrii, que ya ha cumplido 18 meses de condena.<\/p>\n<p>Salir de la c\u00e1rcel es obviamente la principal motivaci\u00f3n de este joven de 30 a\u00f1os. Pero dice que tambi\u00e9n quiere reintegrarse como un ciudadano que ha contribuido en algo a la sociedad, en lugar de regresar como un exconvicto.<\/p>\n<p>Desde la creaci\u00f3n de una nueva ley el a\u00f1o pasado, m\u00e1s de 10.000 presos -algunos condenados por asesinato- se han incorporado al ej\u00e9rcito ucraniano.<\/p>\n<p>No obstante, aquellos que han sido condenados por delitos m\u00e1s graves, como asesinatos m\u00faltiples, violencia sexual, corrupci\u00f3n y traici\u00f3n quedan excluidos del programa.<\/p>\n<p><img decoding=\"async\" loading=\"lazy\" src=\"https:\/\/www.europesays.com\/es\/wp-content\/uploads\/2025\/10\/4feb5d50-9d1e-11f0-bc17-37f040c2fadb.jpg\" alt=\"Andrii Askerov, con una camisa marr\u00f3n y gafas de sol, mira por la ventana de una prisi\u00f3n. \" width=\"1497\" height=\"842\"\/><br \/>\nMatthew Goddard\/BBCAndrii Askerov lleva 18 meses en prisi\u00f3n, pero est\u00e1 a punto de salir para luchar contra los rusos.<\/p>\n<p>\u201cTodo el mundo acabar\u00e1 en el frente tarde o temprano\u201d, afirma Roman, quien tambi\u00e9n ha cambiado su mono gris de presidiario por un uniforme militar.<\/p>\n<p>\u201cSi no sirvo, ser\u00e9 etiquetado como convicto por el resto de mi vida, pero si sirvo, ser\u00e9 un militar\u201d, argumenta con tranquilidad.<\/p>\n<p>Para este hombre de 36 a\u00f1os, alistarse al ej\u00e9rcito no es s\u00f3lo una manera de rehabilitarse. Tambi\u00e9n lo hace por venganza.<\/p>\n<p>\u201cMi hermana ahora tendr\u00eda 21 a\u00f1os\u201d, explica. \u201cPero muri\u00f3 cuando un misil ruso golpe\u00f3 su casa en J\u00e1rkov en 2023\u201d.<\/p>\n<p>\u201cSobretodo me gustar\u00eda vengarla\u201d, a\u00f1ade.<\/p>\n<p>Seg\u00fan el gobierno, la mayor\u00eda de los prisioneros que se alistaron expresaron su voluntad de unirse a la infanter\u00eda, donde han participado en intensos combates.<\/p>\n<p>Tambi\u00e9n formar\u00e1n parte de una nueva fuerza de asalto anunciada por el presidente Volodymyr Zelensky en septiembre.<\/p>\n<p>Dado que los especialistas tradicionales como los infantes de marina o los paracaidistas sobran cada vez m\u00e1s en el campo de batalla moderno, esta nueva unidad asaltar\u00e1 las posiciones rusas con la ayuda de drones.<\/p>\n<p><img decoding=\"async\" loading=\"lazy\" src=\"https:\/\/www.europesays.com\/es\/wp-content\/uploads\/2025\/10\/a3462bb0-9d1e-11f0-bc17-37f040c2fadb.jpg\" alt=\"Roman Chech se sienta en el alf\u00e9izar de una ventana con su uniforme de prisi\u00f3n, mientras habla con el corresponsal de la BBC, James Waterhouse. \" width=\"1489\" height=\"838\"\/><br \/>\nMatthew Goddard\/BBCLa hermana de Roman Chech muri\u00f3 a causa de un misil ruso en 2023, y \u00e9l quiere venganza.<\/p>\n<p>Para obtener la libertad, los convictos tendr\u00e1n que luchar en algunas de las zonas m\u00e1s peligrosas del frente durante un tiempo indefinido.<\/p>\n<p>No todos la conseguir\u00e1n.<\/p>\n<p>Seg\u00fan el director de la Colonia Penal n\u00ba 4, la mitad de los 1.000 reclusos que se han presentado voluntarios hasta ahora ya han muerto.<\/p>\n<p>Sabemos luchar<\/p>\n<p>Una serie de edificios agr\u00edcolas en el sur de Ucrania han sido transformados en una modesta base militar. Su existencia es un alivio para unos 30 soldados heridos que se resguardan all\u00ed.<\/p>\n<p>Todos son exprisioneros que han regresado de los campos de batalla del este.<\/p>\n<p>Oleksii, de 37 a\u00f1os, estaba luchando en Velika Novosilka cuando sufri\u00f3 una herida en la pierna que parece bastante grave.<\/p>\n<p>\u201cNos dieron con la artiller\u00eda, las r\u00e1fagas de mortero y las bombas planeadoras\u201d, explica. \u201cNo esperaba que murieran tantos de mis compa\u00f1eros\u201d.<\/p>\n<p>Oleskii cumpl\u00eda una condena de ocho a\u00f1os por contrabando de drogas antes de ofrecerse como voluntario para la guerra.<\/p>\n<p>Sentado en su cama improvisada, me explica por qu\u00e9 cree que los prisioneros son mejores soldados que los civiles que han sido movilizados.<\/p>\n<p>\u201c\u00a1Aquellos que son reclutados hay que sacarlos del seno materno!\u201d, exclama.<\/p>\n<p>\u201c\u00a1Sabemos pelear! Sabemos hacerlo muy bien\u201d.<\/p>\n<p>Los soldados han tra\u00eddo del frente un mont\u00f3n de insignias con cierres de velcro y pasaportes, que fueron arrancados de los brazos y bolsillos de soldados rusos que murieron en combate.<\/p>\n<p><img decoding=\"async\" loading=\"lazy\" src=\"https:\/\/www.europesays.com\/es\/wp-content\/uploads\/2025\/10\/da9edf30-9d1e-11f0-bc17-37f040c2fadb.jpg\" alt=\"Dos soldados convictos exhaustos se recuperan en un cuartel del sur de Ucrania tras una temporada en el frente.\" width=\"1517\" height=\"853\"\/><br \/>\nMatthew Goddard\/BBCDos soldados exconvictos exhaustos se recuperan en un cuartel del sur de Ucrania tras una temporada en el frente.<\/p>\n<p>\u201cHe logrado un r\u00e9cord importante de bajas rusas y he ayudado a cientos de compa\u00f1eros heridos\u201d, comenta Andrii Andriichuk.<\/p>\n<p>Nos cuenta que tambi\u00e9n tiene en el torso cicatrices que les dejaron 47 trozos de metralla.<\/p>\n<p>Pero antes de unirse a la ofensiva ucraniana en la regi\u00f3n fronteriza rusa de Kursk, se dedicaba a robar.<\/p>\n<p>\u201cS\u00e9 matar y aqu\u00ed no me condenar\u00e1n por ello\u201d<\/p>\n<p>Despu\u00e9s de casi cuatro a\u00f1os del inicio de la invasi\u00f3n rusa a gran escala, uno se acostumbra a encontrarse con tropas agotadas por pasar meses o incluso a\u00f1os en el frente, mientras siguen luchando por contener los avances rusos.<\/p>\n<p>Pero aqu\u00ed no. Aqu\u00ed la moral es alta y palpable, impulsada por un profundo sentimiento de patriotismo y probablemente el alivio de haber salido de la c\u00e1rcel.<\/p>\n<p>Admiten que muchos exreclusos desertan apenas salen de la c\u00e1rcel, pero afirman que la mayor\u00eda quiere formar parte de la lucha.<\/p>\n<p>\u201cHe cometido muchas maldades en este pa\u00eds\u201d, dice Andrii. \u201cTodo tiene un precio. Volver\u00e9 a hacer el trabajo que se me da bien: pelear\u201d.<\/p>\n<p>\u201cYo tambi\u00e9n tengo habilidades\u201d, se r\u00ede Oleksii. \u201cS\u00e9 matar y aqu\u00ed no me condenar\u00e1n por hacerlo\u201d.<\/p>\n<p>Seg\u00fan admiten los soldados que supervisan a los convictos, estos hombres necesitar\u00e1n \u201cmucha suerte\u201d para sobrevivir hasta el final de la guerra.<\/p>\n<p>Sin embargo, parece que no querr\u00edan estar en ning\u00fan otro sitio.<\/p>\n<p>Comparaciones inc\u00f3modas<\/p>\n<p>Rusia fue criticada cuando vaci\u00f3 sus prisiones al principio de la guerra y desde entonces unos 200.000 prisioneros se unieron a la lucha, siendo descritos como \u201ctrituradores de carne\u201d.<\/p>\n<p>\u00bfAdmite el viceministro de Justicia ucraniano, Evhen Pikalo, que su pa\u00eds est\u00e1 haciendo lo mismo?<\/p>\n<p><img decoding=\"async\" class=\"idt-cloud-graphic\" src=\"https:\/\/www.europesays.com\/es\/wp-content\/uploads\/2025\/10\/acb592bf-6b2a-43cd-b6ee-1ec30639ab88.png\" alt=\"\" les=\"\" estamos=\"\" dando=\"\" una=\"\" oportunidad=\"\" para=\"\" que=\"\" defiendan=\"\" y=\"\" protejan=\"\" nuestro=\"\" pa=\"\" s=\"\" source:=\"\" evhen=\"\" pikalov=\"\" source=\"\" description:=\"\" viceministro=\"\" de=\"\" justicia=\"\" ucrania=\"\" image:=\"\"\/><\/p>\n<p>\u201cHay una gran diferencia: los rusos cobran por cada cien metros (que avanzan), mientras que los ucranianos se movilizan por sentimientos patri\u00f3ticos\u201d, afirma.<\/p>\n<p>Pikalo se ve a s\u00ed mismo como un reformador en su ministerio, y quiere que Ucrania se centre m\u00e1s en la rehabilitaci\u00f3n, en lugar del castigo, cuando se trata de delincuentes.<\/p>\n<p>\u201cNuestro principal objetivo es resocializarlos, darles una oportunidad. No tiene nada que ver con la explotaci\u00f3n de las vulnerabilidades de estas personas\u201d, argumenta.<\/p>\n<p>\u201cLes estamos dando una oportunidad para que defiendan y protejan a nuestro pa\u00eds, eso es todo\u201d.<\/p>\n<p>En cuanto a la moralidad de dejar en libertad a asesinos tras cumplir una fracci\u00f3n de su condena, Pikalo apunta que no se trataba de indultos, sino de libertades condicionales.<\/p>\n<p>\u201cPor supuesto que aqu\u00ed hay un componente emocional, pero siempre para las familias de algunas v\u00edctimas, incluso sin la guerra, las sentencias nunca son suficientes\u201d.<\/p>\n<p>Con el paso del tiempo, a Ucrania le resulta cada vez m\u00e1s dif\u00edcil encontrar hombres motivados.<\/p>\n<p>Y con una paz cada vez m\u00e1s remota, la b\u00fasqueda de m\u00e1s soldados seguir\u00e1 profundiz\u00e1ndose.<\/p>\n<p>Informaci\u00f3n adicional de Volodymyr Lozhko, Rebecca Hartmann y Anastasiia Levchenko<\/p>\n<p><img decoding=\"async\" loading=\"lazy\" src=\"https:\/\/www.europesays.com\/es\/wp-content\/uploads\/2025\/10\/0c63aa10-9edb-11f0-92db-77261a15b9d2.png\" alt=\"L\u00ednea\" width=\"800\" height=\"100\"\/><br \/>\nBBC<\/p>\n<p><a href=\"https:\/\/www.bbc.com\/mundo\/send\/u184973209?xtor=AL-73-%5Bpartner%5D-%5Banimalpolitico.com%5D-%5Blink%5D-%5Bmundo%5D-%5Bbizdev%5D-%5Bisapi%5D\" target=\"_blank\" rel=\"noopener nofollow\">Suscr\u00edbete aqu\u00ed<\/a> a nuestro nuevo newsletter para recibir cada viernes una selecci\u00f3n de nuestro mejor contenido de la semana.<\/p>\n<p>Y recuerda que puedes recibir notificaciones en nuestra app. Descarga la \u00faltima versi\u00f3n y act\u00edvalas.<\/p>\n","protected":false},"excerpt":{"rendered":"De la Colonia Penal n\u00ba 4 no se sale f\u00e1cilmente. Pese a que se la considera una prisi\u00f3n&hellip;\n","protected":false},"author":2,"featured_media":163500,"comment_status":"","ping_status":"","sticky":false,"template":"","format":"standard","meta":{"footnotes":""},"categories":[270],"tags":[168,25,24,306,271,272,23,167],"class_list":{"0":"post-163499","1":"post","2":"type-post","3":"status-publish","4":"format-standard","5":"has-post-thumbnail","7":"category-formula-1","8":"tag-deportes","9":"tag-es","10":"tag-espana","11":"tag-f1","12":"tag-formula-1","13":"tag-formula1","14":"tag-spain","15":"tag-sports"},"share_on_mastodon":{"url":"","error":""},"_links":{"self":[{"href":"https:\/\/www.europesays.com\/es\/wp-json\/wp\/v2\/posts\/163499","targetHints":{"allow":["GET"]}}],"collection":[{"href":"https:\/\/www.europesays.com\/es\/wp-json\/wp\/v2\/posts"}],"about":[{"href":"https:\/\/www.europesays.com\/es\/wp-json\/wp\/v2\/types\/post"}],"author":[{"embeddable":true,"href":"https:\/\/www.europesays.com\/es\/wp-json\/wp\/v2\/users\/2"}],"replies":[{"embeddable":true,"href":"https:\/\/www.europesays.com\/es\/wp-json\/wp\/v2\/comments?post=163499"}],"version-history":[{"count":0,"href":"https:\/\/www.europesays.com\/es\/wp-json\/wp\/v2\/posts\/163499\/revisions"}],"wp:featuredmedia":[{"embeddable":true,"href":"https:\/\/www.europesays.com\/es\/wp-json\/wp\/v2\/media\/163500"}],"wp:attachment":[{"href":"https:\/\/www.europesays.com\/es\/wp-json\/wp\/v2\/media?parent=163499"}],"wp:term":[{"taxonomy":"category","embeddable":true,"href":"https:\/\/www.europesays.com\/es\/wp-json\/wp\/v2\/categories?post=163499"},{"taxonomy":"post_tag","embeddable":true,"href":"https:\/\/www.europesays.com\/es\/wp-json\/wp\/v2\/tags?post=163499"}],"curies":[{"name":"wp","href":"https:\/\/api.w.org\/{rel}","templated":true}]}}