{"id":163511,"date":"2025-10-08T19:10:07","date_gmt":"2025-10-08T19:10:07","guid":{"rendered":"https:\/\/www.europesays.com\/es\/163511\/"},"modified":"2025-10-08T19:10:07","modified_gmt":"2025-10-08T19:10:07","slug":"a-veces-damos-voz-a-cada-friki","status":"publish","type":"post","link":"https:\/\/www.europesays.com\/es\/163511\/","title":{"rendered":"&#8216;A veces damos voz a cada friki&#8230;&#8217;"},"content":{"rendered":"<p>La <a href=\"https:\/\/eltelevisero.huffingtonpost.es\/2025\/10\/sarah-santaolalla-pone-del-reves-a-almeida-en-tve-con-estas-lapidarias-palabras-un-adulto-tan-no-funcional\/\" rel=\"nofollow noopener\" target=\"_blank\">analista pol\u00edtica Sarah Santaolalla<\/a> ha protagonizado una divertida escena en el progama de televisi\u00f3n <a href=\"https:\/\/eltelevisero.huffingtonpost.es\/2025\/09\/sarah-santaolalla-va-a-deguello-contra-noelia-nunez-dando-donde-mas-duele-en-su-enfrentamiento-en-mediaset\/\" rel=\"nofollow noopener\" target=\"_blank\">&#8216;En boca de todos&#8217;<\/a> cuando <b>en una entrevista en directo a el Dandi ha soltado un comentario sin ning\u00fan tipo de filtros.<\/b><\/p>\n<p><b>\u00abA pap\u00e1 no le vais a enga\u00f1ar\u00bb<\/b>, ha comentado el Dandi mientras se enzarzaba en un debate con las colaboradoras del programa.<b> \u00abUy, &#8216;a pap\u00e1&#8217;. \u00bfPero t\u00fa qui\u00e9n eres?\u00bb<\/b>, le ha respondido Santaolalla.<\/p>\n<p><b>\u00abS\u00ed, a pap\u00e1, lo que has o\u00eddo\u00bb<\/b>, ha contestado el Dandi, en un alarde de chuler\u00eda. \u00abOi pap\u00e1&#8230;\u00bb, ha repetido la colaboradora sin poderse aguantar la risa, y <b>ha comentado entre carcajadas: \u00abA veces damos voz a cada friqui&#8230; De verdad\u00bb.<\/b><\/p>\n<p>Un <b>espont\u00e1neo y atrevido comentario que ha hecho estallar las risas de muchos espectadores<\/b>, quienes han tardado tan solo unos minutos en volver la escena viral en redes sociales.<\/p>\n<p><b>\u00abPrometo que era muy dif\u00edcil aguantar la risa ante semejante intelectual\u00bb<\/b>, ha confesado la analista pol\u00edtica a trav\u00e9s de su cuenta de X (<b>@SarahPerezSanta<\/b>) citando el v\u00eddeo de su intervenci\u00f3n compartido por los usuarios de la red social.<\/p>\n<p>Adem\u00e1s, tambi\u00e9n se ha compartido la posterior respuesta de la colaboradora al entrevistado, que ha sido todo un alegato feminista en directo: <b>\u00abYo creo que ning\u00fan machista se siente o se reconoce como machista<\/b>, pero ese discurso que ha tenido este se\u00f1or que se autodenomina pap\u00e1 es un discurso machista y que va en contra de las mujeres, l\u00f3gicamente\u00bb.<\/p>\n<p>\u00abPorque nosotras podemos pensar muchas cosas de hombres como t\u00fa, yo las pienso y de verdad que no las digo por educaci\u00f3n incluso por el programa y por la hora en la que estamos, pero sobre todo <b>no incito al odio y al desprestigio de los hombres como si es hacer lo que t\u00fa haces a las mujeres\u00bb<\/b>, ha continuado Santaolalla.<\/p>\n<p>\u00abYo no s\u00e9 lo que pasa en ese set, en esa casa, en la que est\u00e1s, pero s\u00ed te recomiendo que pises en la calle y te des cuenta que<b> todas las mujeres pueden pesar lo que quieran, pueden vestirse como les d\u00e9 la gana<\/b>, pueden relacionarse con quien les d\u00e9 la gana, pueden salir de fiesta, salir al centro comercial, salir al trabajo, hacer lo que les d\u00e9 la gana, <b>y que lo \u00fanico que sobra en la sociedad son machistas y mis\u00f3genos como t\u00fa\u00bb<\/b>, ha incidido la colaboradora.<\/p>\n<p><b>\u00abEs decir, aqu\u00ed no hay ninguna mujer que est\u00e9 por encima o por debajo de su peso. <\/b>Lo \u00fanico que est\u00e1 es en su derecho de ser, sentir y parecer lo que le d\u00e9 la gana m\u00e1s all\u00e1 de discursos negacionistas como el tuyo\u00bb, ha concluido la analista pol\u00edtica.<\/p>\n","protected":false},"excerpt":{"rendered":"La analista pol\u00edtica Sarah Santaolalla ha protagonizado una divertida escena en el progama de televisi\u00f3n &#8216;En boca de&hellip;\n","protected":false},"author":2,"featured_media":163512,"comment_status":"","ping_status":"","sticky":false,"template":"","format":"standard","meta":{"footnotes":""},"categories":[171],"tags":[2724,146,147,25,24,2464,9260,9259,48332,23,214],"class_list":{"0":"post-163511","1":"post","2":"type-post","3":"status-publish","4":"format-standard","5":"has-post-thumbnail","7":"category-tv","8":"tag-comentario","9":"tag-entertainment","10":"tag-entretenimiento","11":"tag-es","12":"tag-espana","13":"tag-pleno","14":"tag-santaolalla","15":"tag-sarah","16":"tag-sincero","17":"tag-spain","18":"tag-tv"},"share_on_mastodon":{"url":"","error":""},"_links":{"self":[{"href":"https:\/\/www.europesays.com\/es\/wp-json\/wp\/v2\/posts\/163511","targetHints":{"allow":["GET"]}}],"collection":[{"href":"https:\/\/www.europesays.com\/es\/wp-json\/wp\/v2\/posts"}],"about":[{"href":"https:\/\/www.europesays.com\/es\/wp-json\/wp\/v2\/types\/post"}],"author":[{"embeddable":true,"href":"https:\/\/www.europesays.com\/es\/wp-json\/wp\/v2\/users\/2"}],"replies":[{"embeddable":true,"href":"https:\/\/www.europesays.com\/es\/wp-json\/wp\/v2\/comments?post=163511"}],"version-history":[{"count":0,"href":"https:\/\/www.europesays.com\/es\/wp-json\/wp\/v2\/posts\/163511\/revisions"}],"wp:featuredmedia":[{"embeddable":true,"href":"https:\/\/www.europesays.com\/es\/wp-json\/wp\/v2\/media\/163512"}],"wp:attachment":[{"href":"https:\/\/www.europesays.com\/es\/wp-json\/wp\/v2\/media?parent=163511"}],"wp:term":[{"taxonomy":"category","embeddable":true,"href":"https:\/\/www.europesays.com\/es\/wp-json\/wp\/v2\/categories?post=163511"},{"taxonomy":"post_tag","embeddable":true,"href":"https:\/\/www.europesays.com\/es\/wp-json\/wp\/v2\/tags?post=163511"}],"curies":[{"name":"wp","href":"https:\/\/api.w.org\/{rel}","templated":true}]}}