{"id":163528,"date":"2025-10-08T19:20:18","date_gmt":"2025-10-08T19:20:18","guid":{"rendered":"https:\/\/www.europesays.com\/es\/163528\/"},"modified":"2025-10-08T19:20:18","modified_gmt":"2025-10-08T19:20:18","slug":"el-villarreal-barca-hara-historia-en-miami-javier-tebas-pone-fecha-al-primer-partido-de-laliga-fuera-de-espana-futbol","status":"publish","type":"post","link":"https:\/\/www.europesays.com\/es\/163528\/","title":{"rendered":"El Villarreal-Bar\u00e7a har\u00e1 historia en Miami: Javier Tebas pone fecha al primer partido de LaLiga fuera de Espa\u00f1a | F\u00fatbol"},"content":{"rendered":"<p>Una de las mayores revoluciones que preparaba Javier Tebas para LaLiga est\u00e1 ya a unas semanas de hacerse realidad. S\u00f3lo quedan unos flecos para dar oficialidad al Hard Rock Stadium de Miami como nueva sede del Villarreal-Bar\u00e7a de la jornada 17 de LaLiga EA Sports. As\u00ed lo ha confirmado Javier Tebas, quien adem\u00e1s ha puesto fecha a esta novedad, sacando por primera vez un partido de liga nacional de las fronteras de Espa\u00f1a.<\/p>\n<p>M\u00e1s informaci\u00f3n<\/p>\n<p>\u00abSalvo un peque\u00f1o tema formal, est\u00e1 pr\u00e1cticamente terminado el poder decir que el pr\u00f3ximo s\u00e1bado 20 de diciembre se jugar\u00e1 en Miami un partido oficial de Liga: el Villarreal-FC Barcelona. En lugar de en el estadio de La Cer\u00e1mica de Villarreal se jugar\u00e1 en el Hard Rock Stadium de Miami\u00bb, expres\u00f3 Tebas en el Sports Summit USA 2025, dando confirmaci\u00f3n al visto bueno que han recibido los tr\u00e1mites solicitados a las instituciones internacionales. El &#8216;OK&#8217; de UEFA de este lunes, paso indispensable para sacar adelante el traslado, dej\u00f3 casi zanjada una de las victorias m\u00e1s peleadas por Tebas en los \u00faltimos a\u00f1os.<\/p>\n<p>\u00abEste partido busca precisamente acercar nuestro f\u00fatbol a esa afici\u00f3n global sin menoscabar el compromiso con quienes cada jornada lo disfrutan en los estadios de Espa\u00f1a\u00bb, celebr\u00f3 de igual modo Tebas, quien defendi\u00f3 la \u00abnueva dimensi\u00f3n\u00bb a la que salta la competici\u00f3n y su incidencia dentro del campeonato: \u00abSe trata de un solo encuentro dentro de los 380 que conforman la temporada\u00bb.<\/p>\n<p>Villarreal y Bar\u00e7a tambi\u00e9n celebran el acuerdo<\/p>\n<p>Los tres puntos se pondr\u00e1n en juego en el Hard Rock Stadium de Miami, donde el Villarreal actuar\u00e1 como local. Este desplazamiento ha obligado tambi\u00e9n al club &#8216;groguet&#8217; a prever las primeras medidas para compensar a sus aficionados, ofreci\u00e9ndose incluso a costear el viaje de aquellos abonados que quieran animar al equipo en Estados Unidos. Como parte afectada se pronunci\u00f3 tambi\u00e9n Fernando Roid, presidente del Villarreal, quien anticip\u00f3 una \u00abgran experiencia\u00bb para su club a la par que admiti\u00f3: \u00abSe ver\u00e1n afectados nuestros abonados y por eso llevaremos a cabo importantes medidas para compensarles\u00bb.<\/p>\n<p>Asimismo, el presidente del FC Barcelona, Joan Laporta, mostr\u00f3 su predisposici\u00f3n a este salto hist\u00f3rico. \u00abEsta oportunidad refuerza nuestro compromiso con los fans internacionales, especialmente en un mercado clave como EEUU. Un partido oficial en una ciudad como Miami, con una gran comunidad cul\u00e9, ser\u00e1 sin duda un gran espect\u00e1culo con dos equipos compitiendo al m\u00e1ximo nivel\u00bb, destac\u00f3.<\/p>\n<p>Una primera remesa de entradas para el Hard Rock Stadium se pondr\u00e1 a disposici\u00f3n de los aficionados en preventa el pr\u00f3ximo 21 de octubre. La totalidad de ellas estar\u00e1 a la venta a partir del d\u00eda 22.<\/p>\n<p>La reacci\u00f3n de AFE<\/p>\n<p>Tras el anuncio de Tebas en Miami, AFE acaba de convocar para los pr\u00f3ximos d\u00edas una reuni\u00f3n presencial en su sede de Madrid con una representaci\u00f3n de los capitanes de Primera Divisi\u00f3n. A este mismo encuentro han sido invitados tambi\u00e9n representantes de LaLiga, el Bar\u00e7a y el Villarreal para que puedan dar toda la informaci\u00f3n que piden los futbolistas.<\/p>\n<p><img loading=\"lazy\" decoding=\"async\" src=\"https:\/\/www.europesays.com\/es\/wp-content\/uploads\/2025\/10\/https:\/\/sdmedia.playser.cadenaser.com\/playser\/image\/202510\/08\/1759881199_still.jpg\" width=\"16\" height=\"9\"\/><\/p>\n","protected":false},"excerpt":{"rendered":"Una de las mayores revoluciones que preparaba Javier Tebas para LaLiga est\u00e1 ya a unas semanas de hacerse&hellip;\n","protected":false},"author":2,"featured_media":163529,"comment_status":"","ping_status":"","sticky":false,"template":"","format":"standard","meta":{"footnotes":""},"categories":[5],"tags":[18660,19593,17,18,19594,17309,25,24,14888,881,13,14,280,525,11,288,1210,19595,19,20,1211,1212,9,10,15,16,1215,18521,19596,11679,19597,19598,23,1219,167,1221,18523,12,21,22,18525,13131],"class_list":{"0":"post-163528","1":"post","2":"type-post","3":"status-publish","4":"format-standard","5":"has-post-thumbnail","7":"category-titulares","8":"tag-action","9":"tag-ayoze","10":"tag-breaking-news","11":"tag-breakingnews","12":"tag-club-match","13":"tag-date","14":"tag-es","15":"tag-espana","16":"tag-estadio-de-la-ceramica","17":"tag-fc-barcelona","18":"tag-featured-news","19":"tag-featurednews","20":"tag-football","21":"tag-game","22":"tag-headlines","23":"tag-laliga","24":"tag-laliga-ea-sports","25":"tag-laliga-match","26":"tag-latest-news","27":"tag-latestnews","28":"tag-league","29":"tag-match","30":"tag-news","31":"tag-noticias","32":"tag-noticias-destacadas","33":"tag-noticiasdestacadas","34":"tag-nurphoto","35":"tag-players","36":"tag-professional-football","37":"tag-raphinha","38":"tag-reaction","39":"tag-september-22","40":"tag-spain","41":"tag-spanish-football","42":"tag-sports","43":"tag-sports-photography","44":"tag-teams","45":"tag-titulares","46":"tag-ultimas-noticias","47":"tag-ultimasnoticias","48":"tag-venue","49":"tag-vila-real"},"share_on_mastodon":{"url":"","error":""},"_links":{"self":[{"href":"https:\/\/www.europesays.com\/es\/wp-json\/wp\/v2\/posts\/163528","targetHints":{"allow":["GET"]}}],"collection":[{"href":"https:\/\/www.europesays.com\/es\/wp-json\/wp\/v2\/posts"}],"about":[{"href":"https:\/\/www.europesays.com\/es\/wp-json\/wp\/v2\/types\/post"}],"author":[{"embeddable":true,"href":"https:\/\/www.europesays.com\/es\/wp-json\/wp\/v2\/users\/2"}],"replies":[{"embeddable":true,"href":"https:\/\/www.europesays.com\/es\/wp-json\/wp\/v2\/comments?post=163528"}],"version-history":[{"count":0,"href":"https:\/\/www.europesays.com\/es\/wp-json\/wp\/v2\/posts\/163528\/revisions"}],"wp:featuredmedia":[{"embeddable":true,"href":"https:\/\/www.europesays.com\/es\/wp-json\/wp\/v2\/media\/163529"}],"wp:attachment":[{"href":"https:\/\/www.europesays.com\/es\/wp-json\/wp\/v2\/media?parent=163528"}],"wp:term":[{"taxonomy":"category","embeddable":true,"href":"https:\/\/www.europesays.com\/es\/wp-json\/wp\/v2\/categories?post=163528"},{"taxonomy":"post_tag","embeddable":true,"href":"https:\/\/www.europesays.com\/es\/wp-json\/wp\/v2\/tags?post=163528"}],"curies":[{"name":"wp","href":"https:\/\/api.w.org\/{rel}","templated":true}]}}