{"id":163577,"date":"2025-10-08T19:52:08","date_gmt":"2025-10-08T19:52:08","guid":{"rendered":"https:\/\/www.europesays.com\/es\/163577\/"},"modified":"2025-10-08T19:52:08","modified_gmt":"2025-10-08T19:52:08","slug":"inexistente-offside-evito-la-clasificacion-de-cabo-verde-que-anoto-insolito-gol","status":"publish","type":"post","link":"https:\/\/www.europesays.com\/es\/163577\/","title":{"rendered":"inexistente offside evit\u00f3 la clasificaci\u00f3n de Cabo Verde, que anot\u00f3 ins\u00f3lito gol"},"content":{"rendered":"<p>F\u00fatbolUy. Seguinos en Twitter <a href=\"https:\/\/twitter.com\/futbolportaluy\" target=\"_blank\" rel=\"nofollow noopener\">@futbolportaluy<\/a><\/p>\n<p>Las <strong>Eliminatorias africanas<\/strong> para el <strong>Mundial <\/strong>de Estados Unidos, M\u00e9xico y Canad\u00e1 de 2026 est\u00e1n llegando a su fin. Este mi\u00e9rcoles comenzaron los partidos de la pen\u00faltima fecha y algunas selecciones buscan confirmar su pasaje a la cita mundialista en los pr\u00f3ximos d\u00edas.<\/p>\n<p>Una de las selecciones sensaci\u00f3n de las clasificatorias ha sido <strong>Cabo Verde<\/strong>, que hoy ten\u00eda la gran posibilidad de sellar su clasificaci\u00f3n, pero <strong>empat\u00f3 3-3 con Libia<\/strong> como visitante y ahora deber\u00e1 ganar en la \u00faltima jornada para meterse en la Copa del Mundo.<\/p>\n<p>Roberto Lopes, en contra, puso en ventaja a Libia al minuto de juego, mientras que Telmo Arcanjo lo igual\u00f3 a los 29&#8242;. Ezoo El Mariamy puso el 2-1 local a los 42\u2019 y <strong>Mahmoud Al Shilw, con un tremendo golazo<\/strong>, coloc\u00f3 el 3-1 a los 58\u2019.<\/p>\n<blockquote class=\"twitter-tweet\"><p>\n    <a href=\"https:\/\/twitter.com\/nahuelzn\/status\/1975933515129925826\" rel=\"nofollow noopener\" target=\"_blank\">\n<\/p><\/blockquote>\n<p>La (casi) remontada caboverdiana comenz\u00f3 a los 76\u2019 con el gol de <strong>Sidny Cabral<\/strong>, que remat\u00f3 \u2014 bastante suave, la verdad\u2014 y <strong>la pelota se le escurri\u00f3 entre las piernas al golero Murad Al Wuheeshi<\/strong>, quien, incre\u00edblemente, no pudo atraparla.<\/p>\n<blockquote class=\"twitter-tweet\"><p>\n    <a href=\"https:\/\/twitter.com\/nahuelzn\/status\/1975937015125598674\" rel=\"nofollow noopener\" target=\"_blank\">\n<\/p><\/blockquote>\n<p>A los 82&#8242;, Willy Semedo puso el definitivo 3-3.<\/p>\n<p>Pero a los 90\u2019+6, cuando faltaba un minuto para el final del partido, Cabo Verde agarr\u00f3 mal parado a Libia y se iba rumbo al \u00e1rea para anotar <strong>el gol que le daba la clasificaci\u00f3n<\/strong> al Mundial hoy mismo, pero <strong>el asistente cobr\u00f3 un offside inexistente<\/strong> que volvi\u00f3<br \/>\nlocos a los jugadores visitantes.<\/p>\n<blockquote class=\"twitter-tweet\"><p>\n    <a href=\"https:\/\/twitter.com\/nahuelzn\/status\/1975946755050246189\" rel=\"nofollow noopener\" target=\"_blank\">\n<\/p><\/blockquote>\n<p>Con este resultado, Cabo Verde qued\u00f3 <strong>primero con 20 puntos<\/strong>, dos m\u00e1s que Camer\u00fan, que derrot\u00f3 2-0 a Mauricio.<\/p>\n<p>Los primeros de cada grupo clasificar\u00e1n al Mundial, mientras que los cuatro mejores segundos jugar\u00e1n un playoff y el ganador ir\u00e1 al repechaje intercontinental.<\/p>\n<p>En la \u00faltima fecha, que ser\u00e1 el lunes desde las 13:00 horas de Uruguay, Cabo Verde ser\u00e1 local ante <strong>Esuatini<\/strong>, que marcha \u00faltimo, y Camer\u00fan recibir\u00e1 a Angola.<\/p>\n<p>F\u00fatbolUy. Seguinos en Twitter <a href=\"https:\/\/twitter.com\/futbolportaluy\" target=\"_blank\" rel=\"nofollow noopener\">@futbolportaluy<\/a><\/p>\n<p itemprop=\"name\">F\u00fatbolUy &#8211; Montevideo Portal<\/p>\n<p>                                         <script async src=\"https:\/\/platform.twitter.com\/widgets.js\" charset=\"utf-8\"><\/script><\/p>\n","protected":false},"excerpt":{"rendered":"F\u00fatbolUy. Seguinos en Twitter @futbolportaluy Las Eliminatorias africanas para el Mundial de Estados Unidos, M\u00e9xico y Canad\u00e1 de&hellip;\n","protected":false},"author":2,"featured_media":163578,"comment_status":"","ping_status":"","sticky":false,"template":"","format":"standard","meta":{"footnotes":""},"categories":[268],"tags":[168,25,24,280,282,281,23,167],"class_list":{"0":"post-163577","1":"post","2":"type-post","3":"status-publish","4":"format-standard","5":"has-post-thumbnail","7":"category-futbol","8":"tag-deportes","9":"tag-es","10":"tag-espana","11":"tag-football","12":"tag-futbol","13":"tag-soccer","14":"tag-spain","15":"tag-sports"},"share_on_mastodon":{"url":"","error":""},"_links":{"self":[{"href":"https:\/\/www.europesays.com\/es\/wp-json\/wp\/v2\/posts\/163577","targetHints":{"allow":["GET"]}}],"collection":[{"href":"https:\/\/www.europesays.com\/es\/wp-json\/wp\/v2\/posts"}],"about":[{"href":"https:\/\/www.europesays.com\/es\/wp-json\/wp\/v2\/types\/post"}],"author":[{"embeddable":true,"href":"https:\/\/www.europesays.com\/es\/wp-json\/wp\/v2\/users\/2"}],"replies":[{"embeddable":true,"href":"https:\/\/www.europesays.com\/es\/wp-json\/wp\/v2\/comments?post=163577"}],"version-history":[{"count":0,"href":"https:\/\/www.europesays.com\/es\/wp-json\/wp\/v2\/posts\/163577\/revisions"}],"wp:featuredmedia":[{"embeddable":true,"href":"https:\/\/www.europesays.com\/es\/wp-json\/wp\/v2\/media\/163578"}],"wp:attachment":[{"href":"https:\/\/www.europesays.com\/es\/wp-json\/wp\/v2\/media?parent=163577"}],"wp:term":[{"taxonomy":"category","embeddable":true,"href":"https:\/\/www.europesays.com\/es\/wp-json\/wp\/v2\/categories?post=163577"},{"taxonomy":"post_tag","embeddable":true,"href":"https:\/\/www.europesays.com\/es\/wp-json\/wp\/v2\/tags?post=163577"}],"curies":[{"name":"wp","href":"https:\/\/api.w.org\/{rel}","templated":true}]}}