{"id":163610,"date":"2025-10-08T20:09:08","date_gmt":"2025-10-08T20:09:08","guid":{"rendered":"https:\/\/www.europesays.com\/es\/163610\/"},"modified":"2025-10-08T20:09:08","modified_gmt":"2025-10-08T20:09:08","slug":"en-esta-etapa-va-a-desarrollar-todo-su-potencial","status":"publish","type":"post","link":"https:\/\/www.europesays.com\/es\/163610\/","title":{"rendered":"\u00abEn esta etapa va a desarrollar todo su potencial\u00bb"},"content":{"rendered":"<p style=\"\">Las artes marciales mixtas (MMA) espa\u00f1olas est\u00e1n de enhorabuena. Joel \u00c1lvarez, una de las puntas de lanza de la &#8216;Armada nacional&#8217; en la UFC, est\u00e1 de regreso. Lo har\u00e1 este s\u00e1bado en el UFC R\u00edo de Janeiro, ante el brasile\u00f1o Vicente Luque, en lo que  &#8230; supondr\u00e1<strong> su regreso al oct\u00e1gono despu\u00e9s de diez meses fuera de competici\u00f3n<\/strong>. Adem\u00e1s, ser\u00e1 su debut en el peso w\u00e9lter (170 libras, 77,1 kilos), dejando atr\u00e1s su etapa en el peso ligero (70,3 kilos), una divisi\u00f3n que le llevaba al l\u00edmite debido a su enorme estatura (1,91 metros).<\/p>\n<p class=\"voc-p\" style=\"\">Para llegar a esta pelea, que ha aceptado <a href=\"https:\/\/www.abc.es\/deportes\/mma\/joel-alvarez-ante-cita-importante-ufc-fan-20251008022655-nt.html\" target=\"_self\" data-voc-vtm-id=\"in-text-traffic\" title=\"en un corto aviso de tres semanas\" rel=\"nofollow noopener\">en un corto aviso de tres semanas<\/a>, Joel \u00c1lvarez, el asturiano ha tenido que pasar alg\u00fan que otro traspi\u00e9, como aquel que le sac\u00f3 de su combate previsto para el pasado mes de mayo por una lesi\u00f3n en la mano, como recuerda su psic\u00f3logo deportivo, Alejandro Amigo. \u00abLa pelea que iba a realizar en Canad\u00e1 y que tuvo cancelar por lesi\u00f3n fue un palo, era la primera vez que se lesionaba en una preparaci\u00f3n durante su carrera en la UFC. Como profesional que es, entendi\u00f3 que esas cosas pasan, una vez se recuper\u00f3 de la mano, empez\u00f3 las negociaciones para afrontar la siguiente pelea. <strong>Sab\u00edamos que \u00edbamos a pelear entre septiembre y noviembre, se dio esta opci\u00f3n y se cogi\u00f3, que para eso hab\u00eda subido al peso w\u00e9lter, para poder tomar estas oportunidades<\/strong>\u00bb, apunta Amigo a ABC MMA.<\/p>\n<p class=\"voc-p\" style=\"\">Para el psic\u00f3logo de El Fen\u00f3meno, este cambio ser\u00e1 vital para su felicidad y, por tanto, su desempe\u00f1o dentro del oct\u00e1gono. \u00abCreo que el problema de Joel en el peso ligero era lo que le cambiaba la vida el tener que dar los 70 kilos, sobre todo la \u00faltima semana, que le ten\u00edas que quitar el alma, \u00e9l es un deportista nato y sabe que tiene que comer bien y entrenar duro, pero era perder la vida literalmente. Ahora ha cambiado mucho,<strong> est\u00e1 disfrutando del deporte y se est\u00e1 enfocando en lo que de verdad importa que es la pelea<\/strong>\u00bb, se\u00f1ala Amigo. <\/p>\n<p class=\"voc-p\" style=\"\">El psic\u00f3logo se\u00f1ala en este peri\u00f3dico que llega un periodo de mucho \u00e9xito para el asturiano. \u00abAhora estamos muy ilusionados con lo que viene, una etapa en la que Joel va a poder desarrollar todo su potencial, en el peso ligero era uno de los peleadores m\u00e1s peligrosos del mundo, pero<a href=\"https:\/\/www.abc.es\/deportes\/mma\/joel-alvarez-ante-cita-importante-ufc-fan-20251008022655-nt.html\" target=\"_self\" data-voc-vtm-id=\"in-text-traffic\" title=\" en el peso w\u00e9lter creo que es el m\u00e1s talentoso de la divisi\u00f3n\" rel=\"nofollow noopener\"> en el peso w\u00e9lter creo que es el m\u00e1s talentoso de la divisi\u00f3n<\/a>\u00bb, asegura. Y atisba un horizonte muy exitoso para el de Gij\u00f3n: \u00abTe dir\u00eda que Joel va a llegar a ser campe\u00f3n, pero nosotros en el equipo intentamos inculcar el ir d\u00eda a d\u00eda, va a ir ganando a todo el que se le ponga por delante y necesitamos esa estabilidad competitiva que le va a llevar a lo m\u00e1s alto\u00bb. <\/p>\n","protected":false},"excerpt":{"rendered":"Las artes marciales mixtas (MMA) espa\u00f1olas est\u00e1n de enhorabuena. Joel \u00c1lvarez, una de las puntas de lanza de&hellip;\n","protected":false},"author":2,"featured_media":163611,"comment_status":"","ping_status":"","sticky":false,"template":"","format":"standard","meta":{"footnotes":""},"categories":[276],"tags":[4458,11922,5437,168,25,24,4457,853,48350,23,167,343,11575],"class_list":{"0":"post-163610","1":"post","2":"type-post","3":"status-publish","4":"format-standard","5":"has-post-thumbnail","7":"category-ufc","8":"tag-alvarez","9":"tag-analiza","10":"tag-debut","11":"tag-deportes","12":"tag-es","13":"tag-espana","14":"tag-joel","15":"tag-peso","16":"tag-psicologo","17":"tag-spain","18":"tag-sports","19":"tag-ufc","20":"tag-welter"},"share_on_mastodon":{"url":"","error":""},"_links":{"self":[{"href":"https:\/\/www.europesays.com\/es\/wp-json\/wp\/v2\/posts\/163610","targetHints":{"allow":["GET"]}}],"collection":[{"href":"https:\/\/www.europesays.com\/es\/wp-json\/wp\/v2\/posts"}],"about":[{"href":"https:\/\/www.europesays.com\/es\/wp-json\/wp\/v2\/types\/post"}],"author":[{"embeddable":true,"href":"https:\/\/www.europesays.com\/es\/wp-json\/wp\/v2\/users\/2"}],"replies":[{"embeddable":true,"href":"https:\/\/www.europesays.com\/es\/wp-json\/wp\/v2\/comments?post=163610"}],"version-history":[{"count":0,"href":"https:\/\/www.europesays.com\/es\/wp-json\/wp\/v2\/posts\/163610\/revisions"}],"wp:featuredmedia":[{"embeddable":true,"href":"https:\/\/www.europesays.com\/es\/wp-json\/wp\/v2\/media\/163611"}],"wp:attachment":[{"href":"https:\/\/www.europesays.com\/es\/wp-json\/wp\/v2\/media?parent=163610"}],"wp:term":[{"taxonomy":"category","embeddable":true,"href":"https:\/\/www.europesays.com\/es\/wp-json\/wp\/v2\/categories?post=163610"},{"taxonomy":"post_tag","embeddable":true,"href":"https:\/\/www.europesays.com\/es\/wp-json\/wp\/v2\/tags?post=163610"}],"curies":[{"name":"wp","href":"https:\/\/api.w.org\/{rel}","templated":true}]}}