{"id":163612,"date":"2025-10-08T20:11:07","date_gmt":"2025-10-08T20:11:07","guid":{"rendered":"https:\/\/www.europesays.com\/es\/163612\/"},"modified":"2025-10-08T20:11:07","modified_gmt":"2025-10-08T20:11:07","slug":"rafa-nadal-protagonista-del-ultimo-ataque-de-ira-de-medvedev","status":"publish","type":"post","link":"https:\/\/www.europesays.com\/es\/163612\/","title":{"rendered":"Rafa Nadal, protagonista del \u00faltimo ataque de ira de Medvedev"},"content":{"rendered":"<p class=\"L6-news-detail__text\"><b>Daniil<\/b><b> Medvedev<\/b> sigue vivo en el <b>Masters 1000 de Shangh\u00e1i<\/b> a pesar de los calambres y de la dificultad que tiene para mantener la calma. <\/p>\n<p class=\"L6-news-detail__text\">El ruso, que ha vuelto a tener molestias f\u00edsicas en su partido ante <b>LearnerTien<\/b>, ha vencido al joven estadounidense en tres sets para lograr un billete para cuartos de final, donde se medir\u00e1 contra De Mi\u00f1aur. <\/p>\n<p class=\"L6-news-detail__text\">Eso s\u00ed, dando la nota. En la segunda manga, Medvedev ha recibido un <b>&#8216;<\/b><b>codeviolation<\/b><b>&#8216;<\/b> por no estar listo a tiempo para restar el saque de Tien.<\/p>\n<p class=\"L6-news-detail__text\">Tras perder dicho set, el moscovita se ha ido directo a por el juez de silla <b>Mohamed <\/b><b>Lahyani<\/b> para recriminarle el castigo.<\/p>\n<p class=\"L6-news-detail__text\">Y lo ha hecho recordando sus partidos contra <b>Rafa Nadal<\/b>: \u00abToda mi vida he jugado contra Nadal y le esperaba 55 segundos a que estuviese listo para restar.<b> Jam\u00e1s recibi\u00f3 ni una sola infracci\u00f3n<\/b>\u00ab. <\/p>\n<p class=\"L6-news-detail__text\">\u00abHoy, a la primera, me la das. Esperaba siempre a que estuviese listo para sacar, y jam\u00e1s se lo dabais. <b>Est\u00e1is completamente locos<\/b>\u00ab, ha a\u00f1adido. <\/p>\n<blockquote class=\"twitter-tweet\" data-media-max-width=\"560\">\n<p class=\"L6-news-detail__text\">Spot on. Great to hear Medvedev calling out the doubles standard with Rafael Nadal \ud83d\udc4f Even other players notice the preferential treatment Nadal has received over the year <a title=\"pic.twitter.com\/X1ocWKv951\" href=\"https:\/\/t.co\/X1ocWKv951\" target=\"_blank\" rel=\"nofollow\">pic.twitter.com\/X1ocWKv951<\/a><\/p>\n<p>\u2014 Nicolas Ally (@nick_ally1986) <a title=\"October 8, 2025\" href=\"https:\/\/twitter.com\/nick_ally1986\/status\/1975937308210889005?ref_src=twsrc%5Etfw\" target=\"_blank\" rel=\"nofollow noopener\">October 8, 2025<\/a><\/p><\/blockquote>\n<p class=\"L6-support-news-video__title\">MotoGP<\/p>\n<p>            <a href=\"https:\/\/www.lasexta.com\/noticias\/deportes\/motor\/insaciable-tremendo-doble-adelantamiento-marquez-sprint-indonesia_2025100468e0d199771e4a2d532da1fd.html\" class=\"L6-news__link\" rel=\"nofollow noopener\" target=\"_blank\"><br \/>\n                Es insaciable: el tremendo doble adelantamiento de M\u00e1rquez en la &#8216;sprint&#8217; de Indonesia<\/p>\n<p class=\"recirculation-video-desc\">El de Cervera se deshizo de Binder y Morbidelli en pr\u00e1cticamente una curva con una acci\u00f3n espectacular. Sin embargo, no puedo evitar su peor resultado en una &#8216;sprint&#8217; esta temporada.<\/p>\n<p>            <\/a><\/p>\n<p><script async src=\"https:\/\/platform.twitter.com\/widgets.js\" charset=\"utf-8\"><\/script><\/p>\n","protected":false},"excerpt":{"rendered":"Daniil Medvedev sigue vivo en el Masters 1000 de Shangh\u00e1i a pesar de los calambres y de la&hellip;\n","protected":false},"author":2,"featured_media":163613,"comment_status":"","ping_status":"","sticky":false,"template":"","format":"standard","meta":{"footnotes":""},"categories":[274],"tags":[168,25,24,23,167,327,326],"class_list":{"0":"post-163612","1":"post","2":"type-post","3":"status-publish","4":"format-standard","5":"has-post-thumbnail","7":"category-tenis","8":"tag-deportes","9":"tag-es","10":"tag-espana","11":"tag-spain","12":"tag-sports","13":"tag-tenis","14":"tag-tennis"},"share_on_mastodon":{"url":"","error":""},"_links":{"self":[{"href":"https:\/\/www.europesays.com\/es\/wp-json\/wp\/v2\/posts\/163612","targetHints":{"allow":["GET"]}}],"collection":[{"href":"https:\/\/www.europesays.com\/es\/wp-json\/wp\/v2\/posts"}],"about":[{"href":"https:\/\/www.europesays.com\/es\/wp-json\/wp\/v2\/types\/post"}],"author":[{"embeddable":true,"href":"https:\/\/www.europesays.com\/es\/wp-json\/wp\/v2\/users\/2"}],"replies":[{"embeddable":true,"href":"https:\/\/www.europesays.com\/es\/wp-json\/wp\/v2\/comments?post=163612"}],"version-history":[{"count":0,"href":"https:\/\/www.europesays.com\/es\/wp-json\/wp\/v2\/posts\/163612\/revisions"}],"wp:featuredmedia":[{"embeddable":true,"href":"https:\/\/www.europesays.com\/es\/wp-json\/wp\/v2\/media\/163613"}],"wp:attachment":[{"href":"https:\/\/www.europesays.com\/es\/wp-json\/wp\/v2\/media?parent=163612"}],"wp:term":[{"taxonomy":"category","embeddable":true,"href":"https:\/\/www.europesays.com\/es\/wp-json\/wp\/v2\/categories?post=163612"},{"taxonomy":"post_tag","embeddable":true,"href":"https:\/\/www.europesays.com\/es\/wp-json\/wp\/v2\/tags?post=163612"}],"curies":[{"name":"wp","href":"https:\/\/api.w.org\/{rel}","templated":true}]}}