{"id":163614,"date":"2025-10-08T20:12:12","date_gmt":"2025-10-08T20:12:12","guid":{"rendered":"https:\/\/www.europesays.com\/es\/163614\/"},"modified":"2025-10-08T20:12:12","modified_gmt":"2025-10-08T20:12:12","slug":"adrian-benito-primer-fichaje-del-polti-visitmalta-para-2026-2","status":"publish","type":"post","link":"https:\/\/www.europesays.com\/es\/163614\/","title":{"rendered":"Adri\u00e1n Benito, primer fichaje del Polti VisitMalta para 2026"},"content":{"rendered":"<p>                    El ciclista granadino de 21 a\u00f1os -uno de los mejores sub-23 de la temporada corriendo en el Extremadura-Pebetero- dar\u00e1 el salto a profesionales con el ProTeam de la Fundaci\u00f3n Contador, con el que firma para las dos pr\u00f3ximas temporadas.<\/p>\n<p class=\"c-news-list__author\">Ciclismoafondo.es. Foto: Team Polti VisitMalta<\/p>\n<p class=\"c-mainarticle__date\">\n<p>                    8 de octubre de 2025 (10:35 CET)<\/p>\n<p>                                                                                                                                        <img fetchpriority=\"high\" decoding=\"async\" src=\"https:\/\/www.europesays.com\/es\/wp-content\/uploads\/2025\/10\/adrian-benito-primer-fichaje-del-polti-visitmalta-para-2026.jpeg\" alt=\"Adri\u00e1n Benito, primer fichaje del Polti VisitMalta para 2026\" title=\"Adri\u00e1n Benito, primer fichaje del Polti VisitMalta para 2026\" class=\"c-mainarticle__img\" loading=\"eager\" width=\"790\" height=\"454\"\/><\/p>\n<p>                    Adri\u00e1n Benito, primer fichaje del Polti VisitMalta para 2026<\/p>\n<p>El <strong>Team Polti VisitMalta <\/strong>empieza\u00a0a desvelar su estructura de cara a 2026 y anuncian su <strong>primer fichaje para la pr\u00f3xima temporada<\/strong>, el joven ciclista granadino\u00a0<strong>Adri\u00e1n Benito,<\/strong> procedente del Extremadura-Pebetero, que<strong> dar\u00e1 el salto a profesionales <\/strong>con el ProTeam\u00a0de los hermanos Contador e Ivan Basso, con el que firma\u00a0para las dos pr\u00f3ximas temporadas (hasta 2027).\u00a0\u00a0<\/p>\n<p>Nacido en\u00a0La Zubia (Granada) hace 21 a\u00f1os, <strong>Adri\u00e1n Benito\u00a0llega al Polti VisitMalta despu\u00e9s de cuajar\u00a0una destacada temporada<\/strong>, en la que ha sumado <strong>seis victorias de\u00a0prestigio<\/strong>, incluidas las generales de dos de las vueltas por etapas m\u00e1s duras del calendario, la<strong>\u00a0Vuelta Ciclista a Zamora<\/strong> y la\u00a0<strong>Vuelta Ciclista Castilla &#8211; La Mancha<\/strong>.<\/p>\n<p>Con perfil escalador,<strong> ha sido uno de los mejores sub-23 de la temporada<\/strong> como as\u00ed atestigua su regularidad: podio\u00a0en la primera vuelta por etapas de la temporada, la <strong>Vuelta Ciclista al Guadalent\u00edn &#8211; Regi\u00f3n de Murcia<\/strong> en febrero; y ganador de una de las \u00faltimas carreras, la <strong>Vuelta a Castilla-La Mancha<\/strong>, a mediados de agosto. Por el camino, triunfos tan importantes como la etapa final de la <strong>Vuelta a Extremadura<\/strong>, la \u00faltima etapa y la general de la <strong>Vuelta a Zamora<\/strong>, o la etapa reina de la <strong>Vuelta a Madrid<\/strong> sub-23.<\/p>\n<p>\u00ab<strong>Es una oportunidad \u00fanica, un sue\u00f1o hecho realidad<\/strong>. -dice <strong>Adri\u00e1n Benito<\/strong> en declaraciones facilitadas por su nuevo equipo-.\u00a0Quiero competir al m\u00e1ximo nivel, aunque soy consciente de que comienza una etapa exigente. Ser\u00e1n nuevos retos y responsabilidades, pero los afronto con much\u00edsima ilusi\u00f3n, ganas de aprender, crecer y disfrutar. <strong>Voy a volcarme con el Polti VisitMalta, al servicio de los l\u00edderes y con mucha motivaci\u00f3n<\/strong>\u00ab.<\/p>\n<p>Por su parte para <strong>Fran Contador<\/strong>, m\u00e1nager general del Polti VisitMalta,\u00a0\u00ablos resultados hablan por s\u00ed solos. <strong>Adri\u00e1n ha sido uno de los mejores ciclistas de la categor\u00eda sub-23 este a\u00f1o, merec\u00eda dar el salto a profesionales y estamos encantados de que vaya a ser en el Polti VisitMalta.<\/strong> Queremos darle continuidad a esa proyecci\u00f3n que tiene el corredor\u00bb.<\/p>\n<p>En el <strong>cap\u00edtulo de bajas<\/strong>, la \u00fanica confirmada hasta el momento en el\u00a0Polti VisitMalta es la de\u00a0<strong>Davide Piganzoli,<\/strong> que correr\u00e1 en el\u00a0Visma | Lease a Bike las tres pr\u00f3ximas campa\u00f1as.\u00a0<\/p>\n<p>\u00a0<\/p>\n","protected":false},"excerpt":{"rendered":"El ciclista granadino de 21 a\u00f1os -uno de los mejores sub-23 de la temporada corriendo en el Extremadura-Pebetero-&hellip;\n","protected":false},"author":2,"featured_media":163615,"comment_status":"","ping_status":"","sticky":false,"template":"","format":"standard","meta":{"footnotes":""},"categories":[273],"tags":[313,312,168,25,24,23,167],"class_list":{"0":"post-163614","1":"post","2":"type-post","3":"status-publish","4":"format-standard","5":"has-post-thumbnail","7":"category-ciclismo","8":"tag-ciclismo","9":"tag-cycling","10":"tag-deportes","11":"tag-es","12":"tag-espana","13":"tag-spain","14":"tag-sports"},"share_on_mastodon":{"url":"","error":""},"_links":{"self":[{"href":"https:\/\/www.europesays.com\/es\/wp-json\/wp\/v2\/posts\/163614","targetHints":{"allow":["GET"]}}],"collection":[{"href":"https:\/\/www.europesays.com\/es\/wp-json\/wp\/v2\/posts"}],"about":[{"href":"https:\/\/www.europesays.com\/es\/wp-json\/wp\/v2\/types\/post"}],"author":[{"embeddable":true,"href":"https:\/\/www.europesays.com\/es\/wp-json\/wp\/v2\/users\/2"}],"replies":[{"embeddable":true,"href":"https:\/\/www.europesays.com\/es\/wp-json\/wp\/v2\/comments?post=163614"}],"version-history":[{"count":0,"href":"https:\/\/www.europesays.com\/es\/wp-json\/wp\/v2\/posts\/163614\/revisions"}],"wp:featuredmedia":[{"embeddable":true,"href":"https:\/\/www.europesays.com\/es\/wp-json\/wp\/v2\/media\/163615"}],"wp:attachment":[{"href":"https:\/\/www.europesays.com\/es\/wp-json\/wp\/v2\/media?parent=163614"}],"wp:term":[{"taxonomy":"category","embeddable":true,"href":"https:\/\/www.europesays.com\/es\/wp-json\/wp\/v2\/categories?post=163614"},{"taxonomy":"post_tag","embeddable":true,"href":"https:\/\/www.europesays.com\/es\/wp-json\/wp\/v2\/tags?post=163614"}],"curies":[{"name":"wp","href":"https:\/\/api.w.org\/{rel}","templated":true}]}}