{"id":163616,"date":"2025-10-08T20:13:12","date_gmt":"2025-10-08T20:13:12","guid":{"rendered":"https:\/\/www.europesays.com\/es\/163616\/"},"modified":"2025-10-08T20:13:12","modified_gmt":"2025-10-08T20:13:12","slug":"las-condiciones-de-russell-para-renovar-con-mercedes","status":"publish","type":"post","link":"https:\/\/www.europesays.com\/es\/163616\/","title":{"rendered":"Las condiciones de Russell para renovar con Mercedes"},"content":{"rendered":"<p data-testid=\"paragraph\" class=\"mb-[20px] md:mb-[30px] break-word\">Contin\u00faa la novela de <strong><a href=\"https:\/\/bolavip.com\/mx\/tema\/george-russell\" target=\"_blank\" rel=\"noreferrer noopener nofollow\" class=\"break-word font-articleLinkText text-articleLinkText hover:text-articleLinkTextHover hover:bg-articleLinkTextHoverBg cursor-pointer border-solid border-b-articleLinkTextHover\">George Russell<\/a><\/strong> en <strong>Mercedes<\/strong>. La mayor\u00eda de las escuder\u00edas ya confirmaron a su dupla titular para la temporada 2026 de la <strong>F\u00f3rmula 1<\/strong>, pero Mercedes sigue sin hacerlo debido a que el piloto brit\u00e1nico todav\u00eda no est\u00e1 conforme con los ofrecimientos de la escuder\u00eda que tiene a <strong>Toto Wolff<\/strong> como jefe de equipo.<\/p>\n<p data-testid=\"paragraph\" class=\"mb-[20px] md:mb-[30px] break-word\">Seg\u00fan inform\u00f3 el portal Racing News 365, Russell ha rechazado varias ofertas para extender su v\u00ednculo con las Flechas Plateadas. Aunque ve con buenos ojos continuar en <a href=\"https:\/\/bolavip.com\/mx\/tema\/mercedes-amg-petronas\" target=\"_blank\" rel=\"noreferrer noopener nofollow\" class=\"break-word font-articleLinkText text-articleLinkText hover:text-articleLinkTextHover hover:bg-articleLinkTextHoverBg cursor-pointer border-solid border-b-articleLinkTextHover\">Mercedes<\/a>, el ganador del Gran Premio de Singapur 2025 pone algunas condiciones para poner la firma de cara al pr\u00f3ximo curso.<\/p>\n<p><a title=\"Lewis Hamilton revive su rivalidad con Fernando Alonso y le dedica un posteo en redes sociales\" href=\"https:\/\/bolavip.com\/mx\/f1\/lewis-hamilton-revive-su-rivalidad-con-fernando-alonso-y-le-dedica-un-posteo-en-redes-sociales\" target=\"_self\" rel=\"nofollow noopener\" class=\"article-also-read-embed\"><img decoding=\"async\" class=\"aspect-square max-w-[100px] m-[10px] md:m-0\" src=\"https:\/\/www.europesays.com\/es\/wp-content\/uploads\/2025\/10\/1759954392_395_image\" alt=\"Lewis Hamilton revive su rivalidad con Fernando Alonso y le dedica un posteo en redes sociales\" width=\"200\" height=\"200\" loading=\"lazy\"\/><\/p>\n<p class=\"font-secondary my-[13px] uppercase text-alsoReadSeeAlso bg-alsoReadSeeAlsoBackground alsoReadSeeAlso w-fit\">ver tambi\u00e9n<\/p>\n<p class=\"w-full line-clamp-3 md:line-clamp-2 text-alsoReadEmbedTitle font-primary alsoReadLink\">Lewis Hamilton revive su rivalidad con Fernando Alonso y le dedica un posteo en redes sociales<\/p>\n<p><\/a>Las condiciones de George Russell para renovar con Mercedes<\/p>\n<p data-testid=\"paragraph\" class=\"mb-[20px] md:mb-[30px] break-word\">Tal como inform\u00f3 el citado portal, <strong>Russell pretende un contrato plurianual<\/strong> (de larga duraci\u00f3n) similar al que le ofrecieron a Lewis Hamilton para retenerlo en su momento. Adem\u00e1s, George <strong>exige reducir los 60 d\u00edas de compromisos de marketing<\/strong>.<\/p>\n<p data-testid=\"paragraph\" class=\"mb-[20px] md:mb-[30px] break-word\">De momento no hay acuerdo entre el piloto y la escuder\u00eda, aunque Racing News 365 adelanta que <strong>George podr\u00eda aceptar -en el peor de los casos- un contrato de 1+1 que se renovar\u00eda autom\u00e1ticamente siempre y cuando supere a Kimi Antonelli en la tabla de posiciones del Mundial de Pilotos<\/strong>.<\/p>\n<p><a title=\"Ni Albon ni Lindblad: Red Bull confirma conversaciones con un nuevo piloto para 2026\" href=\"https:\/\/bolavip.com\/mx\/f1\/ni-albon-ni-lindblad-red-bull-confirma-conversaciones-con-un-nuevo-piloto-para-2026\" target=\"_self\" rel=\"nofollow noopener\" class=\"article-also-read-embed\"><img decoding=\"async\" class=\"aspect-square max-w-[100px] m-[10px] md:m-0\" src=\"https:\/\/www.europesays.com\/es\/wp-content\/uploads\/2025\/10\/1759954392_318_image\" alt=\"Ni Albon ni Lindblad: Red Bull confirma conversaciones con un nuevo piloto para 2026\" width=\"200\" height=\"200\" loading=\"lazy\"\/><\/p>\n<p class=\"font-secondary my-[13px] uppercase text-alsoReadSeeAlso bg-alsoReadSeeAlsoBackground alsoReadSeeAlso w-fit\">ver tambi\u00e9n<\/p>\n<p class=\"w-full line-clamp-3 md:line-clamp-2 text-alsoReadEmbedTitle font-primary alsoReadLink\">Ni Albon ni Lindblad: Red Bull confirma conversaciones con un nuevo piloto para 2026<\/p>\n<p><\/a>\u00bfCu\u00e1ntas carreras gan\u00f3 George Russell en la temporada 2025?<\/p>\n<p data-testid=\"paragraph\" class=\"break-word\"><strong>Russell gan\u00f3 un total de dos carreras en la presente temporada de la <a href=\"https:\/\/bolavip.com\/mx\/f1\" target=\"_blank\" rel=\"noreferrer noopener nofollow\" class=\"break-word font-articleLinkText text-articleLinkText hover:text-articleLinkTextHover hover:bg-articleLinkTextHoverBg cursor-pointer border-solid border-b-articleLinkTextHover\">F\u00f3rmula 1<\/a><\/strong>. La primera fue el <strong>Gran Premio de Canad\u00e1<\/strong> (15 de junio), mientras que la \u00faltima fue el pasado domingo en <strong>Singapur<\/strong>. Adem\u00e1s, logr\u00f3 ocho podios que lo colocan en la parte alta de la tabla: est\u00e1 4\u00b0 con 237 puntos.<\/p>\n","protected":false},"excerpt":{"rendered":"Contin\u00faa la novela de George Russell en Mercedes. La mayor\u00eda de las escuder\u00edas ya confirmaron a su dupla&hellip;\n","protected":false},"author":2,"featured_media":163617,"comment_status":"","ping_status":"","sticky":false,"template":"","format":"standard","meta":{"footnotes":""},"categories":[270],"tags":[168,25,24,306,271,272,465,39161,23,167],"class_list":{"0":"post-163616","1":"post","2":"type-post","3":"status-publish","4":"format-standard","5":"has-post-thumbnail","7":"category-formula-1","8":"tag-deportes","9":"tag-es","10":"tag-espana","11":"tag-f1","12":"tag-formula-1","13":"tag-formula1","14":"tag-george-russell","15":"tag-mercedes-amg-petronas","16":"tag-spain","17":"tag-sports"},"share_on_mastodon":{"url":"","error":""},"_links":{"self":[{"href":"https:\/\/www.europesays.com\/es\/wp-json\/wp\/v2\/posts\/163616","targetHints":{"allow":["GET"]}}],"collection":[{"href":"https:\/\/www.europesays.com\/es\/wp-json\/wp\/v2\/posts"}],"about":[{"href":"https:\/\/www.europesays.com\/es\/wp-json\/wp\/v2\/types\/post"}],"author":[{"embeddable":true,"href":"https:\/\/www.europesays.com\/es\/wp-json\/wp\/v2\/users\/2"}],"replies":[{"embeddable":true,"href":"https:\/\/www.europesays.com\/es\/wp-json\/wp\/v2\/comments?post=163616"}],"version-history":[{"count":0,"href":"https:\/\/www.europesays.com\/es\/wp-json\/wp\/v2\/posts\/163616\/revisions"}],"wp:featuredmedia":[{"embeddable":true,"href":"https:\/\/www.europesays.com\/es\/wp-json\/wp\/v2\/media\/163617"}],"wp:attachment":[{"href":"https:\/\/www.europesays.com\/es\/wp-json\/wp\/v2\/media?parent=163616"}],"wp:term":[{"taxonomy":"category","embeddable":true,"href":"https:\/\/www.europesays.com\/es\/wp-json\/wp\/v2\/categories?post=163616"},{"taxonomy":"post_tag","embeddable":true,"href":"https:\/\/www.europesays.com\/es\/wp-json\/wp\/v2\/tags?post=163616"}],"curies":[{"name":"wp","href":"https:\/\/api.w.org\/{rel}","templated":true}]}}