{"id":163618,"date":"2025-10-08T20:14:08","date_gmt":"2025-10-08T20:14:08","guid":{"rendered":"https:\/\/www.europesays.com\/es\/163618\/"},"modified":"2025-10-08T20:14:08","modified_gmt":"2025-10-08T20:14:08","slug":"fiesta-baskonista-el-viernes-en-la-virgen-blanca","status":"publish","type":"post","link":"https:\/\/www.europesays.com\/es\/163618\/","title":{"rendered":"Fiesta baskonista el viernes en la Virgen Blanca"},"content":{"rendered":"<p>\n        <strong>La Plaza de la Virgen Blanca se convertir\u00e1 este viernes desde las 18.30 horas hasta las 21.00 horas en una fiesta azulgrana<\/strong> con la que el <a href=\"https:\/\/www.noticiasdealava.eus\/baskonia\/\" title=\"Baskonia\" class=\"link copy\" rel=\"nofollow noopener\" target=\"_blank\">Baskonia<\/a> pretende acercar la pasi\u00f3n por el baloncesto a vitorianos de todas las edades.\n<\/p>\n<blockquote class=\"twitter-tweet\" data-lang=\"es\">\n<p lang=\"es\" dir=\"ltr\">\ud83d\udea8Viernes 10 de octubre\ud83d\udea8<\/p>\n<p>La Plaza de la Virgen Blanca se convertir\u00e1 en un gran espacio baskonista con baloncesto, m\u00fasica y diversi\u00f3n para todas las edades\ud83c\udfc0\ud83c\udfb6<\/p>\n<p>Canastas, hinchables, fotomat\u00f3n, DJ&#8230;\ud83c\udfb7\ud83d\udd25<\/p>\n<p>\ud83d\udcab Vive la pasi\u00f3n del Baskonia en pleno centro de la ciudad\u2b07\ufe0f<br \/>\ud83d\udccd Plaza de\u2026 <a href=\"https:\/\/t.co\/n09Dh4hrNP\" rel=\"nofollow\">pic.twitter.com\/n09Dh4hrNP<\/a><\/p>\n<p>\u2014 Baskonia (@Baskonia) <a href=\"https:\/\/twitter.com\/Baskonia\/status\/1975882739959181368?ref_src=twsrc%5Etfw\" rel=\"nofollow noopener\" target=\"_blank\">8 de octubre de 2025<\/a><\/p><\/blockquote>\n<p class=\"article-body__text \">\n        Los aficionados podr\u00e1n demostrar su punter\u00eda en <strong>canastas reales<\/strong> o en <strong>simuladores de tiro<\/strong>, divertirse con los <strong>hinchables <\/strong>o llevarse un recuerdo \u00fanico en el <strong>fotomat\u00f3n<\/strong>. Adem\u00e1s, la jornada estar\u00e1 amenizada por la actuaci\u00f3n en directo de<strong> Live Sax, junto a un DJ <\/strong>que pondr\u00e1 ritmo y energ\u00eda al evento.\n<\/p>\n<p>            <script async src=\"https:\/\/platform.twitter.com\/widgets.js\" charset=\"utf-8\"><\/script><\/p>\n","protected":false},"excerpt":{"rendered":"La Plaza de la Virgen Blanca se convertir\u00e1 este viernes desde las 18.30 horas hasta las 21.00 horas&hellip;\n","protected":false},"author":2,"featured_media":163619,"comment_status":"","ping_status":"","sticky":false,"template":"","format":"standard","meta":{"footnotes":""},"categories":[269],"tags":[299,298,8234,386,168,25,24,2328,23,167,381,7699],"class_list":{"0":"post-163618","1":"post","2":"type-post","3":"status-publish","4":"format-standard","5":"has-post-thumbnail","7":"category-baloncesto","8":"tag-baloncesto","9":"tag-basketball","10":"tag-baskonista","11":"tag-blanca","12":"tag-deportes","13":"tag-es","14":"tag-espana","15":"tag-fiesta","16":"tag-spain","17":"tag-sports","18":"tag-viernes","19":"tag-virgen"},"share_on_mastodon":{"url":"","error":""},"_links":{"self":[{"href":"https:\/\/www.europesays.com\/es\/wp-json\/wp\/v2\/posts\/163618","targetHints":{"allow":["GET"]}}],"collection":[{"href":"https:\/\/www.europesays.com\/es\/wp-json\/wp\/v2\/posts"}],"about":[{"href":"https:\/\/www.europesays.com\/es\/wp-json\/wp\/v2\/types\/post"}],"author":[{"embeddable":true,"href":"https:\/\/www.europesays.com\/es\/wp-json\/wp\/v2\/users\/2"}],"replies":[{"embeddable":true,"href":"https:\/\/www.europesays.com\/es\/wp-json\/wp\/v2\/comments?post=163618"}],"version-history":[{"count":0,"href":"https:\/\/www.europesays.com\/es\/wp-json\/wp\/v2\/posts\/163618\/revisions"}],"wp:featuredmedia":[{"embeddable":true,"href":"https:\/\/www.europesays.com\/es\/wp-json\/wp\/v2\/media\/163619"}],"wp:attachment":[{"href":"https:\/\/www.europesays.com\/es\/wp-json\/wp\/v2\/media?parent=163618"}],"wp:term":[{"taxonomy":"category","embeddable":true,"href":"https:\/\/www.europesays.com\/es\/wp-json\/wp\/v2\/categories?post=163618"},{"taxonomy":"post_tag","embeddable":true,"href":"https:\/\/www.europesays.com\/es\/wp-json\/wp\/v2\/tags?post=163618"}],"curies":[{"name":"wp","href":"https:\/\/api.w.org\/{rel}","templated":true}]}}