{"id":163624,"date":"2025-10-08T20:17:09","date_gmt":"2025-10-08T20:17:09","guid":{"rendered":"https:\/\/www.europesays.com\/es\/163624\/"},"modified":"2025-10-08T20:17:09","modified_gmt":"2025-10-08T20:17:09","slug":"los-espectaculares-dibujos-virales-de-los-personajes-de-jerez-y-la-artista-tras-el-boligrafo-belen-smits","status":"publish","type":"post","link":"https:\/\/www.europesays.com\/es\/163624\/","title":{"rendered":"Los espectaculares dibujos virales de los personajes de Jerez y la artista tras el bol\u00edgrafo, Bel\u00e9n Smits"},"content":{"rendered":"<p><strong>Bel\u00e9n Smits Ortu\u00f1o<\/strong>, una jerezana-holandesa de 27 a\u00f1os, se ha convertido en una de<strong> las artistas m\u00e1s virales del momento en TikTok<\/strong>. En su perfil, <strong><a data-external=\"1\" href=\"https:\/\/www.tiktok.com\/@bsmitso\" rel=\"nofollow noopener\" target=\"_blank\" title=\"@bsmitso\">@bsmitso<\/a><\/strong>, muestra c\u00f3mo dibuja con un <strong>simple bol\u00edgrafo azul<\/strong> a <strong>grandes figuras del <a data-external=\"0\" data-intl-links-es=\"https:\/\/www.lavozdelsur.es\/ediciones\/jerez\" href=\"https:\/\/www.lavozdelsur.es\/ediciones\/jerez\" rel=\"follow nofollow noopener\" target=\"_self\" title=\"Jerez\">arte jerezano<\/a><\/strong> como <strong><a data-external=\"0\" data-intl-links-es=\"https:\/\/www.lavozdelsur.es\/vida\/el-eco\/este-es-motivo-por-lola-flores-se-ha-convertido-en-viral_334927_102.html\" href=\"https:\/\/www.lavozdelsur.es\/vida\/el-eco\/este-es-motivo-por-lola-flores-se-ha-convertido-en-viral_334927_102.html\" rel=\"follow nofollow noopener\" target=\"_self\" title=\"Este es el motivo por el que Lola Flores se ha convertido en viral\">Lola Flores<\/a>, <a data-external=\"0\" data-intl-links-es=\"https:\/\/www.lavozdelsur.es\/ediciones\/jerez\/elogio-jose-merce-su-vecino-barrio-santiago-manuel-alejandro-es-mayor-compositor-universo_328998_102.html\" href=\"https:\/\/www.lavozdelsur.es\/ediciones\/jerez\/elogio-jose-merce-su-vecino-barrio-santiago-manuel-alejandro-es-mayor-compositor-universo_328998_102.html\" rel=\"follow nofollow noopener\" target=\"_self\" title=\"El elogio de Jos\u00e9 Merc\u00e9 a su vecino del barrio de Santiago: \" manuel=\"\" alejandro=\"\" es=\"\" el=\"\" mayor=\"\" compositor=\"\" del=\"\" universo=\"\" d>Jos\u00e9 Merc\u00e9<\/a>, <a data-external=\"0\" data-intl-links-es=\"https:\/\/www.lavozdelsur.es\/cultura\/auto-biografia-jerez-sanlucar-flamenco-el-torta-juan-moneo-lara_319363_102.html\" href=\"https:\/\/www.lavozdelsur.es\/cultura\/auto-biografia-jerez-sanlucar-flamenco-el-torta-juan-moneo-lara_319363_102.html\" rel=\"follow nofollow noopener\" target=\"_self\" title=\"Una biograf\u00eda de El Torta escrita en primera persona: \" juan=\"\" era=\"\" un=\"\" ni=\"\" grande=\"\" inocente=\"\" y=\"\" noble=\"\">El Torta<\/a>, <a data-external=\"0\" data-intl-links-es=\"https:\/\/www.lavozdelsur.es\/cultura\/delinquentes-premiados-mas-unidos-nunca-migue-fliparia_322556_102.html\" href=\"https:\/\/www.lavozdelsur.es\/cultura\/delinquentes-premiados-mas-unidos-nunca-migue-fliparia_322556_102.html\" rel=\"follow nofollow noopener\" target=\"_self\" title=\"Los Delinq\u00fcentes, premiados y \" m=\"\" unidos=\"\" que=\"\" nunca=\"\" flipar=\"\">El Migue de Los Delinq\u00fcentes<\/a><\/strong> o <strong>La <a data-external=\"0\" data-intl-links-es=\"https:\/\/www.lavozdelsur.es\/ediciones\/jerez\/paquera-jerez-voz-marco-fuego-cante-flamenco_333709_102.html\" href=\"https:\/\/www.lavozdelsur.es\/ediciones\/jerez\/paquera-jerez-voz-marco-fuego-cante-flamenco_333709_102.html\" rel=\"follow nofollow noopener\" target=\"_self\" title=\"La Paquera de Jerez, la voz que marc\u00f3 a fuego el cante flamenco\">Paquera de Jerez<\/a><\/strong>.<\/p>\n<p>Su serie, titulada \u2018<strong>Dibujando personajes de Jerez hasta que se me acabe el boli<\/strong>\u2019, acumula <strong>cientos de miles de reproducciones<\/strong>. El v\u00eddeo dedicado a Lola Flores supera las <strong>231.000 visualizaciones,<\/strong> siendo el primero de la serie<strong>. <\/strong>Los siguientes tambi\u00e9n tienen entre<strong> 30.000 y 100.000 reproducciones<\/strong>. Su estilo, minucioso y lleno de <strong>contrastes lum\u00ednicos<\/strong>, ha llamado la atenci\u00f3n por el <strong>realismo<\/strong> que consigue con una herramienta tan sencilla.<\/p>\n<p>\u00abMe dio la inspiraci\u00f3n de repente\u00bb<\/p>\n<p>\u00abEstudi\u00e9 Bellas Artes en la Universidad de Salamanca y termin\u00e9 el a\u00f1o pasado\u00bb, cuenta Bel\u00e9n a <strong><a data-external=\"1\" href=\"http:\/\/lavozdelsur.es\" rel=\"nofollow noopener\" target=\"_blank\" title=\"lavozdelsur.es\">lavozdelsur.es<\/a><\/strong>. \u00abEn segundo de carrera nos mandaron hacer un <strong>dibujo a boli de un metro por setenta<\/strong>. Es el que sale tambi\u00e9n entre\u00a0mis v\u00eddeos, el del samur\u00e1i en blanco y negro. Un d\u00eda, recogiendo la habitaci\u00f3n, me encontr\u00e9 el boli y la goma de borrar que usaba, y <strong>me dio la inspiraci\u00f3n\u00bb.\u00a0<\/strong><\/p>\n<p>        <img fetchpriority=\"high\" decoding=\"async\" alt=\"Dibujo de Lola Flores a boli\u0301grafo, de Bele\u0301n Smits.\" class=\"c-mainarticle__img\" width=\"797\" height=\"1200\" src=\"https:\/\/www.europesays.com\/es\/wp-content\/uploads\/2025\/10\/dibujo-de-lola-flores-a-boli-grafo-de-bele-n-smits.png\" loading=\"eager\"\/>Dibujo de Lola Flores a boli\u0301grafo, de Bele\u0301n Smits.<\/p>\n<p>A partir de ah\u00ed decidi\u00f3 <strong>unir t\u00e9cnica y ra\u00edces<\/strong>. \u00abMe gustan mucho las fotos antiguas y pens\u00e9 en <strong>dibujar personajes de Jerez<\/strong>. Pod\u00eda haberme metido en el flamenco en general, pero quer\u00eda algo m\u00e1s concreto. Me met\u00ed en Jerez porque creo que puedo hacer algunos o todos los que me pidan\u00bb.\u00a0<\/p>\n<p>Sus v\u00eddeos, grabados en formato vertical y con m\u00fasica suave de fondo, <strong>dejan ver el proceso completo<\/strong>: l\u00edneas que se van volviendo piel, sombras y mirada. \u00abLos <strong>comentarios est\u00e1n siendo buen\u00edsimos<\/strong>. Todav\u00eda no he recibido ninguno negativo, que hoy en d\u00eda es raro, porque en las redes siempre hay de todo. Pero de momento, el cien por cien son positivos\u00bb.<\/p>\n<blockquote cite=\"https:\/\/www.tiktok.com\/@bsmitso\/video\/7556956932481846550\" class=\"tiktok-embed\" data-video-id=\"7556956932481846550\" style=\"max-width: 605px;min-width: 325px;\"><p><a href=\"https:\/\/www.tiktok.com\/@bsmitso?refer=embed\" target=\"_blank\" title=\"@bsmitso\" rel=\"nofollow noopener\">@bsmitso<\/a><\/p>\n<p>D\u00eda 1 pintando personajes de Jerez hasta que se me gaste el boli\ud83d\udd8a\ud83d\udc83<\/p>\n<p><a href=\"https:\/\/www.tiktok.com\/music\/sonido-original-FlixOl%C3%A9-7369504809403714336?refer=embed\" target=\"_blank\" title=\"\u266c sonido original- FlixOl\u00e9\" rel=\"nofollow noopener\">\u266c sonido original &#8211; FlixOl\u00e9<\/a><\/p><\/blockquote>\n<p>\u00a0<br \/>\nEntre Alemania, Jerez y los sue\u00f1os<\/p>\n<p>Bel\u00e9n <strong>naci\u00f3 en Alemania<\/strong>, donde vivi\u00f3 hasta los seis a\u00f1os. \u00ab<strong>Mi madre es jerezana y mi padre es holand\u00e9s<\/strong>. En ese momento estaban viviendo all\u00ed, y cuando mis hermanos y yo \u00e9ramos peque\u00f1os decidieron venirse a Jerez\u00bb.\u00a0<\/p>\n<p>                <img decoding=\"async\" alt=\"Bele\u0301n Smits, la artista viral de Jerez.\" class=\"c-mainarticle__img\" width=\"945\" height=\"1200\" src=\"https:\/\/www.europesays.com\/es\/wp-content\/uploads\/2025\/10\/bele-n-smits-la-artista-viral-de-jerez.png\" loading=\"eager\"\/><\/p>\n<p>                        Bele\u0301n Smits, la artista viral de Jerez.<\/p>\n<p>Antes de dedicarse al arte, estudi\u00f3 Prot\u00e9sico Dental en Alemania. \u00abLuego <strong>me vine a Espa\u00f1a para hacer Bellas Artes<\/strong>. He trabajado un poco como prot\u00e9sica, pero ahora voy a empezar el <strong>m\u00e1ster de profesorado en Puerto Real<\/strong>, para dar clases de dibujo o Bellas Artes\u00bb.\u00a0<\/p>\n<p>Exposici\u00f3n a la vista<\/p>\n<p>La artista compagina su actividad en redes con <strong>su primera exposici\u00f3n<\/strong>, que se <strong>inaugura este viernes en una peque\u00f1a sala de <a data-external=\"0\" data-intl-links-es=\"https:\/\/www.lavozdelsur.es\/ediciones\/sevilla\" href=\"https:\/\/www.lavozdelsur.es\/ediciones\/sevilla\" rel=\"follow nofollow noopener\" target=\"_self\" title=\"Sevilla\">Sevilla<\/a>,<\/strong> en la calle Salmerina. \u00abVa a estar dos semanas abierta. Es algo peque\u00f1o, pero por algo se empieza. Estoy muy contenta y el apoyo est\u00e1 siendo incre\u00edble\u00bb.<\/p>\n<p>Adem\u00e1s, ya empieza a recibir encargos. \u00ab<strong>Mucha gente me pide retratos, pero no puedo hacerlo todo a la vez<\/strong>, as\u00ed que voy poco a poco. Me sorprende toda esta <strong>motivaci\u00f3n<\/strong>. A veces se me va la inspiraci\u00f3n, pero llevo meses sin parar de dibujar. Es una sensaci\u00f3n preciosa\u00bb.\u00a0<\/p>\n<p><script async src=\"\/\/www.tiktok.com\/embed.js\"><\/script><\/p>\n","protected":false},"excerpt":{"rendered":"Bel\u00e9n Smits Ortu\u00f1o, una jerezana-holandesa de 27 a\u00f1os, se ha convertido en una de las artistas m\u00e1s virales&hellip;\n","protected":false},"author":2,"featured_media":163625,"comment_status":"","ping_status":"","sticky":false,"template":"","format":"standard","meta":{"footnotes":""},"categories":[173],"tags":[229,233,231,230,232,234,146,147,25,24,23],"class_list":{"0":"post-163624","1":"post","2":"type-post","3":"status-publish","4":"format-standard","5":"has-post-thumbnail","7":"category-arte-y-diseno","8":"tag-arte","9":"tag-arte-y-diseno","10":"tag-arts","11":"tag-arts-and-design","12":"tag-design","13":"tag-diseno","14":"tag-entertainment","15":"tag-entretenimiento","16":"tag-es","17":"tag-espana","18":"tag-spain"},"share_on_mastodon":{"url":"","error":""},"_links":{"self":[{"href":"https:\/\/www.europesays.com\/es\/wp-json\/wp\/v2\/posts\/163624","targetHints":{"allow":["GET"]}}],"collection":[{"href":"https:\/\/www.europesays.com\/es\/wp-json\/wp\/v2\/posts"}],"about":[{"href":"https:\/\/www.europesays.com\/es\/wp-json\/wp\/v2\/types\/post"}],"author":[{"embeddable":true,"href":"https:\/\/www.europesays.com\/es\/wp-json\/wp\/v2\/users\/2"}],"replies":[{"embeddable":true,"href":"https:\/\/www.europesays.com\/es\/wp-json\/wp\/v2\/comments?post=163624"}],"version-history":[{"count":0,"href":"https:\/\/www.europesays.com\/es\/wp-json\/wp\/v2\/posts\/163624\/revisions"}],"wp:featuredmedia":[{"embeddable":true,"href":"https:\/\/www.europesays.com\/es\/wp-json\/wp\/v2\/media\/163625"}],"wp:attachment":[{"href":"https:\/\/www.europesays.com\/es\/wp-json\/wp\/v2\/media?parent=163624"}],"wp:term":[{"taxonomy":"category","embeddable":true,"href":"https:\/\/www.europesays.com\/es\/wp-json\/wp\/v2\/categories?post=163624"},{"taxonomy":"post_tag","embeddable":true,"href":"https:\/\/www.europesays.com\/es\/wp-json\/wp\/v2\/tags?post=163624"}],"curies":[{"name":"wp","href":"https:\/\/api.w.org\/{rel}","templated":true}]}}