{"id":163647,"date":"2025-10-08T20:30:09","date_gmt":"2025-10-08T20:30:09","guid":{"rendered":"https:\/\/www.europesays.com\/es\/163647\/"},"modified":"2025-10-08T20:30:09","modified_gmt":"2025-10-08T20:30:09","slug":"balonmano-division-de-honor-plata-marquinhos-contra-chan-duelo-de-artilleros-en-el-soria-oar","status":"publish","type":"post","link":"https:\/\/www.europesays.com\/es\/163647\/","title":{"rendered":"BALONMANO DIVISI\u00d3N DE HONOR PLATA Marquinhos contra Chan, duelo de artilleros en el Soria-OAR"},"content":{"rendered":"<p class=\"ft-text\">De los m\u00faltiples puntos de inter\u00e9s que tendr\u00e1 el <strong>Balonmano Soria-Attica 21 Hoteles OAR <\/strong>de este fin de semana (s\u00e1bado, 18:00 horas), uno de los m\u00e1s candentes estar\u00e1 en las \u00e1reas. Y es que el pabell\u00f3n de San Andr\u00e9s acoger\u00e1 esta jornada uno de los enfrentamientos individuales m\u00e1s destacados del inicio de curso. <strong>\u00c1lex Chan, <\/strong>goleador de la entidad coru\u00f1esa con 29 tantos, desaf\u00eda en su propia casa a <strong>Marquinhos Vin\u00edcius Braga<\/strong>, el killer del combinado soriano que, con 41 dianas en cuatro encuentros, ya comanda la tabla de pichichis de la competici\u00f3n de Plata.<\/p>\n<p class=\"ft-text\">La facilidad para ver puerta del jugador brasile\u00f1o no es reciente. La perla ofensiva de Oriol Castellarnau, que despunta en Soria desde enero de 2022, destaca por su velocidad y su chispa en ataque. Su potencia, sumada a su gran envergadura (mide 1,91 metros) hacen de \u00e9l un jugador que, gracias a sus movimientos veloces, se vuelve dif\u00edcil de defender para los zagueros rivales. Lleg\u00f3 a Espa\u00f1a en 2020 de la mano del <strong>San Pablo Burgos <\/strong>para debutar en la Divisi\u00f3n de Honor Plata y dio un paso atr\u00e1s al fichar por el <strong>Soria <\/strong>en Primera Estatal, pero el tiempo le ha reafirmado como lo que es: un lateral letal en las inmediaciones de la meta contraria. Este curso, ha endosado<strong> 14 goles al Eivissa<\/strong> en la primera jornada, <strong>6 al Bar\u00e7a<\/strong> <strong>Atletic <\/strong>en la segunda, <strong>9<\/strong> <strong>al Sinf\u00edn<\/strong> en la tercera (en la \u00fanica victoria de su equipo en el torneo) y <strong>12<\/strong> <strong>al Benidorm <\/strong>la semana pasada.<\/p>\n<p class=\"ft-text\">Los n\u00famero de<strong> \u00c1lex Chan<\/strong> no son tan espectaculares, pero s\u00ed constantes. El pontevedr\u00e9s rubric\u00f3<strong> 8 tantos ante el Cisne, 7 frente al Burgos, 8 contra el Oviedo y 6<\/strong> <strong>en el reciente empate con el M\u00e1laga<\/strong>. Con 29 goles, entra en el podio de anotadores generales de la liga, empatado con Jaime Fern\u00e1ndez, del San Pablo Burgos, y superado, en segundo lugar, por Luis Gustavo, del Sinf\u00edn.<\/p>\n<p class=\"ft-text\">El choque entre reci\u00e9n ascendidos medir\u00e1 el acierto de sus, hasta ahora, principales faros ofensivos. <strong>Alberto Rold\u00e1n <\/strong>es el segundo jugador m\u00e1s efectivo del OAR (17 tantos), y <strong>Henrique Petter <\/strong>el del Soria (13), ambos muy lejos de los dos artilleros que se batir\u00e1n en duelo en San Andr\u00e9s.<\/p>\n","protected":false},"excerpt":{"rendered":"De los m\u00faltiples puntos de inter\u00e9s que tendr\u00e1 el Balonmano Soria-Attica 21 Hoteles OAR de este fin de&hellip;\n","protected":false},"author":2,"featured_media":163648,"comment_status":"","ping_status":"","sticky":false,"template":"","format":"standard","meta":{"footnotes":""},"categories":[278],"tags":[48354,376,39203,168,8656,320,25,24,375,40259,5972,246,23,167],"class_list":{"0":"post-163647","1":"post","2":"type-post","3":"status-publish","4":"format-standard","5":"has-post-thumbnail","7":"category-balonmano","8":"tag-artilleros","9":"tag-balonmano","10":"tag-chan","11":"tag-deportes","12":"tag-division-de-honor-plata","13":"tag-duelo","14":"tag-es","15":"tag-espana","16":"tag-handball","17":"tag-marquinhos","18":"tag-oar-coruna","19":"tag-soria","20":"tag-spain","21":"tag-sports"},"share_on_mastodon":{"url":"","error":""},"_links":{"self":[{"href":"https:\/\/www.europesays.com\/es\/wp-json\/wp\/v2\/posts\/163647","targetHints":{"allow":["GET"]}}],"collection":[{"href":"https:\/\/www.europesays.com\/es\/wp-json\/wp\/v2\/posts"}],"about":[{"href":"https:\/\/www.europesays.com\/es\/wp-json\/wp\/v2\/types\/post"}],"author":[{"embeddable":true,"href":"https:\/\/www.europesays.com\/es\/wp-json\/wp\/v2\/users\/2"}],"replies":[{"embeddable":true,"href":"https:\/\/www.europesays.com\/es\/wp-json\/wp\/v2\/comments?post=163647"}],"version-history":[{"count":0,"href":"https:\/\/www.europesays.com\/es\/wp-json\/wp\/v2\/posts\/163647\/revisions"}],"wp:featuredmedia":[{"embeddable":true,"href":"https:\/\/www.europesays.com\/es\/wp-json\/wp\/v2\/media\/163648"}],"wp:attachment":[{"href":"https:\/\/www.europesays.com\/es\/wp-json\/wp\/v2\/media?parent=163647"}],"wp:term":[{"taxonomy":"category","embeddable":true,"href":"https:\/\/www.europesays.com\/es\/wp-json\/wp\/v2\/categories?post=163647"},{"taxonomy":"post_tag","embeddable":true,"href":"https:\/\/www.europesays.com\/es\/wp-json\/wp\/v2\/tags?post=163647"}],"curies":[{"name":"wp","href":"https:\/\/api.w.org\/{rel}","templated":true}]}}