{"id":163651,"date":"2025-10-08T20:32:12","date_gmt":"2025-10-08T20:32:12","guid":{"rendered":"https:\/\/www.europesays.com\/es\/163651\/"},"modified":"2025-10-08T20:32:12","modified_gmt":"2025-10-08T20:32:12","slug":"es-un-deporte-de-hombres-las-mujeres-deberian-quedarse-en-casa","status":"publish","type":"post","link":"https:\/\/www.europesays.com\/es\/163651\/","title":{"rendered":"Es un deporte de hombres, las mujeres deber\u00edan quedarse en casa"},"content":{"rendered":"<p data-mrf-recirculation=\"Links P\u00e1rrafos\" class=\"ue-c-article__paragraph paragraph ue-c-article--first-letter-highlighted\">Arman Tsarukyan ha realizado unas <strong>desafortunadas declaraciones<\/strong> en una entrevista con Ariel Helwani que le han colocado en el centro de la <strong>pol\u00e9mica. <\/strong>El peleador armenio se enfrentar\u00e1 a <strong>Dan Hooker<\/strong> en el evento estelar del <strong>UFC Qatar<\/strong> -22 de noviembre-, y en caso de vencer tendr\u00e1 a tiro una oportunidad titular en el peso ligero ante<strong> Ilia Topuria. <\/strong>El peleador armenio revel\u00f3 que su <strong>padre<\/strong> estar\u00e1 presente en el evento, y cuando el periodista canadiense le pregunt\u00f3 por su madre lleg\u00f3 el <strong>desliz<\/strong> de Tsarukyan.<\/p>\n<p data-mrf-recirculation=\"Links P\u00e1rrafos\" class=\"ue-c-article__paragraph paragraph\">\u00abMi madre se quedar\u00e1 en casa. Esto es un <strong>deporte de hombres<\/strong>, las mujeres deber\u00edan quedarse en casa\u00bb, afirm\u00f3. La cara de Helwani era un poema, con<strong> risa nerviosa <\/strong>incluida. En la UFC hay tres categor\u00edas femeninas, y las mujeres juegan un<strong> papel importante<\/strong> dentro de las MMA. Sin embargo, en los <strong>pa\u00edses del este <\/strong>de Europa es poco com\u00fan ver a las mujeres en este tipo de eventos. De hecho, cuando la UFC realiza una cartelera en Oriente Medio, los combates femeninos<strong> brillan por su ausencia.<\/strong><\/p>\n<blockquote class=\"ue-c-article__blockquote\">\n<p>No s\u00e9 c\u00f3mo mi madre podr\u00eda venir y verme pelear. Hay mucha sangre, alguien puede salir herido&#8230;<\/p>\n<p>Arman Tsarukyan, a Ariel Helwani<\/p><\/blockquote>\n<p data-mrf-recirculation=\"Links P\u00e1rrafos\" class=\"ue-c-article__paragraph paragraph\">Acto seguido, Tsarukyan ahond\u00f3 m\u00e1s en su respuesta, dando a entender que su comentario no hab\u00eda sido con <strong>mala fe<\/strong>, y simplemente es una cuesti\u00f3n de <strong>cultura <\/strong>y de costumbres. \u00abNo s\u00e9 c\u00f3mo mi madre podr\u00eda venir y verme pelear. Hay <strong>mucha sangre<\/strong>, alguien puede salir herido&#8230; Creo que no es un buen lugar\u00bb, reconoc\u00eda. Cuando Ariel pregunt\u00f3 a Arman si al menos ver\u00eda su pelea por televisi\u00f3n, el armenio revel\u00f3 que su madre no es capaz de ver sus combates. \u00abMi madre<strong> no ve mis peleas.<\/strong> Cuando yo peleo se espera a ver el resultado, ella no puede verme pelear\u00bb, concluy\u00f3.<\/p>\n<p><img decoding=\"async\" width=\"1980\" height=\"1320\" class=\"ue-c-article__image lazyload\" alt=\"Montaje fotogr\u00e1fico de Ilia Topuria y Arman Tsarukyan.\" loading=\"lazy\" src=\"https:\/\/www.europesays.com\/es\/wp-content\/uploads\/2025\/09\/689399621c4a8.jpeg\"\/><\/p>\n<p>Montaje fotogr\u00e1fico de Ilia Topuria y Arman Tsarukyan.UFC.<\/p>\n<p>Topuria, su siguiente objetivo<\/p>\n<p data-mrf-recirculation=\"Links P\u00e1rrafos\" class=\"ue-c-article__paragraph paragraph\">La realidad es que Arman no pelea desde <strong>abril de 2024,<\/strong> cuando venci\u00f3 a los puntos a Charles Oliveira. La UFC le dio la <strong>oportunidad titular<\/strong> ante<strong> Islam Makhachev <\/strong>el pasado enero en el UFC 311, pero una lesi\u00f3n de espalda a 24 horas de la pelea le oblig\u00f3 a <strong>cancelarla. <\/strong>Esto enfad\u00f3 mucho a la compa\u00f1\u00eda, que le ha obligado a conseguir <strong>otra victoria<\/strong> antes de volver a pelear por el cintur\u00f3n, ahora en posesi\u00f3n de Ilia Topuria.<\/p>\n<blockquote class=\"ue-c-article__blockquote\">\n<p>Pienso hacer una buena actuaci\u00f3n en Qatar y retar a Topuria para pelear por el cintur\u00f3n a principios del a\u00f1o que viene<\/p>\n<p>Arman Tsarukyan, a Ariel Helwani<\/p><\/blockquote>\n<p data-mrf-recirculation=\"Links P\u00e1rrafos\" class=\"ue-c-article__paragraph paragraph\">Una <strong>victoria contundente<\/strong> del armenio podr\u00eda ser clave para tomar la delantera y ser el<strong> siguiente rival <\/strong>de Topuria, y ese es su plan. Hay rumores de que &#8216;El Matador&#8217; quiere regresar a <strong>inicios de 2026<\/strong>, y Arman cree que puede ser \u00e9l su rival. \u00abNo estoy pensando en el rival de Ilia para enero o febrero, ya que en mi cabeza pienso hacer una buena actuaci\u00f3n en Qatar y <strong>retar a Topuria<\/strong> para pelear por el cintur\u00f3n a principios del a\u00f1o que viene\u00bb, reconoci\u00f3.<\/p>\n<p data-mrf-recirculation=\"Links P\u00e1rrafos\" class=\"ue-c-article__paragraph paragraph\">Para ello tendr\u00e1 que <strong>finalizar<\/strong> a un duro peleador como es Dan Hooker. Ning\u00fan combate de &#8216;Hangman&#8217; defrauda, y Tsarukyan le ha recomendado <strong>entrenar la lucha<\/strong> en lo que le queda de campamento si quiere tener alguna posibilidad. El armenio es uno de los <strong>mejores <\/strong><strong>grapplers<\/strong>de la divisi\u00f3n, por lo que su plan ser\u00e1 parecido al que us\u00f3 Makhachev en su momento: <strong>derribar<\/strong> al neozeland\u00e9s e intentar una finalizaci\u00f3n en la pelea en suelo lo m\u00e1s r\u00e1pido posible para que Topuria le considere el <strong>contendiente n\u00famero uno.<\/strong><\/p>\n","protected":false},"excerpt":{"rendered":"Arman Tsarukyan ha realizado unas desafortunadas declaraciones en una entrevista con Ariel Helwani que le han colocado en&hellip;\n","protected":false},"author":2,"featured_media":163652,"comment_status":"","ping_status":"","sticky":false,"template":"","format":"standard","meta":{"footnotes":""},"categories":[276],"tags":[168,25,24,23,167,343],"class_list":{"0":"post-163651","1":"post","2":"type-post","3":"status-publish","4":"format-standard","5":"has-post-thumbnail","7":"category-ufc","8":"tag-deportes","9":"tag-es","10":"tag-espana","11":"tag-spain","12":"tag-sports","13":"tag-ufc"},"share_on_mastodon":{"url":"","error":""},"_links":{"self":[{"href":"https:\/\/www.europesays.com\/es\/wp-json\/wp\/v2\/posts\/163651","targetHints":{"allow":["GET"]}}],"collection":[{"href":"https:\/\/www.europesays.com\/es\/wp-json\/wp\/v2\/posts"}],"about":[{"href":"https:\/\/www.europesays.com\/es\/wp-json\/wp\/v2\/types\/post"}],"author":[{"embeddable":true,"href":"https:\/\/www.europesays.com\/es\/wp-json\/wp\/v2\/users\/2"}],"replies":[{"embeddable":true,"href":"https:\/\/www.europesays.com\/es\/wp-json\/wp\/v2\/comments?post=163651"}],"version-history":[{"count":0,"href":"https:\/\/www.europesays.com\/es\/wp-json\/wp\/v2\/posts\/163651\/revisions"}],"wp:featuredmedia":[{"embeddable":true,"href":"https:\/\/www.europesays.com\/es\/wp-json\/wp\/v2\/media\/163652"}],"wp:attachment":[{"href":"https:\/\/www.europesays.com\/es\/wp-json\/wp\/v2\/media?parent=163651"}],"wp:term":[{"taxonomy":"category","embeddable":true,"href":"https:\/\/www.europesays.com\/es\/wp-json\/wp\/v2\/categories?post=163651"},{"taxonomy":"post_tag","embeddable":true,"href":"https:\/\/www.europesays.com\/es\/wp-json\/wp\/v2\/tags?post=163651"}],"curies":[{"name":"wp","href":"https:\/\/api.w.org\/{rel}","templated":true}]}}