{"id":163661,"date":"2025-10-08T20:37:14","date_gmt":"2025-10-08T20:37:14","guid":{"rendered":"https:\/\/www.europesays.com\/es\/163661\/"},"modified":"2025-10-08T20:37:14","modified_gmt":"2025-10-08T20:37:14","slug":"la-laguna-tenerife-bnei-herzliya-el-alcalde-la-laguna-solicita-la-suspension-del-partido-de-champions-entre-el-cb-canarias-y-un-equipo-israeli","status":"publish","type":"post","link":"https:\/\/www.europesays.com\/es\/163661\/","title":{"rendered":"LA LAGUNA TENERIFE-BNEI HERZLIYA | El alcalde La Laguna solicita la suspensi\u00f3n del partido de Champions entre el CB Canarias y un equipo israel\u00ed"},"content":{"rendered":"<p class=\"ft-text ft-helper-closenews\">Luis Yeray Guti\u00e9rrez,<strong> alcalde de San Crist\u00f3bal de La Laguna<\/strong>, ha solicitado la <strong>suspensi\u00f3n del partido de <\/strong><a class=\"ft-link ft-link--decoration\" href=\"https:\/\/www.eldia.es\/tags\/futbol\/\" rel=\"nofollow noopener\" target=\"_blank\"><strong>Champions League<\/strong><\/a><strong> entre La Laguna Tenerife y el equipo israel\u00ed<\/strong> Bnei Herzliya. El combinado aurinegro, que debuta este mi\u00e9rcoles en la competici\u00f3n <a class=\"ft-link ft-link--decoration\" href=\"https:\/\/www.eldia.es\/deportes\/cb-canarias\/2025\/10\/08\/sumar-primera-acercarse-reto-principal-122388065.html\" target=\"_blank\" rel=\"nofollow noopener\">visitando la pista del Trapani (Sicilia),<\/a> tiene previsto recibir en el Santiago Mart\u00edn al Herzliya el pr\u00f3ximo martes (d\u00eda 14).<\/p>\n<p class=\"ft-text\">La controversia alrededor del duelo entre tinerfe\u00f1os e israel\u00edes ha ido en aumento durante los \u00faltimos d\u00edas. Tanto, que Guti\u00e9rrez, que <a class=\"ft-link ft-link--decoration\" href=\"https:\/\/www.eldia.es\/tenerife\/2025\/09\/18\/vuelta-ciclista-baloncesto-equipo-israeli-121721464.html\" target=\"_blank\" rel=\"nofollow noopener\">adelant\u00f3 semanas atr\u00e1s que no acudir\u00eda al palco<\/a> como muestra de protesta frente a lo que<strong> <\/strong>considera <strong>un genocidio de Israel sobre Palestina<\/strong>, ha dado ahora un paso m\u00e1s all\u00e1 y exigido p\u00fablicamente la no celebraci\u00f3n del choque. No vale con que solo puedan acceder los abonados y tampoco con que se dispute a puerta cerrada.<\/p>\n<p><img decoding=\"async\" src=\"https:\/\/www.europesays.com\/es\/wp-content\/uploads\/2025\/10\/0b63dea1-e99c-4caf-bd46-4ed83f9f9f7a_alta-libre-aspect-ratio_default_0.jpg\" width=\"1200\" height=\"800\" alt=\"Luis Yeray Guti\u00e9rrez, alcalde de La Laguna.\" class=\"ft-helper-img-rd\" loading=\"lazy\" hasdataaida=\"true\"\/><\/p>\n<p class=\"ft-helper-fontColor-quaternary ft-helper-fontSize-body-S ft-helper-spacer-t-xxs\">Luis Yeray Guti\u00e9rrez, alcalde de La Laguna.  \/ Andr\u00e9s Guti\u00e9rrez \/<\/p>\n<p>Pide un paso al frente<\/p>\n<p class=\"ft-text\">En declaraciones en la &#8216;Cadena SER&#8217;, Luis Yeray <strong>ha instado al Consejo Superior de Deportes y a otras instituciones<\/strong> (la FIBA es, en este caso, la organizadora del torneo<strong>) a posicionarse en favor de cancelar el encuentro<\/strong>. \u201cLas autoridades deben mojarse claramente en cuanto a la suspensi\u00f3n de este partido. No solamente por la imagen, sino porque <strong>tenemos conocimiento de las posibles acciones que se vayan a realizar en nuestro municipio<\/strong> con respecto a la presencia de este equipo en el pabell\u00f3n Santiago Mart\u00edn. El posicionamiento del Ayuntamiento es muy claro y pedimos colaboraci\u00f3n al resto de instituciones. Por supuesto, hemos transmitido al <a class=\"ft-link ft-link--decoration\" href=\"https:\/\/www.eldia.es\/tags\/cb-canarias\/\" rel=\"nofollow noopener\" target=\"_blank\"><strong>CB Canarias<\/strong><\/a><strong> que comprendemos su situaci\u00f3n, pero que hay que tomar medidas dr\u00e1sticas<\/strong>\u201d, <a class=\"ft-link ft-link--decoration\" href=\"https:\/\/www.aytolalaguna.es\/ayuntamiento\/corporacion-municipal-y-grupos-politicos\/Luis-Yeray-Gutierrez-Perez\/\" rel=\"nofollow noopener\" target=\"_blank\">manifest\u00f3 el dirigente.<\/a><\/p>\n<p>Lo llevar\u00e1 al Pleno<\/p>\n<p class=\"ft-text\">Unos minutos antes, el primer edil hab\u00eda informado, a trav\u00e9s de Televisi\u00f3n Canaria, que propondr\u00e1 en el pleno de este jueves la<strong> votaci\u00f3n de la solicitud de exclusi\u00f3n de los equipos israel\u00edes de las competiciones y eventos deportivos que se celebren en Espa\u00f1a<\/strong>. Esto es, un movimiento administrativo para dar m\u00e1s fuerza a su postura. \u201cLa representaci\u00f3n que tengo como alcalde me hace tomar decisiones como esta, que asumo con total responsabilidad. Es una muestra m\u00e1s de rechazo por parte de la Administraci\u00f3n Local. No obstante, yo espero que impere el raciocino y <strong>que no se utilice al deporte para blanquear comportamientos de este pa\u00eds genocida. <\/strong>El pueblo palestino est\u00e1 sufriendo una agresi\u00f3n constante y yo espero y deseo que se nos escuche\u201d, dese\u00f3 Guti\u00e9rrez.<\/p>\n<p data-close=\"closedContent\" class=\"subscribeHideForDisplay\">Suscr\u00edbete para seguir leyendo<\/p>\n","protected":false},"excerpt":{"rendered":"Luis Yeray Guti\u00e9rrez, alcalde de San Crist\u00f3bal de La Laguna, ha solicitado la suspensi\u00f3n del partido de Champions&hellip;\n","protected":false},"author":2,"featured_media":163662,"comment_status":"","ping_status":"","sticky":false,"template":"","format":"standard","meta":{"footnotes":""},"categories":[269],"tags":[1201,299,298,20466,20464,11500,168,48356,25,24,6839,20465,41138,76,23,167,35],"class_list":{"0":"post-163661","1":"post","2":"type-post","3":"status-publish","4":"format-standard","5":"has-post-thumbnail","7":"category-baloncesto","8":"tag-alcalde","9":"tag-baloncesto","10":"tag-basketball","11":"tag-basketball-champions-league","12":"tag-cb-canarias","13":"tag-conflicto","14":"tag-deportes","15":"tag-equipo-israel","16":"tag-es","17":"tag-espana","18":"tag-la-laguna","19":"tag-la-laguna-tenerife","20":"tag-luis-yeray-gutierrez","21":"tag-palestina","22":"tag-spain","23":"tag-sports","24":"tag-suspender"},"share_on_mastodon":{"url":"","error":""},"_links":{"self":[{"href":"https:\/\/www.europesays.com\/es\/wp-json\/wp\/v2\/posts\/163661","targetHints":{"allow":["GET"]}}],"collection":[{"href":"https:\/\/www.europesays.com\/es\/wp-json\/wp\/v2\/posts"}],"about":[{"href":"https:\/\/www.europesays.com\/es\/wp-json\/wp\/v2\/types\/post"}],"author":[{"embeddable":true,"href":"https:\/\/www.europesays.com\/es\/wp-json\/wp\/v2\/users\/2"}],"replies":[{"embeddable":true,"href":"https:\/\/www.europesays.com\/es\/wp-json\/wp\/v2\/comments?post=163661"}],"version-history":[{"count":0,"href":"https:\/\/www.europesays.com\/es\/wp-json\/wp\/v2\/posts\/163661\/revisions"}],"wp:featuredmedia":[{"embeddable":true,"href":"https:\/\/www.europesays.com\/es\/wp-json\/wp\/v2\/media\/163662"}],"wp:attachment":[{"href":"https:\/\/www.europesays.com\/es\/wp-json\/wp\/v2\/media?parent=163661"}],"wp:term":[{"taxonomy":"category","embeddable":true,"href":"https:\/\/www.europesays.com\/es\/wp-json\/wp\/v2\/categories?post=163661"},{"taxonomy":"post_tag","embeddable":true,"href":"https:\/\/www.europesays.com\/es\/wp-json\/wp\/v2\/tags?post=163661"}],"curies":[{"name":"wp","href":"https:\/\/api.w.org\/{rel}","templated":true}]}}