{"id":163663,"date":"2025-10-08T20:38:09","date_gmt":"2025-10-08T20:38:09","guid":{"rendered":"https:\/\/www.europesays.com\/es\/163663\/"},"modified":"2025-10-08T20:38:09","modified_gmt":"2025-10-08T20:38:09","slug":"lo-celso-el-jugador-que-mas-faltas-recibe-de-laliga","status":"publish","type":"post","link":"https:\/\/www.europesays.com\/es\/163663\/","title":{"rendered":"Lo Celso, el jugador que m\u00e1s faltas recibe de LaLiga"},"content":{"rendered":"<p class=\"voc-p\" style=\"\">El <strong>Real Betis<\/strong> ha vuelto a los entrenamientos tras la victoria ante el <strong>Espanyol<\/strong>. Debido al par\u00f3n de selecciones, hay nueve futbolistas de la plantilla que han estado ausentes en la primera sesi\u00f3n de la semana del conjunto b\u00e9tico. <strong>Bakambu, Junior, Ricardo, Cucho, <\/strong> &#8230; <strong>Amrabat, Abde, Ortiz, Pablo Garc\u00eda y Lo Celso<\/strong> son los jugadores verdiblancos que tienen compromisos internacionales durante el par\u00f3n del mes de octubre. <\/p>\n<p class=\"voc-p\" style=\"\">En el caso de <strong>Lo Celso<\/strong>, se ha marchado con la selecci\u00f3n de <strong>Argentina<\/strong> dejando un dato muy curioso y significativo en estas ocho primeras jornadas de competici\u00f3n liguera. Seg\u00fan los datos oficiales de LaLiga,<strong> Lo Celso es el jugador que m\u00e1s faltas ha recibido en Primera Divisi\u00f3n hasta la fecha (23)<\/strong>. Esta estad\u00edstica la comparte con <strong>Aleix Feba<\/strong>s, jugador del <strong>Elche CF<\/strong> que tambi\u00e9n acumula el mismo n\u00famero de faltas recibidas. <\/p>\n<p class=\"voc-p\" style=\"\">Pese a que los dos mediocentros poseen el mismo dato, el futbolista del <strong>Real Betis<\/strong> suma <strong>553<\/strong> minutos en liga, mientras que Febas ha jugado todos y cada uno de los minutos de las primeras ocho jornadas (<strong>720<\/strong>). Ci\u00f1\u00e9ndonos a los minutos disputados, <strong>Lo Celso<\/strong> promedia <strong>una falta cada 24 minutos<\/strong>. Sin embargo, el promedio de <strong>Febas<\/strong> es de <strong>una falta cada 31 minutos.<\/strong><\/p>\n<p class=\"voc-p\" style=\"\">Esta estad\u00edstica no es novedosa para el internacional argentino, ya que el curso pasado fue <strong>el s\u00e9ptimo futbolista de LaLiga que m\u00e1s faltas recibi\u00f3 a lo largo del torneo (63)<\/strong>.<\/p>\n<p>\nArt\u00edculo solo para suscriptores\n<\/p>\n<p>Reportar un error<\/p>\n","protected":false},"excerpt":{"rendered":"El Real Betis ha vuelto a los entrenamientos tras la victoria ante el Espanyol. Debido al par\u00f3n de&hellip;\n","protected":false},"author":2,"featured_media":163664,"comment_status":"","ping_status":"","sticky":false,"template":"","format":"standard","meta":{"footnotes":""},"categories":[268],"tags":[19464,168,25,24,26101,280,282,378,288,3684,281,23,167],"class_list":{"0":"post-163663","1":"post","2":"type-post","3":"status-publish","4":"format-standard","5":"has-post-thumbnail","7":"category-futbol","8":"tag-celso","9":"tag-deportes","10":"tag-es","11":"tag-espana","12":"tag-faltas","13":"tag-football","14":"tag-futbol","15":"tag-jugador","16":"tag-laliga","17":"tag-recibe","18":"tag-soccer","19":"tag-spain","20":"tag-sports"},"share_on_mastodon":{"url":"","error":""},"_links":{"self":[{"href":"https:\/\/www.europesays.com\/es\/wp-json\/wp\/v2\/posts\/163663","targetHints":{"allow":["GET"]}}],"collection":[{"href":"https:\/\/www.europesays.com\/es\/wp-json\/wp\/v2\/posts"}],"about":[{"href":"https:\/\/www.europesays.com\/es\/wp-json\/wp\/v2\/types\/post"}],"author":[{"embeddable":true,"href":"https:\/\/www.europesays.com\/es\/wp-json\/wp\/v2\/users\/2"}],"replies":[{"embeddable":true,"href":"https:\/\/www.europesays.com\/es\/wp-json\/wp\/v2\/comments?post=163663"}],"version-history":[{"count":0,"href":"https:\/\/www.europesays.com\/es\/wp-json\/wp\/v2\/posts\/163663\/revisions"}],"wp:featuredmedia":[{"embeddable":true,"href":"https:\/\/www.europesays.com\/es\/wp-json\/wp\/v2\/media\/163664"}],"wp:attachment":[{"href":"https:\/\/www.europesays.com\/es\/wp-json\/wp\/v2\/media?parent=163663"}],"wp:term":[{"taxonomy":"category","embeddable":true,"href":"https:\/\/www.europesays.com\/es\/wp-json\/wp\/v2\/categories?post=163663"},{"taxonomy":"post_tag","embeddable":true,"href":"https:\/\/www.europesays.com\/es\/wp-json\/wp\/v2\/tags?post=163663"}],"curies":[{"name":"wp","href":"https:\/\/api.w.org\/{rel}","templated":true}]}}