{"id":163677,"date":"2025-10-08T20:46:12","date_gmt":"2025-10-08T20:46:12","guid":{"rendered":"https:\/\/www.europesays.com\/es\/163677\/"},"modified":"2025-10-08T20:46:12","modified_gmt":"2025-10-08T20:46:12","slug":"secuenciar-el-genoma-y-sus-beneficios-en-cancer-de-mama","status":"publish","type":"post","link":"https:\/\/www.europesays.com\/es\/163677\/","title":{"rendered":"Secuenciar el genoma y sus beneficios en c\u00e1ncer de mama"},"content":{"rendered":"<p>El equipo analiz\u00f3 datos gen\u00f3micos y cl\u00ednicos de casi 2 500 mujeres con la enfermedad y descubri\u00f3 que\u00a0<strong>m\u00e1s de una cuarta parte de los casos (27 %)\u00a0<\/strong>presenta rasgos gen\u00e9ticos con implicaciones directas para la terapia personalizada. Estas caracter\u00edsticas podr\u00edan indicar qu\u00e9 f\u00e1rmacos ser\u00edan m\u00e1s eficaces o si una paciente puede beneficiarse de participar en un ensayo cl\u00ednico. \u201cCada vez es m\u00e1s posible usar la secuenciaci\u00f3n completa del genoma para guiar el manejo del c\u00e1ncer, pero no se est\u00e1 aprovechando todo su potencial, especialmente en los tipos m\u00e1s comunes\u201d, explica la profesora\u00a0<strong>Serena Nik-Zainal<\/strong>, del departamento de Medicina Gen\u00f3mica y del Early Cancer Institute de Cambridge.<\/p>\n<p>El <a href=\"https:\/\/www.repository.cam.ac.uk\/items\/c42cc4b3-644f-4b34-8961-09a6e05b6e1f\" target=\"_blank\" rel=\"noreferrer noopener nofollow\">estudio<\/a> tambi\u00e9n revela que un\u00a0<strong>15 % adicional de los tumores<\/strong>\u00a0muestra alteraciones con valor potencial para futuras investigaciones, lo que ampl\u00eda las oportunidades de descubrir nuevos tratamientos. Entre las alteraciones m\u00e1s relevantes figuran defectos en los mecanismos de reparaci\u00f3n del ADN, mutaciones que confieren resistencia a la terapia hormonal o patrones de da\u00f1o gen\u00e9tico (como las llamadas firmas APOBEC)\u00a0<strong>asociados a tumores m\u00e1s agresivos<\/strong>.<\/p>\n<p>En el subtipo de <a href=\"https:\/\/www.saludadiario.es\/hospital\/nuevas-opciones-terapeuticas-para-pacientes-con-cancer-de-mama-her2-positivo\/\" target=\"_blank\" rel=\"noreferrer noopener nofollow\">c\u00e1ncer de mama m\u00e1s frecuente<\/a> \u2014ER+HER2-, que representa alrededor del 70 % de los diagn\u00f3sticos\u2014, los investigadores hallaron marcadores gen\u00e9ticos con<strong>\u00a0mayor poder predictivo que los indicadores cl\u00ednicos tradicionales<\/strong>, como la edad o el estadio tumoral.<\/p>\n<p>Ajustar mejor los tratamientos<\/p>\n<p>Con esta informaci\u00f3n, el equipo propone un marco de decisi\u00f3n que ayudar\u00eda a los m\u00e9dicos a\u00a0<strong>ajustar la intensidad del tratamiento<\/strong>\u00a0seg\u00fan el riesgo real de cada paciente. De aplicarse, permitir\u00eda ofrecer terapias m\u00e1s agresivas a quienes m\u00e1s lo necesitan y reducir el exceso de tratamiento en casos menos graves.<\/p>\n<p>\u201cAhora que contamos con evidencia a escala poblacional del impacto que puede tener la secuenciaci\u00f3n completa del genoma, tenemos la oportunidad de mejorar la atenci\u00f3n de miles de pacientes con c\u00e1ncer en todo el mundo\u201d, destaca Nik-Zainal.<\/p>\n<p>La tecnolog\u00eda de secuenciaci\u00f3n del genoma, que analiza tanto el ADN del paciente como el del tumor, se est\u00e1 abaratando r\u00e1pidamente \u2014empresas como Ultima Genomics ya ofrecen secuenciar un genoma humano por unos\u00a0<strong>85 euros<\/strong>\u2014, lo que podr\u00eda facilitar su incorporaci\u00f3n a los sistemas de salud.<\/p>\n<p>Adem\u00e1s de guiar tratamientos personalizados, disponer del genoma completo de cada paciente\u00a0<strong>podr\u00eda acelerar la investigaci\u00f3n cl\u00ednica<\/strong>, al permitir que las personas sean candidatas simult\u00e1neamente a m\u00faltiples ensayos seg\u00fan su perfil gen\u00e9tico, optimizando la b\u00fasqueda de nuevos f\u00e1rmacos.<\/p>\n<p><strong>Referencia:<\/strong><\/p>\n<p>Nik-Zainal, S.\u00a0et al., Revealing the clinical potential of cancer whole-genome data: A retrospective analysis of a breast cancer cohort in England linked with mortality statistics,\u00a0The Lancet Oncology, 2025.<\/p>\n<p><strong>Fuente:<\/strong>\u00a0SINC<\/p>\n","protected":false},"excerpt":{"rendered":"El equipo analiz\u00f3 datos gen\u00f3micos y cl\u00ednicos de casi 2 500 mujeres con la enfermedad y descubri\u00f3 que\u00a0m\u00e1s&hellip;\n","protected":false},"author":2,"featured_media":163678,"comment_status":"","ping_status":"","sticky":false,"template":"","format":"standard","meta":{"footnotes":""},"categories":[92],"tags":[8106,25,24,26442,165,166,23],"class_list":{"0":"post-163677","1":"post","2":"type-post","3":"status-publish","4":"format-standard","5":"has-post-thumbnail","7":"category-salud","8":"tag-cancer-de-mama","9":"tag-es","10":"tag-espana","11":"tag-genoma","12":"tag-health","13":"tag-salud","14":"tag-spain"},"share_on_mastodon":{"url":"","error":""},"_links":{"self":[{"href":"https:\/\/www.europesays.com\/es\/wp-json\/wp\/v2\/posts\/163677","targetHints":{"allow":["GET"]}}],"collection":[{"href":"https:\/\/www.europesays.com\/es\/wp-json\/wp\/v2\/posts"}],"about":[{"href":"https:\/\/www.europesays.com\/es\/wp-json\/wp\/v2\/types\/post"}],"author":[{"embeddable":true,"href":"https:\/\/www.europesays.com\/es\/wp-json\/wp\/v2\/users\/2"}],"replies":[{"embeddable":true,"href":"https:\/\/www.europesays.com\/es\/wp-json\/wp\/v2\/comments?post=163677"}],"version-history":[{"count":0,"href":"https:\/\/www.europesays.com\/es\/wp-json\/wp\/v2\/posts\/163677\/revisions"}],"wp:featuredmedia":[{"embeddable":true,"href":"https:\/\/www.europesays.com\/es\/wp-json\/wp\/v2\/media\/163678"}],"wp:attachment":[{"href":"https:\/\/www.europesays.com\/es\/wp-json\/wp\/v2\/media?parent=163677"}],"wp:term":[{"taxonomy":"category","embeddable":true,"href":"https:\/\/www.europesays.com\/es\/wp-json\/wp\/v2\/categories?post=163677"},{"taxonomy":"post_tag","embeddable":true,"href":"https:\/\/www.europesays.com\/es\/wp-json\/wp\/v2\/tags?post=163677"}],"curies":[{"name":"wp","href":"https:\/\/api.w.org\/{rel}","templated":true}]}}