{"id":163679,"date":"2025-10-08T20:47:11","date_gmt":"2025-10-08T20:47:11","guid":{"rendered":"https:\/\/www.europesays.com\/es\/163679\/"},"modified":"2025-10-08T20:47:11","modified_gmt":"2025-10-08T20:47:11","slug":"el-monumento-a-antonete-se-inagurara-24-horas-antes-de-la-historica-jornada-del-12-de-octubre-en-las-ventas-el-mundo","status":"publish","type":"post","link":"https:\/\/www.europesays.com\/es\/163679\/","title":{"rendered":"El monumento a Anto\u00f1ete se inagurar\u00e1 24 horas antes de la hist\u00f3rica jornada del 12 de octubre en Las Ventas &#8211; El Mundo"},"content":{"rendered":"<ol>\n<li><a href=\"https:\/\/news.google.com\/rss\/articles\/CBMigwFBVV95cUxNRHhvUlkwUWRCZkdwYXo4dUcyMTNBZjJiQ1c2bDhhOTJMSHlWekVVN202eTFWSjQ4WTZjYUFfVGNldkZ6V0dFX0VSQ1Z2QnV2OURFSFJIMUFNVXMwcUJBVGhHckhRYU5BVmtfMFBBZjlQTmV2UzVMX3J1aGlZRHlDa0ttQdIBgwFBVV95cUxPV3BKUW1MUm1tY3k2WF84QzRIQ21tdkV4bjVuM2xsRUtXbXhienJHUnl0eXYzd29ZTi1rcllGNmRvOGxlWjBDb3IwQV9EZm9yUDgtd3lpRmQ1SFVYV21tYzR5elhnaXV4cjlVc2Q2T3pJQUc2Y1NrYWlSWFZkMHpaeTB3OA?oc=5\" target=\"_blank\" rel=\"nofollow noopener\">El monumento a Anto\u00f1ete se inagurar\u00e1 24 horas antes de la hist\u00f3rica jornada del 12 de octubre en Las Ventas<\/a>&nbsp;&nbsp;El Mundo<\/li>\n<li><a href=\"https:\/\/news.google.com\/rss\/articles\/CBMi-AFBVV95cUxOa3ZwbDA3dHJIV2ZyU015Mkt2TTdKby1lWlMyVkN4WTY0cFd4ckFiaWdRaHFuSEpSWFJGMWNvUnlQaU51ay00UTl4WjdCRnNEbWZEZTlDbmE2TmxkVU14bnJMcHRnak1YaC1BZWZaWUo5NU5DS1FlOXlZa0xIUzJHTkhFcUpPSFh1ZUNwaWtwRGV2U19feDFEUktnT0JzenhTVzVINTlNWVh1VWc5NXdjTWk3Zi11QUd3WWhxYzVkbUozTk81U2VoS3lpT01kR21mREFsZTd0MFhkV1NqZ0Nzb0J4TnlCQW11bUxiM0pMSThRN3ZuczcyZw?oc=5\" target=\"_blank\" rel=\"nofollow noopener\">\u00bfQui\u00e9n es el navarro que figura en el cartel de la hist\u00f3rica corrida que promueve Morante de la Puebla en Las Ventas?<\/a>&nbsp;&nbsp;diariodenavarra.es<\/li>\n<li><a href=\"https:\/\/news.google.com\/rss\/articles\/CBMimgFBVV95cUxOWjBLYXAxT2FKdjZzT2ZQX3ZnUXdSQTBaQmp0OEE0T3p4TVdINDB2anNMMmloVkhDSmJkdGhNeFU1WW9oU2ZKYzN3V0I2Q3NhRS1DWkI3TTQ5NW9SR2hxN0ExMDF1Yk0yVGZWQ21ITXFKQ0FDTk9SUGJwdWs3ZUhVOTh4ZTNxQ29FbF9ZdU5mLWtNYXd1REo1UlFB?oc=5\" target=\"_blank\" rel=\"nofollow noopener\">La corrida de Morante en Las Ventas se podr\u00e1 ver gratis por televisi\u00f3n el 12 de octubre<\/a>&nbsp;&nbsp;Las Provincias<\/li>\n<li><a href=\"https:\/\/news.google.com\/rss\/articles\/CBMif0FVX3lxTE55Q1JwQTFJcTl3S2RoZkllYUd3SE9TVnhCb3prNEpndVNNdWdBMEZXVjFwVWNPaVlRZjNuTUJiNFFiejhETDZSOVE1NUZadk5MSTNzNFFtQV9kMGVIaFN3aTU0ZTlKNjlkb3MzYngtZV8tbUh4VEtJQ05zdlpXZm_SAYQBQVVfeXFMTjl3Y280V2QyYzljRTNhcWhxUmRIZ1VOS0hlcFdFVmtGdXBzdTFVQ1VzQ2tWOVZHZTZqVXlINnNaXzh6eHpidjZSS1FKZTFtaTVuX25zaXJxZVVDZFh4WGFBNFVJUnNiU0xhczB2dW1BY19lQjdiR3hKMGtVZjYwckc3c1pR?oc=5\" target=\"_blank\" rel=\"nofollow noopener\">El toro blanco&#8230; de Morante<\/a>&nbsp;&nbsp;Diario de Sevilla<\/li>\n<li><a href=\"https:\/\/news.google.com\/rss\/articles\/CBMi0wFBVV95cUxOWFE1a1o2VWN6alJHSVVwS2NmV3hMRkt5YS1wcEtnVGlNdUJsSUo4b1FFR216RENxZFo3OS10b2xla3lpY29LcGRnWnN1amd1OTZSSnpnRkpHRU1yLWdhQV9JYWQwTVlGMG5ENGxsVmVhdWdBNEtxNW9JUTRKQlNMd3BtSmt4RDVjRXNrX0xXQ1I0MzgzTE9vaVltU1BNN3F3aExkU2JTdkVnVEtjUDdibDBFbURxVkV1c09WdG9DQ3E5RS1sRE50YnRNVUdmR0JWbTZj?oc=5\" target=\"_blank\" rel=\"nofollow noopener\">CMM se suma a Telemadrid y \u00c0 Punt para llevar la Corrida de la Hispanidad a toda Espa\u00f1a<\/a>&nbsp;&nbsp;La Raz\u00f3n<\/li>\n<\/ol>\n","protected":false},"excerpt":{"rendered":"El monumento a Anto\u00f1ete se inagurar\u00e1 24 horas antes de la hist\u00f3rica jornada del 12 de octubre en&hellip;\n","protected":false},"author":2,"featured_media":163680,"comment_status":"","ping_status":"","sticky":false,"template":"","format":"standard","meta":{"footnotes":""},"categories":[91],"tags":[819,146,147,25,24,1392,23,444],"class_list":{"0":"post-163679","1":"post","2":"type-post","3":"status-publish","4":"format-standard","5":"has-post-thumbnail","7":"category-entretenimiento","8":"tag-cultura-toros","9":"tag-entertainment","10":"tag-entretenimiento","11":"tag-es","12":"tag-espana","13":"tag-morante-de-la-puebla","14":"tag-spain","15":"tag-toros"},"share_on_mastodon":{"url":"","error":""},"_links":{"self":[{"href":"https:\/\/www.europesays.com\/es\/wp-json\/wp\/v2\/posts\/163679","targetHints":{"allow":["GET"]}}],"collection":[{"href":"https:\/\/www.europesays.com\/es\/wp-json\/wp\/v2\/posts"}],"about":[{"href":"https:\/\/www.europesays.com\/es\/wp-json\/wp\/v2\/types\/post"}],"author":[{"embeddable":true,"href":"https:\/\/www.europesays.com\/es\/wp-json\/wp\/v2\/users\/2"}],"replies":[{"embeddable":true,"href":"https:\/\/www.europesays.com\/es\/wp-json\/wp\/v2\/comments?post=163679"}],"version-history":[{"count":0,"href":"https:\/\/www.europesays.com\/es\/wp-json\/wp\/v2\/posts\/163679\/revisions"}],"wp:featuredmedia":[{"embeddable":true,"href":"https:\/\/www.europesays.com\/es\/wp-json\/wp\/v2\/media\/163680"}],"wp:attachment":[{"href":"https:\/\/www.europesays.com\/es\/wp-json\/wp\/v2\/media?parent=163679"}],"wp:term":[{"taxonomy":"category","embeddable":true,"href":"https:\/\/www.europesays.com\/es\/wp-json\/wp\/v2\/categories?post=163679"},{"taxonomy":"post_tag","embeddable":true,"href":"https:\/\/www.europesays.com\/es\/wp-json\/wp\/v2\/tags?post=163679"}],"curies":[{"name":"wp","href":"https:\/\/api.w.org\/{rel}","templated":true}]}}