{"id":163711,"date":"2025-10-08T21:03:14","date_gmt":"2025-10-08T21:03:14","guid":{"rendered":"https:\/\/www.europesays.com\/es\/163711\/"},"modified":"2025-10-08T21:03:14","modified_gmt":"2025-10-08T21:03:14","slug":"adjudican-por-35-millones-la-reforma-y-ampliacion-de-la-escuela-de-arte-leon-ortega","status":"publish","type":"post","link":"https:\/\/www.europesays.com\/es\/163711\/","title":{"rendered":"Adjudican por 3,5 millones la reforma y ampliaci\u00f3n de la Escuela de Arte Le\u00f3n Ortega"},"content":{"rendered":"<p class=\"voc-p\" style=\"\">La Consejer\u00eda de Desarrollo Educativo y Formaci\u00f3n Profesional, a trav\u00e9s de la Agencia P\u00fablica Andaluza de Educaci\u00f3n, ha adjudicado las obras de ampliaci\u00f3n y reforma de la<strong> Escuela de Arte y Superior de Dise\u00f1o Le\u00f3n Ortega de Huelva<\/strong>, que llevar\u00e1 a cabo la uni\u00f3n temporal de empresas 2007 <strong>Alto La Era Construcciones, S.L.<\/strong> &#8211; Construcciones Manuel Zambrano, S.A. por un importe de<strong> 3.509.732,93 euros<\/strong> y con un plazo de ejecuci\u00f3n de 18 meses. <\/p>\n<p class=\"voc-p\" style=\"\">El delegado del Gobierno de la Junta de Andaluc\u00eda en Huelva,<strong> Jos\u00e9 Manuel Correa<\/strong>, ha informado este mi\u00e9rcoles de esta actuaci\u00f3n, junto al delegado territorial de Desarrollo Educativo y FP, <strong>Carlos Soriano,<\/strong> y la alcaldesa de la capital,<strong> Pilar Miranda<\/strong>, durante la visita que han realizado al centro educativo. <\/p>\n<p class=\"voc-p\" style=\"\">El proyecto supondr\u00e1 la construcci\u00f3n de un nuevo edificio en una parcela puesta a disposici\u00f3n por el Ayuntamiento, junto al recinto educativo existente, as\u00ed como la redistribuci\u00f3n, mejora y rehabilitaci\u00f3n de los dos edificios que conforman actualmente la Escuela de Arte:<strong> el edificio del antiguo Matadero Municipal y el m\u00f3dulo de ampliaci\u00f3n construido con posterioridad.<\/strong><\/p>\n<p><img decoding=\"async\" loading=\"lazy\" src=\"https:\/\/www.europesays.com\/es\/wp-content\/uploads\/2025\/10\/Obras-escuela-arte004-U80801047676Wdj-760x427@huelva24.jpg\" class=\"voc-img\" width=\"760\" height=\"427\" alt=\"Delegado del Gobierno Andaluz en Huelva, Jos\u00e9 Manuel Correa\" data-voc-vtm-id=\"in-text-traffic\"\/><\/p>\n<p>Delegado del Gobierno Andaluz en Huelva, Jos\u00e9 Manuel Correa<\/p>\n<p>H24<\/p>\n<p class=\"voc-p\" style=\"\">La nueva edificaci\u00f3n, con una superficie total de<strong> 1.260,10 metros cuadrados,<\/strong> albergar\u00e1 en la zona docente tres aulas polivalentes para bachillerato y un aula de dibujo para el de Artes; para los ciclos formativos se construir\u00e1n cinco aulas polivalentes y<strong> un laboratorio fotogr\u00e1fico.<\/strong> Como espacios comunes habr\u00e1 una sala de usos m\u00faltiples, biblioteca, cuatro departamentos, aseos para el alumnado, profesorado y personal no docente, y cuarto de instalaciones. <\/p>\n<p>\nRedistribuci\u00f3n\n<\/p>\n<p class=\"voc-p\" style=\"\">De la redistribuci\u00f3n de las actuales instalaciones se obtendr\u00e1n, para bachillerato, un aula de tecnolog\u00eda, inform\u00e1tica y comunicaciones y dos aulas espec\u00edficas; y para ciclos, un <strong>taller de t\u00e9cnicas escult\u00f3ricas y sala de barnizado,<\/strong> un aula de proyectos para dise\u00f1o, un aula de decoraci\u00f3n, talleres de mobiliario, cer\u00e1mica, volumen y modelado, y una cabina de esmaltado y almac\u00e9n. Tambi\u00e9n se crear\u00e1n<strong> nuevos aseos para docentes, sala para el profesorado, despachos para el alumnado<\/strong> y el AMPA, un cuarto de limpieza y basura, cuarto de instalaciones y almac\u00e9n general.<\/p>\n<p><img decoding=\"async\" loading=\"lazy\" src=\"https:\/\/www.europesays.com\/es\/wp-content\/uploads\/2025\/10\/Obras-escuela-arte002-U07574206856lIy-760x427@huelva24.jpg\" class=\"voc-img\" width=\"760\" height=\"427\" alt=\"delegado territorial de Desarrollo Educativo y FP, Carlos Soriano\" data-voc-vtm-id=\"in-text-traffic\"\/><\/p>\n<p>delegado territorial de Desarrollo Educativo y FP, Carlos Soriano<\/p>\n<p>H24<\/p>\n<p class=\"voc-p\" style=\"\">Otros trabajos que se llevar\u00e1n a cabo en el marco de esta actuaci\u00f3n ser\u00e1n la sustituci\u00f3n integral de la cubierta de fibrocemento del edificio Matadero, <strong>la adaptaci\u00f3n del centro a la normativa contraincendios, la mejora de la instalaci\u00f3n el\u00e9ctrica,<\/strong> la dotaci\u00f3n de sistemas de calefacci\u00f3n, la supresi\u00f3n de barreras arquitect\u00f3nicas, la renovaci\u00f3n de fachadas y carpinter\u00edas exteriores y la sustituci\u00f3n de acabados interiores. <\/p>\n<p class=\"voc-p\" style=\"\">La ampliaci\u00f3n y reforma de la Escuela de Arte Le\u00f3n Ortega est\u00e1 incluida en el <strong>Plan de Infraestructuras Educativas de la Consejer\u00eda de Desarrollo Educativo y Formaci\u00f3n Profesional<\/strong>, que se ejecuta a trav\u00e9s de la Agencia P\u00fablica Andaluza de Educaci\u00f3n, y est\u00e1 cofinanciada por la Uni\u00f3n Europea dentro del programa de Andaluc\u00eda FEDER 2021-2027.<\/p>\n<p>Reportar un error<\/p>\n","protected":false},"excerpt":{"rendered":"La Consejer\u00eda de Desarrollo Educativo y Formaci\u00f3n Profesional, a trav\u00e9s de la Agencia P\u00fablica Andaluza de Educaci\u00f3n, ha&hellip;\n","protected":false},"author":2,"featured_media":163712,"comment_status":"","ping_status":"","sticky":false,"template":"","format":"standard","meta":{"footnotes":""},"categories":[173],"tags":[48359,5306,229,233,231,230,232,234,146,147,25,9076,24,4108,4724,4813,14824,23],"class_list":{"0":"post-163711","1":"post","2":"type-post","3":"status-publish","4":"format-standard","5":"has-post-thumbnail","7":"category-arte-y-diseno","8":"tag-adjudican","9":"tag-ampliacion","10":"tag-arte","11":"tag-arte-y-diseno","12":"tag-arts","13":"tag-arts-and-design","14":"tag-design","15":"tag-diseno","16":"tag-entertainment","17":"tag-entretenimiento","18":"tag-es","19":"tag-escuela","20":"tag-espana","21":"tag-leon","22":"tag-millones","23":"tag-ortega","24":"tag-reforma","25":"tag-spain"},"share_on_mastodon":{"url":"","error":""},"_links":{"self":[{"href":"https:\/\/www.europesays.com\/es\/wp-json\/wp\/v2\/posts\/163711","targetHints":{"allow":["GET"]}}],"collection":[{"href":"https:\/\/www.europesays.com\/es\/wp-json\/wp\/v2\/posts"}],"about":[{"href":"https:\/\/www.europesays.com\/es\/wp-json\/wp\/v2\/types\/post"}],"author":[{"embeddable":true,"href":"https:\/\/www.europesays.com\/es\/wp-json\/wp\/v2\/users\/2"}],"replies":[{"embeddable":true,"href":"https:\/\/www.europesays.com\/es\/wp-json\/wp\/v2\/comments?post=163711"}],"version-history":[{"count":0,"href":"https:\/\/www.europesays.com\/es\/wp-json\/wp\/v2\/posts\/163711\/revisions"}],"wp:featuredmedia":[{"embeddable":true,"href":"https:\/\/www.europesays.com\/es\/wp-json\/wp\/v2\/media\/163712"}],"wp:attachment":[{"href":"https:\/\/www.europesays.com\/es\/wp-json\/wp\/v2\/media?parent=163711"}],"wp:term":[{"taxonomy":"category","embeddable":true,"href":"https:\/\/www.europesays.com\/es\/wp-json\/wp\/v2\/categories?post=163711"},{"taxonomy":"post_tag","embeddable":true,"href":"https:\/\/www.europesays.com\/es\/wp-json\/wp\/v2\/tags?post=163711"}],"curies":[{"name":"wp","href":"https:\/\/api.w.org\/{rel}","templated":true}]}}