{"id":163727,"date":"2025-10-08T21:12:09","date_gmt":"2025-10-08T21:12:09","guid":{"rendered":"https:\/\/www.europesays.com\/es\/163727\/"},"modified":"2025-10-08T21:12:09","modified_gmt":"2025-10-08T21:12:09","slug":"la-opa-de-bbva-sobre-sabadell-entra-en-su-recta-final-entre-dudas-y-criticas","status":"publish","type":"post","link":"https:\/\/www.europesays.com\/es\/163727\/","title":{"rendered":"La opa de BBVA sobre Sabadell entra en su recta final entre dudas y cr\u00edticas"},"content":{"rendered":"<p>La opa lanzada por <strong>BBVA<\/strong> sobre <strong>Sabadell<\/strong> encara sus \u00faltimas horas en medio de un <strong>escenario complejo<\/strong>. El banco vasco busca superar el <strong>50 % de aceptaci\u00f3n<\/strong>, mientras que desde <strong>Sabadell<\/strong> insisten en la <strong>solidez de su proyecto en solitario<\/strong>. Sobre ello, ponemos el foco en el 24 Horas de RNE con <strong>Antonio Castelo<\/strong>, analista de <strong>iBroker<\/strong>, <strong>economista y analista de mercados<\/strong>, y <strong>Jordi Casas<\/strong>, <strong>presidente de la Asociaci\u00f3n de Accionistas Minoritarios de Banco Sabadell<\/strong>.<\/p>\n<p><strong>Antonio Castelo<\/strong> ha advertido que la operaci\u00f3n del <strong>BBVA<\/strong> sobre <strong>Sabadell<\/strong> \u00ab<strong>no ha sido una opa convencional<\/strong>\u00bb y que las condiciones planteadas \u00ab<strong>han sido claramente insuficientes<\/strong>\u00ab. Ha recordado que, en el pasado, una oferta m\u00e1s elevada hubiera podido prosperar y ha recalcado que, en esta ocasi\u00f3n, \u00ab<strong>la prima que ha ofrecido BBVA en todo momento ha sido claramente insuficiente<\/strong>\u00ab. Tambi\u00e9n ha se\u00f1alado que \u00ab<strong>si se hubiera dejado hacer, los accionistas de Sabadell hubieran rechazado la opa y en tres meses estar\u00eda todo bien. La intervenci\u00f3n del Gobierno ha sido absolutamente lamentable<\/strong>\u00ab.<\/p>\n<p>Por su parte, <strong>Jordi Casas<\/strong> ha destacado que el <strong>v\u00ednculo de los peque\u00f1os inversores con el banco es tan fuerte que el porcentaje de minoristas que pueda aceptar la opa va a ser m\u00ednimo<\/strong>. Seg\u00fan ha explicado, \u00ab<strong>el 85 % del accionista minorista del Banco de Sabadell es cliente del banco<\/strong>\u00ab, lo que refuerza esa fidelidad. Casas ha insistido adem\u00e1s en el <strong>peso hist\u00f3rico de la entidad<\/strong>: \u00ab<strong>No vamos a firmar la disoluci\u00f3n de una historia bancaria de \u00e9xito, que es la \u00fanica historia bancaria de \u00e9xito que ha generado Catalu\u00f1a<\/strong>\u00ab.<\/p>\n","protected":false},"excerpt":{"rendered":"La opa lanzada por BBVA sobre Sabadell encara sus \u00faltimas horas en medio de un escenario complejo. El&hellip;\n","protected":false},"author":2,"featured_media":163728,"comment_status":"","ping_status":"","sticky":false,"template":"","format":"standard","meta":{"footnotes":""},"categories":[80],"tags":[11980,82,95,94,25,24,48362,133,1448,1986,1987,23],"class_list":{"0":"post-163727","1":"post","2":"type-post","3":"status-publish","4":"format-standard","5":"has-post-thumbnail","7":"category-economia","8":"tag-24-horas","9":"tag-business","10":"tag-economia","11":"tag-economy","12":"tag-es","13":"tag-espana","14":"tag-la-opa-de-bbva-sobre-sabadell-entra-en-su-recta-final-entre-dudas-y-criticas","15":"tag-online","16":"tag-radio","17":"tag-rne","18":"tag-rtve-play","19":"tag-spain"},"share_on_mastodon":{"url":"","error":""},"_links":{"self":[{"href":"https:\/\/www.europesays.com\/es\/wp-json\/wp\/v2\/posts\/163727","targetHints":{"allow":["GET"]}}],"collection":[{"href":"https:\/\/www.europesays.com\/es\/wp-json\/wp\/v2\/posts"}],"about":[{"href":"https:\/\/www.europesays.com\/es\/wp-json\/wp\/v2\/types\/post"}],"author":[{"embeddable":true,"href":"https:\/\/www.europesays.com\/es\/wp-json\/wp\/v2\/users\/2"}],"replies":[{"embeddable":true,"href":"https:\/\/www.europesays.com\/es\/wp-json\/wp\/v2\/comments?post=163727"}],"version-history":[{"count":0,"href":"https:\/\/www.europesays.com\/es\/wp-json\/wp\/v2\/posts\/163727\/revisions"}],"wp:featuredmedia":[{"embeddable":true,"href":"https:\/\/www.europesays.com\/es\/wp-json\/wp\/v2\/media\/163728"}],"wp:attachment":[{"href":"https:\/\/www.europesays.com\/es\/wp-json\/wp\/v2\/media?parent=163727"}],"wp:term":[{"taxonomy":"category","embeddable":true,"href":"https:\/\/www.europesays.com\/es\/wp-json\/wp\/v2\/categories?post=163727"},{"taxonomy":"post_tag","embeddable":true,"href":"https:\/\/www.europesays.com\/es\/wp-json\/wp\/v2\/tags?post=163727"}],"curies":[{"name":"wp","href":"https:\/\/api.w.org\/{rel}","templated":true}]}}