{"id":163743,"date":"2025-10-08T21:21:09","date_gmt":"2025-10-08T21:21:09","guid":{"rendered":"https:\/\/www.europesays.com\/es\/163743\/"},"modified":"2025-10-08T21:21:09","modified_gmt":"2025-10-08T21:21:09","slug":"izagirre-apuesta-por-un-cofidis-al-limite","status":"publish","type":"post","link":"https:\/\/www.europesays.com\/es\/163743\/","title":{"rendered":"Izagirre apuesta por un Cofidis al l\u00edmite"},"content":{"rendered":"<p>A los 36 a\u00f1os, Ion Izagirre ha renovado por una temporada m\u00e1s con el Cofidis, equipo que tiene diez d\u00edas para evitar el descenso del  &#8230; World Tour para el periodo 2026-28. A d\u00eda de hoy, el conjunto franc\u00e9s perder\u00eda la categor\u00eda en favor del Uno-X y, adem\u00e1s, ese hipot\u00e9tico descenso ser\u00eda a\u00fan m\u00e1s grave ya que debido a su mal a\u00f1o 2025 no tendr\u00eda el derecho de recibir invitaciones directas para todo el calendario World Tour de 2026, que ser\u00edan para Tudor, Q36.5 y Arkea.<\/p>\n<p class=\"v-p\">El Cofidis tiene poco m\u00e1s de una para intentar asegurarse una plaza entre los 18 mejores equipos del los \u00faltimos tres a\u00f1os, para lo que necesita recortar 567 puntos al Uno-X desde este jueves hasta el domingo 19. El equipo franc\u00e9s acumula 6.965 puntos esta temporada (el 21\u00ba del mundo) y su mejor ciclista ha sido Alex Aranburu (1.147). Entre el ezkiotarra y Milan Fretin (1.130) han sumado el 33% de los puntos del Cofidis. Izagirre es el 13\u00ba corredor de su equipo, con 206, aunque 90 los ha sumado el \u00faltimo mes, incluido el d\u00e9cimo puesto en Tres Valles Varesinos el martes, y su aportaci\u00f3n debe ser clave en este final.<\/p>\n<p>Fusi\u00f3n Intermarch\u00e9-Lotto<\/p>\n<p class=\"v-p\">Con el reglamento en la mano, ni Uno-X ni Cofidis tendr\u00edan plaza World Tour a partir de 2026, ya que son 19\u00ba y 20\u00ba en la clasificaci\u00f3n y solo entran los 18 primeros, pero la fusi\u00f3n entre Intermarch\u00e9 y Lotto \u2013a\u00fan por confirmar de forma oficial\u2013 habilitar\u00e1 una plaza m\u00e1s, con lo que el 19\u00ba puesto dar\u00e1 acceso a la m\u00e1xima categor\u00eda.<\/p>\n<p class=\"v-p\">Para el Cofidis de Izagirre y Aranburu es estrat\u00e9gico alcanzar esa plaza, ya que si cae a la condici\u00f3n de ProTeam se ver\u00eda fuera de las invitaciones garantizadas para el World Tour en 2026, ya que estas no se otorgan por los resultados del periodo 2023-25 sino en funci\u00f3n de los m\u00e9ritos de cada a\u00f1o, y esta \u00faltima temporada ha sido pobre para el equipo galo, con nueve victorias y solo dos del World Tour, la etapa de Coquard en el Tour Down Under y la de Aranburu, con contrato hasta 2027, en la Itzulia. Eso le coloca por detr\u00e1s de Tudor, Q36.5 (inalcanzables) y Arkea (muy dif\u00edcil) y acosado por el TotalEnergies (a 19 puntos). El futuro del Arkea est\u00e1 en el aire, lo que podr\u00eda dar otro comod\u00edn al Cofidis, pero su situaci\u00f3n es muy tensa.<\/p>\n<p class=\"v-p\">Quedan solo diez d\u00edas, pero el equipo franc\u00e9s tiene a favor el calendario. Va a disputar desde hoy al domingo 19 nueve pruebas: Tour de Taihu Lake (de este jueves al domingo), Gran Piemonte (este jueves), Giro de Lombard\u00eda, Tour de Vend\u00e9e (s\u00e1bado), Par\u00eds-Tours, Trofeo Tessile &amp; Moda Valdengo Oropa (domingo), Tour de Guangxi (14-19), Giro del V\u00e9neto (15), Japan Cup y Veneto Classic (19). Por contra, Uno-X hace Gran Piemonte, Giro de Lombard\u00eda, Par\u00eds-Tours, Trofeo Tessile &amp; Moda Valdengo Oropa, Giro del V\u00e9neto y Veneto Classic, cuatro pruebas menos (una del World Tour Guangxi), lo que se ve como una oportunidad para darle la vuelta a la situaci\u00f3n en el equipo del norte de Francia, que ha tomado medidas dr\u00e1sticas en las \u00faltimas semanas, como la destituci\u00f3n de su director general, C\u00e9dric Vasseur.<\/p>\n<p class=\"v-p\">Izagirre y Aranburu, de momento, est\u00e1n anunciados hoy en el Gran Piemonte y el ormaiztegiarra, en la Japan Cup, pero en los pr\u00f3ximos d\u00edas se conocer\u00e1n m\u00e1s alineaciones. Si el Cofidis cae, en 2026 no habr\u00eda ning\u00fan guipuzcoano en el World Tour.<\/p>\n<p class=\"v-p\">En otra lucha, la de entrar en el Top-30 que permite optar a invitaciones a las tres grandes en 2026, Caja Rural, Kern Pharma y Burgos pasar\u00e1n el corte, no as\u00ed el Euskaltel, que ha anunciado la renovaci\u00f3n de Iker Mintegi.<\/p>\n","protected":false},"excerpt":{"rendered":"A los 36 a\u00f1os, Ion Izagirre ha renovado por una temporada m\u00e1s con el Cofidis, equipo que tiene&hellip;\n","protected":false},"author":2,"featured_media":163744,"comment_status":"","ping_status":"","sticky":false,"template":"","format":"standard","meta":{"footnotes":""},"categories":[273],"tags":[304,313,9301,312,168,25,24,48366,22071,23,167],"class_list":{"0":"post-163743","1":"post","2":"type-post","3":"status-publish","4":"format-standard","5":"has-post-thumbnail","7":"category-ciclismo","8":"tag-apuesta","9":"tag-ciclismo","10":"tag-cofidis","11":"tag-cycling","12":"tag-deportes","13":"tag-es","14":"tag-espana","15":"tag-izagirre","16":"tag-limite","17":"tag-spain","18":"tag-sports"},"share_on_mastodon":{"url":"","error":""},"_links":{"self":[{"href":"https:\/\/www.europesays.com\/es\/wp-json\/wp\/v2\/posts\/163743","targetHints":{"allow":["GET"]}}],"collection":[{"href":"https:\/\/www.europesays.com\/es\/wp-json\/wp\/v2\/posts"}],"about":[{"href":"https:\/\/www.europesays.com\/es\/wp-json\/wp\/v2\/types\/post"}],"author":[{"embeddable":true,"href":"https:\/\/www.europesays.com\/es\/wp-json\/wp\/v2\/users\/2"}],"replies":[{"embeddable":true,"href":"https:\/\/www.europesays.com\/es\/wp-json\/wp\/v2\/comments?post=163743"}],"version-history":[{"count":0,"href":"https:\/\/www.europesays.com\/es\/wp-json\/wp\/v2\/posts\/163743\/revisions"}],"wp:featuredmedia":[{"embeddable":true,"href":"https:\/\/www.europesays.com\/es\/wp-json\/wp\/v2\/media\/163744"}],"wp:attachment":[{"href":"https:\/\/www.europesays.com\/es\/wp-json\/wp\/v2\/media?parent=163743"}],"wp:term":[{"taxonomy":"category","embeddable":true,"href":"https:\/\/www.europesays.com\/es\/wp-json\/wp\/v2\/categories?post=163743"},{"taxonomy":"post_tag","embeddable":true,"href":"https:\/\/www.europesays.com\/es\/wp-json\/wp\/v2\/tags?post=163743"}],"curies":[{"name":"wp","href":"https:\/\/api.w.org\/{rel}","templated":true}]}}