{"id":163751,"date":"2025-10-08T21:25:10","date_gmt":"2025-10-08T21:25:10","guid":{"rendered":"https:\/\/www.europesays.com\/es\/163751\/"},"modified":"2025-10-08T21:25:10","modified_gmt":"2025-10-08T21:25:10","slug":"el-homenaje-de-sara-carbonero-a-alberta-ferretti-estrella-de-los-premios-fashion","status":"publish","type":"post","link":"https:\/\/www.europesays.com\/es\/163751\/","title":{"rendered":"El homenaje de Sara Carbonero a Alberta Ferretti, estrella de los Premios Fashion"},"content":{"rendered":"<p id=\"eueMBk7hdy\" data-wc=\"78\">El Consulado Italiano de Madrid, antigua residencia del conde de Santa Coloma, se ha convertido este mi\u00e9rcoles en el escenario de los <a class=\"hm-link hf-link\" href=\"https:\/\/www.hola.com\/fashion\/20251008860464\/premios-fashion-2025-evento-moda-en-directo\/\" data-mrf-recirculation=\"article-body-link\" rel=\"nofollow noopener\" target=\"_blank\">Premios Talento Fashion<\/a>; un evento que re\u00fane a algunas de las figuras m\u00e1s influyentes del universo de la moda y el dise\u00f1o. Poco a poco hemos visto c\u00f3mo han ido llegando los invitados, que han elegido con mucho mimo y cuidado sus looks. <a class=\"hm-link hf-link\" href=\"https:\/\/www.hola.com\/fashion\/20251001858725\/sara-carbonero-isabel-jimenez-slowlove-nueva-coleccion-otono-invierno\/\" data-mrf-recirculation=\"article-body-link\" rel=\"nofollow noopener\" target=\"_blank\">Sara Carbonero<\/a> ha sido una de las primeras en acudir a la cita.<\/p>\n<p> <img src=\"https:\/\/www.europesays.com\/es\/wp-content\/uploads\/2025\/10\/c324ee1f1718-dlu592702021.jpg\"   width=\"682\" height=\"1024\" loading=\"lazy\" decoding=\"async\" alt=\"Sara Carbonero, en los Premios Talento Fashion \" fetchpriority=\"auto\" class=\"image hf-image\"\/>\u00a9 GTRES<\/p>\n<p id=\"eD5CQzkJ7o\" data-wc=\"54\">Ha apostado por un vestido de manga larga que se ci\u00f1e con mucha suavidad a su silueta. Se trata de un dise\u00f1o de sat\u00e9n brillante, con escote cerrado, cintura vasca ligeramente desplazada del centro y una falda fluida y salpicada de bordados. <strong>El traje lo firma Alberta Ferretti,\u00a0<\/strong>dise\u00f1adora internacional invitada a la fiesta.<\/p>\n<p id=\"e5csig7C7c6\" data-wc=\"42\">Una elecci\u00f3n que se ha convertido en un homenaje a la trayectoria de la creativa, al talento y a la magia de la italiana. La periodista lo ha acompa\u00f1ado de <strong>joyas de Del P\u00e1ramo Vintage\u00a0<\/strong>y un bolso de mano a tono.\u00a0<\/p>\n<p>  <img src=\"https:\/\/www.europesays.com\/es\/wp-content\/uploads\/2025\/10\/bdb94a2b3a5d-dlu592702023-1.jpg\"   width=\"682\" height=\"1024\" loading=\"lazy\" decoding=\"async\" alt=\"Sara Carbonero, en los Premios Talento Fashion \" fetchpriority=\"auto\" class=\"image hf-image\"\/>\u00a9 GTRES<\/p>\n<p>  <img src=\"https:\/\/www.europesays.com\/es\/wp-content\/uploads\/2025\/10\/183c1d47f0c1-dlu592702026.jpg\"   width=\"682\" height=\"1024\" loading=\"lazy\" decoding=\"async\" alt=\"\u00a1HOLA! celebra la quinta edici\u00f3n de los Premios Talento Fashion&#10;\" fetchpriority=\"auto\" class=\"image hf-image\"\/>\u00a9 GTRES<\/p>\n<p id=\"eeudqvb0dgy\" data-wc=\"38\">Como suele ser habitual, ha querido llevar su melena suelta, <strong>peinada con ondas bastante marcadas, y un favorecedor maquillaje\u00a0<\/strong>en tonos plateados con un delineado negro y pesta\u00f1as XL, que potenciaba su mirada. No pod\u00eda estar m\u00e1s guapa.<\/p>\n<p> <img src=\"https:\/\/www.europesays.com\/es\/wp-content\/uploads\/2025\/10\/5325d6d2d1a1-dlu592702027.jpg\"   width=\"682\" height=\"1024\" loading=\"lazy\" decoding=\"async\" alt=\"\u00a1HOLA! celebra la quinta edici\u00f3n de los Premios Talento Fashion&#10;\" fetchpriority=\"auto\" class=\"image hf-image\"\/>\u00a9 GTRES<\/p>\n<p id=\"eC1ZRTrg5t\" data-wc=\"47\">Sara ha posado en el photocall\u00a0con <a class=\"hm-link hf-link\" href=\"https:\/\/www.hola.com\/fashion\/20251008860517\/isabel-jimenez-premios-talento-fashion-look-vestido-claro-couture\/\" rel=\"noopener nofollow\" target=\"_blank\" data-mrf-recirculation=\"article-body-link\">su amiga y socia, Isabel Jim\u00e9nez<\/a>. Fueron compa\u00f1eras de trabajo en los informativos, hasta que en 2015 la madrile\u00f1a dej\u00f3 Mediaset para mudarse a Oporto, ciudad donde residi\u00f3 durante cinco a\u00f1os junto a Iker Casillas, su pareja por aquel entonces.\u00a0<\/p>\n<p> <img src=\"https:\/\/www.europesays.com\/es\/wp-content\/uploads\/2025\/10\/d53ee662fa09-dlu592702018.jpg\"   width=\"682\" height=\"1024\" loading=\"lazy\" decoding=\"async\" alt=\"\u00a1HOLA! celebra la quinta edici\u00f3n de los Premios Talento Fashion&#10;\" fetchpriority=\"auto\" class=\"image hf-image\"\/>\u00a9 GTRESIsabel Jim\u00e9nez y Sara Carbonero posan juntas en los Premios Talento Fashion<\/p>\n<p id=\"e_n83k-Tm06\" data-wc=\"55\">Fue precisamente aquel a\u00f1o cuando ambas <strong>decidieron emprender en el mundo de la moda, creando Slowlove<\/strong>. Comenzaron de forma humilde, en una peque\u00f1a oficina y con un equipo formado por solo tres personas. Una d\u00e9cada despu\u00e9s, su firma ha crecido hasta convertirse en un proyecto muy rentable y en todo un referente del <a class=\"hm-link hf-link\" href=\"https:\/\/www.hola.com\/fashion\/tendencias\/20250420826581\/tendencia-boho-desfiles-primavera-verano-2025\/\" data-mrf-recirculation=\"article-body-link\" rel=\"nofollow noopener\" target=\"_blank\">estilo boho<\/a>.<\/p>\n","protected":false},"excerpt":{"rendered":"El Consulado Italiano de Madrid, antigua residencia del conde de Santa Coloma, se ha convertido este mi\u00e9rcoles en&hellip;\n","protected":false},"author":2,"featured_media":163752,"comment_status":"","ping_status":"","sticky":false,"template":"","format":"standard","meta":{"footnotes":""},"categories":[174],"tags":[425,255,146,147,25,24,256,10,48367,15968,23],"class_list":{"0":"post-163751","1":"post","2":"type-post","3":"status-publish","4":"format-standard","5":"has-post-thumbnail","7":"category-famosos","8":"tag-hola-fashion","9":"tag-celebrities","10":"tag-entertainment","11":"tag-entretenimiento","12":"tag-es","13":"tag-espana","14":"tag-famosos","15":"tag-noticias","16":"tag-premios-fashion","17":"tag-sara-carbonero","18":"tag-spain"},"share_on_mastodon":{"url":"","error":""},"_links":{"self":[{"href":"https:\/\/www.europesays.com\/es\/wp-json\/wp\/v2\/posts\/163751","targetHints":{"allow":["GET"]}}],"collection":[{"href":"https:\/\/www.europesays.com\/es\/wp-json\/wp\/v2\/posts"}],"about":[{"href":"https:\/\/www.europesays.com\/es\/wp-json\/wp\/v2\/types\/post"}],"author":[{"embeddable":true,"href":"https:\/\/www.europesays.com\/es\/wp-json\/wp\/v2\/users\/2"}],"replies":[{"embeddable":true,"href":"https:\/\/www.europesays.com\/es\/wp-json\/wp\/v2\/comments?post=163751"}],"version-history":[{"count":0,"href":"https:\/\/www.europesays.com\/es\/wp-json\/wp\/v2\/posts\/163751\/revisions"}],"wp:featuredmedia":[{"embeddable":true,"href":"https:\/\/www.europesays.com\/es\/wp-json\/wp\/v2\/media\/163752"}],"wp:attachment":[{"href":"https:\/\/www.europesays.com\/es\/wp-json\/wp\/v2\/media?parent=163751"}],"wp:term":[{"taxonomy":"category","embeddable":true,"href":"https:\/\/www.europesays.com\/es\/wp-json\/wp\/v2\/categories?post=163751"},{"taxonomy":"post_tag","embeddable":true,"href":"https:\/\/www.europesays.com\/es\/wp-json\/wp\/v2\/tags?post=163751"}],"curies":[{"name":"wp","href":"https:\/\/api.w.org\/{rel}","templated":true}]}}