{"id":163765,"date":"2025-10-08T21:33:07","date_gmt":"2025-10-08T21:33:07","guid":{"rendered":"https:\/\/www.europesays.com\/es\/163765\/"},"modified":"2025-10-08T21:33:07","modified_gmt":"2025-10-08T21:33:07","slug":"la-revuelta-la-singular-celebracion-de-broncano-de-la-victoria-de-audiencias-frente-a-el-hormiguero-sin-hacer-sangre","status":"publish","type":"post","link":"https:\/\/www.europesays.com\/es\/163765\/","title":{"rendered":"La Revuelta: La singular celebraci\u00f3n de Broncano de la victoria de audiencias frente a &#8216;El Hormiguero&#8217; : \u00abSin hacer sangre\u00bb"},"content":{"rendered":"<p style=\"\">Vuelve a haber partido en el &#8216;access prime time&#8217;. Por primera vez esta temporada, <strong>&#8216;La Revuelta<\/strong>&#8216; ha logrado la victoria frente a <strong>&#8216;E<\/strong><strong>l Hormiguero&#8217;<\/strong> dos d\u00edas consecutivos. Desde que ambos formatos regresaron a la parrilla en septiembre despu\u00e9s de las vacaciones,  &#8230; <a href=\"https:\/\/www.abc.es\/play\/television\/noticias\/hormiguero-imbatible-revuelta-programa-motos-gana-dias-20251001141009-nt.html\" target=\"_self\" data-voc-vtm-id=\"in-text-traffic\" title=\"el &#039;show&#039; de las hormigas se hab\u00eda impuesto todos los d\u00edas al de David Broncano\" data-mrf-link=\"www.abc.es\" rel=\"nofollow noopener\">el &#8216;show&#8217; de las hormigas se hab\u00eda impuesto todos los d\u00edas al de David Broncano<\/a>. <\/p>\n<p class=\"voc-p\" style=\"\">As\u00ed, en la entrega del martes la propuesta de <strong>Televisi\u00f3n Espa\u00f1ola<\/strong> anotaba un un 14.6% de cuota de pantalla y 1.710.000 espectadores con la doble visita de la atleta <a href=\"https:\/\/www.abc.es\/deportes\/maria-perez-elite-historica-atletismo-dos-dobletes-20251007204207-vi_amp.html\" target=\"_self\" data-voc-vtm-id=\"in-text-traffic\" title=\"Mar\u00eda P\u00e9rez, dos veces campeona del mundo de marcha\" data-mrf-link=\"www.abc.es\" rel=\"nofollow noopener\">Mar\u00eda P\u00e9rez, dos veces campeona del mundo de marcha<\/a>, y de <strong>Eva Sorian<\/strong>o y <strong>An\u00edbal G\u00f3mez,<\/strong> los presentadores del nuevo concurso de la cadena p\u00fablica, <strong>&#8216;Cu\u00e1nto, cu\u00e1nto&#8217;<\/strong>. Su contrincante cosechaba un 12.9% de &#8216;share&#8217; y 1.517.000, a pesar de contar con un <a href=\"https:\/\/www.abc.es\/play\/television\/noticias\/accidente-marc-marquez-obliga-hormiguero-cambiar-invitado-20251007223054-nt.html\" target=\"_self\" data-voc-vtm-id=\"in-text-traffic\" title=\"entrevistado llegado desde Hollywood, el actor Jeremy Allen White\" data-mrf-link=\"www.abc.es\" rel=\"nofollow noopener\">entrevistado llegado desde Hollywood, el actor Jeremy Allen White<\/a>.<\/p>\n<p class=\"voc-p\" style=\"\">El inesperado triunfo era comentado por <strong>David Broncano<\/strong>, como era de esperar, en la entrega de este mi\u00e9rcoles 8 de octubre. Justo despu\u00e9s del &#8216;pre-show&#8217; protagonizado por el p\u00fablico de &#8216;<strong>La Revuelta<\/strong>&#8216;, el presentador se dirig\u00eda a <strong>Ricardo<\/strong><strong>Castella<\/strong> y <strong>Grison<\/strong> para consultarles si dec\u00eda \u00ablo de ayer\u00bb. \u00abHoy lo voy a decir sin hacer sangre\u00bb, constaba el c\u00f3mico, y as\u00ed lo hac\u00eda. \u00abSiendo correctos, quiero agradecer ayer a <strong>Mar\u00eda P\u00e9rez<\/strong>, <strong>An\u00edbal G\u00f3mez<\/strong> y <strong>Eva Sorian<\/strong>o porque fuimos el programa m\u00e1s visto de la televisi\u00f3n ayer\u00bb. <\/p>\n<p>\n\u00d3scar Jaenada y Ricardo G\u00f3mez presentan &#8216;La suerte&#8217;\n<\/p>\n<p class=\"voc-p\" style=\"\"> \u00abTambi\u00e9n te digo, <strong>&#8216;El Hormiguero<\/strong>&#8216; llev\u00f3 ayer a un &#8216;notas&#8217; de Wisconsin que no se conoc\u00eda ni a s\u00ed mismo\u00bb, comentaba Grison ir\u00f3nicamente. El anfitri\u00f3n de <strong>&#8216;La Revuelta&#8217;<\/strong> admiti\u00f3 que hab\u00eda visto a su rival un rato el d\u00eda anterior. \u00abEs muy buen actor, el de <strong>&#8216;The Bear&#8217;.<\/strong> Y dije, &#8216;hoy nos ganan&#8217;. Y luego no, es que la marcha atl\u00e9tica es muy fuerte\u00bb. <\/p>\n<p class=\"voc-p\" style=\"\"> \u00abNo funciona Hollywood, por lo que sea\u00bb, se pronunciaba Castella tirando de sarcasmo. Broncano cortaba el tema vaticinando que \u00abma\u00f1ana volver\u00e1n a su sitio y no pasa nada\u00bb. Mientras tanto, \u00abpor hoy, fiesta\u00bb.<\/p>\n<p class=\"voc-p\" style=\"\">A continuaci\u00f3n recib\u00eda en el plat\u00f3 de<strong> &#8216;La Revuelta<\/strong>&#8216; a <a href=\"https:\/\/www.abc.es\/play\/series\/noticias\/oscar-jaenada-pone-traje-luces-suerte-morante-20251008161031-nt.html\" target=\"_self\" data-voc-vtm-id=\"in-text-traffic\" title=\"\u00d3scar Jaenada y Ricardo G\u00f3mez, protagonistas de &#039;La suerte&#039;. \" data-mrf-link=\"www.abc.es\" rel=\"nofollow noopener\">\u00d3scar Jaenada y Ricardo G\u00f3mez, protagonistas de &#8216;La suerte&#8217;. <\/a>P<strong>aco Plaz<\/strong>a, el director de <strong>&#8216;Rec&#8217;<\/strong> y &#8216;<strong>Ver\u00f3nica&#8217;<\/strong> se adentra en el terreno de las series por primera vez en la ficci\u00f3n estrenada ya en <strong>Disney +<\/strong>.  Cuenta la historia de un torero, un taxista de izquierdas y una serie de casualidades que llevan a un retrato y un entendimiento entre las dos Espa\u00f1as. \u00abNos vamos a ver todos reflejados, porque no hay solo dos extremos\u00bb, aseguraba Jaenada, quien lanzaba una reflexi\u00f3n sobre la polarizaci\u00f3n pol\u00edtica en Espa\u00f1a. \u00abSe est\u00e1 convirtiendo en un estigma que seamos diferentes, cuando deber\u00edamos aprender de esa diferencia\u00bb. <\/p>\n","protected":false},"excerpt":{"rendered":"Vuelve a haber partido en el &#8216;access prime time&#8217;. Por primera vez esta temporada, &#8216;La Revuelta&#8216; ha logrado&hellip;\n","protected":false},"author":2,"featured_media":163766,"comment_status":"","ping_status":"","sticky":false,"template":"","format":"standard","meta":{"footnotes":""},"categories":[91],"tags":[13289,146,147,25,24,23],"class_list":{"0":"post-163765","1":"post","2":"type-post","3":"status-publish","4":"format-standard","5":"has-post-thumbnail","7":"category-entretenimiento","8":"tag-broncano","9":"tag-entertainment","10":"tag-entretenimiento","11":"tag-es","12":"tag-espana","13":"tag-spain"},"share_on_mastodon":{"url":"","error":""},"_links":{"self":[{"href":"https:\/\/www.europesays.com\/es\/wp-json\/wp\/v2\/posts\/163765","targetHints":{"allow":["GET"]}}],"collection":[{"href":"https:\/\/www.europesays.com\/es\/wp-json\/wp\/v2\/posts"}],"about":[{"href":"https:\/\/www.europesays.com\/es\/wp-json\/wp\/v2\/types\/post"}],"author":[{"embeddable":true,"href":"https:\/\/www.europesays.com\/es\/wp-json\/wp\/v2\/users\/2"}],"replies":[{"embeddable":true,"href":"https:\/\/www.europesays.com\/es\/wp-json\/wp\/v2\/comments?post=163765"}],"version-history":[{"count":0,"href":"https:\/\/www.europesays.com\/es\/wp-json\/wp\/v2\/posts\/163765\/revisions"}],"wp:featuredmedia":[{"embeddable":true,"href":"https:\/\/www.europesays.com\/es\/wp-json\/wp\/v2\/media\/163766"}],"wp:attachment":[{"href":"https:\/\/www.europesays.com\/es\/wp-json\/wp\/v2\/media?parent=163765"}],"wp:term":[{"taxonomy":"category","embeddable":true,"href":"https:\/\/www.europesays.com\/es\/wp-json\/wp\/v2\/categories?post=163765"},{"taxonomy":"post_tag","embeddable":true,"href":"https:\/\/www.europesays.com\/es\/wp-json\/wp\/v2\/tags?post=163765"}],"curies":[{"name":"wp","href":"https:\/\/api.w.org\/{rel}","templated":true}]}}