{"id":163781,"date":"2025-10-08T21:43:10","date_gmt":"2025-10-08T21:43:10","guid":{"rendered":"https:\/\/www.europesays.com\/es\/163781\/"},"modified":"2025-10-08T21:43:10","modified_gmt":"2025-10-08T21:43:10","slug":"fernando-verdasco-desvela-como-es-isabel-preysler-con-sus-tres-hijos","status":"publish","type":"post","link":"https:\/\/www.europesays.com\/es\/163781\/","title":{"rendered":"Fernando Verdasco desvela c\u00f3mo es Isabel Preysler con sus tres hijos"},"content":{"rendered":"<p data-journey-content=\"true\" data-node-id=\"3\" class=\"css-6wxqfj emevuu60\">Fernando Verdasco ha regresado en solitario a Espa\u00f1a para apadrinar la nueva colecci\u00f3n de zapatillas deportivas de la marca Silbon arropado por sus hermanas Sara y Ana Verdasco. El ex tenista est\u00e1 en un momento de lo m\u00e1s dulce centrado en sus tres criaturas: Miguel, Mateo y Mart\u00edn, pero reconoc\u00eda a la prensa que s\u00ed siente pena cuando piensa en su carrera. <strong data-node-id=\"3.1\">\u00abTodos sabemos que la carrera de un tenista es relativamente corta.<\/strong> Cuando llega te entristece porque es el deporte el que has estado haciendo toda tu vida, un sacrificio, y claro que te da tristeza el tener que el tener que dejarlo\u00bb, dec\u00eda. <\/p>\n<p data-journey-content=\"true\" data-node-id=\"6\" class=\"css-6wxqfj emevuu60\">\u00c9l y su mujer, Ana Boyer, est\u00e1 muy felices de su vida en Doha: \u00abEstamos muy bien, <strong data-node-id=\"6.1\">tenemos muchos amigos espa\u00f1oles <\/strong>y tenemos un grupo de deportistas pues que con sus hijos, aparte todos son chicos, lo cual mis hijos encantados jugando a f\u00fatbol, a tenis, a p\u00e1del, a todo y muy felices\u00bb, y aunque no se plantean volver a Espa\u00f1a, s\u00ed que suelen reunirse con la familia a menudo. <\/p>\n<p><img draggable=\"true\" alt=\"fernando verdasco y ana boyer\" title=\"Fernando Verdasco y Ana Boyer\" loading=\"lazy\" width=\"1920\" height=\"1280\" decoding=\"async\" data-nimg=\"1\" style=\"color:transparent;width:100%;height:auto;\"   src=\"https:\/\/www.europesays.com\/es\/wp-content\/uploads\/2025\/10\/fernando-verdasco-y-ana-boyer-647518cbd8472.jpg\" class=\"css-0 e1g79fud0\"\/><\/p>\n<p>Gtres<\/p>\n<p data-journey-content=\"true\" data-node-id=\"9\" class=\"css-6wxqfj emevuu60\"><strong data-node-id=\"9.0\">\u00abNunca estamos m\u00e1s de tres meses sin vernos. <\/strong>En agosto nos hemos visto, ahora vengo yo tres, aunque sea dos d\u00edas. Ana vendr\u00e1 a finales de mes para Rabat, luego en noviembre vienen ellos para mi cumplea\u00f1os, en diciembre volvemos a venir aqu\u00ed. S\u00ed, estamos yendo y viniendo. Al final estamos a seis horas, tampoco estamos a doce, entonces es un poco m\u00e1s f\u00e1cil el venirte, aunque sea pues eso, tres, cuatro d\u00edas, unos u otros, y el estar y el estar vi\u00e9ndonos. Y tambi\u00e9n a d\u00eda de hoy con whatsapp&#8230;\u00bb aseguraba. Tanto su madre como su suegra, Isabel Preysler se deshacen con sus nietos. <strong data-node-id=\"9.2\">\u00abSe le cae la baba con todos sus nietos,<\/strong> y bueno, es una cosa, o sea, con los hijos es incre\u00edble, pero con los nietos ya es m\u00e1s, o sea, es lo que pidan. Entregada al cien por cien\u00bb, explicaba sobre la reina del papel couch\u00e9. <\/p>\n<p><img src=\"https:\/\/www.europesays.com\/es\/wp-content\/uploads\/2025\/10\/1759959790_92_efed3e56-411c-4c5f-aad1-8194ce4fe362_1700500172.file\" alt=\"Headshot of Redacci\u00f3n Diez Minutos\" title=\"Headshot of Redacci\u00f3n Diez Minutos\" width=\"100%\" height=\"100%\" decoding=\"async\" loading=\"lazy\" class=\"css-o0wq4v ev8dhu53\"\/><\/p>\n<p>\u00a0En Diez Minutos somos especialistas en cubrir todas las noticias del coraz\u00f3n y de la monarqu\u00eda para acercarte a las vidas de todos esos personajes a los que admiras.<\/p>\n<p>Descubre con nosotros la \u00faltima hora de los famosos nacionales e internacionales m\u00e1s relevantes: sus pol\u00e9micas, sus historias amorosas y familiares y sus proyectos profesionales con nuestras entrevistas, videos y reportajes. Tambi\u00e9n te mostramos el d\u00eda a d\u00eda de la realeza, cont\u00e1ndote con especial detalle la vida personal y familiar de nuestros Reyes: Felipe VI y Letizia y sus hijas Leonor y Sof\u00eda.<\/p>\n<p>Diez Minutos es mucho m\u00e1s que cr\u00f3nica social. Queremos hacerte la vida m\u00e1s f\u00e1cil y cuidar de ti. Por eso, publicamos una amplia selecci\u00f3n de contenidos pr\u00e1cticos para ayudarte en tu econom\u00eda dom\u00e9stica, en la decoraci\u00f3n de tu casa o en tu bienestar f\u00edsico y emocional. Tambi\u00e9n encontrar\u00e1s todo tipo de noticias y reportajes sobre el embarazo y la maternidad para facilitarte este proceso de la vida.<\/p>\n<p>La cocina es otra parte fundamental de esta gu\u00eda pr\u00e1ctica con la mejor selecci\u00f3n de recetas y consejos para llevar una dieta saludable y variada. Y todo ello sin olvidarnos de los contenidos de moda y belleza que te har\u00e1n estar a la \u00faltima en las tendencias del momento con numerosas propuestas, ofertas y novedades.<\/p>\n<p>Te lo contamos todo con la misma rigurosidad y cercan\u00eda con la que te llevamos acompa\u00f1ando desde hace 72 a\u00f1os, cuando un 1 de septiembre de 1951 la revista vio la luz por primera vez. Muchas cosas han cambiado en lo que se refiere a la parte t\u00e9cnica, pero lo que te aseguramos es que el equipo que forma esta redacci\u00f3n realiza su trabajo con entusiasmo y entrega pensando en cada uno de vosotros para que encontr\u00e9is aqu\u00ed el sitio ideal donde disfrutar de la vida.<\/p>\n<p>El equipo digital de Diez Minutos est\u00e1 formado por:<\/p>\n<p><a href=\"https:\/\/www.diezminutos.es\/author\/15369\/rosa-prieto\/\" rel=\"nofollow noopener\" target=\"_blank\">Rosa Prieto:<\/a> Directora digital.<\/p>\n<p><a href=\"https:\/\/www.diezminutos.es\/author\/18095\/silvia-criado\/\" rel=\"nofollow noopener\" target=\"_blank\">Silvia Criado:<\/a> Jefa de secci\u00f3n digital.<\/p>\n<p><a href=\"https:\/\/www.diezminutos.es\/author\/16262\/magdalena-pinero\/\" rel=\"nofollow noopener\" target=\"_blank\">Magdalena Pi\u00f1ero:<\/a> redactora digital.\u00a0<\/p>\n<p><a href=\"https:\/\/www.diezminutos.es\/author\/16270\/daniel-reyes\/\" rel=\"nofollow noopener\" target=\"_blank\">Daniel Reyes:<\/a> redactor digital.<\/p>\n<p><a href=\"https:\/\/www.diezminutos.es\/author\/221934\/ignacio-herruzo\/\" rel=\"nofollow noopener\" target=\"_blank\">Ignacio Herruzo<\/a>: redactor digital.<\/p>\n<p><a href=\"https:\/\/www.diezminutos.es\/author\/740003\/nora-camara\/\" rel=\"nofollow noopener\" target=\"_blank\">Nora C\u00e1mara<\/a>: redactora digital.\u00a0<\/p>\n","protected":false},"excerpt":{"rendered":"Fernando Verdasco ha regresado en solitario a Espa\u00f1a para apadrinar la nueva colecci\u00f3n de zapatillas deportivas de la&hellip;\n","protected":false},"author":2,"featured_media":163782,"comment_status":"","ping_status":"","sticky":false,"template":"","format":"standard","meta":{"footnotes":""},"categories":[274],"tags":[168,253,25,24,23,167,327,326],"class_list":{"0":"post-163781","1":"post","2":"type-post","3":"status-publish","4":"format-standard","5":"has-post-thumbnail","7":"category-tenis","8":"tag-deportes","9":"tag-discover","10":"tag-es","11":"tag-espana","12":"tag-spain","13":"tag-sports","14":"tag-tenis","15":"tag-tennis"},"share_on_mastodon":{"url":"","error":""},"_links":{"self":[{"href":"https:\/\/www.europesays.com\/es\/wp-json\/wp\/v2\/posts\/163781","targetHints":{"allow":["GET"]}}],"collection":[{"href":"https:\/\/www.europesays.com\/es\/wp-json\/wp\/v2\/posts"}],"about":[{"href":"https:\/\/www.europesays.com\/es\/wp-json\/wp\/v2\/types\/post"}],"author":[{"embeddable":true,"href":"https:\/\/www.europesays.com\/es\/wp-json\/wp\/v2\/users\/2"}],"replies":[{"embeddable":true,"href":"https:\/\/www.europesays.com\/es\/wp-json\/wp\/v2\/comments?post=163781"}],"version-history":[{"count":0,"href":"https:\/\/www.europesays.com\/es\/wp-json\/wp\/v2\/posts\/163781\/revisions"}],"wp:featuredmedia":[{"embeddable":true,"href":"https:\/\/www.europesays.com\/es\/wp-json\/wp\/v2\/media\/163782"}],"wp:attachment":[{"href":"https:\/\/www.europesays.com\/es\/wp-json\/wp\/v2\/media?parent=163781"}],"wp:term":[{"taxonomy":"category","embeddable":true,"href":"https:\/\/www.europesays.com\/es\/wp-json\/wp\/v2\/categories?post=163781"},{"taxonomy":"post_tag","embeddable":true,"href":"https:\/\/www.europesays.com\/es\/wp-json\/wp\/v2\/tags?post=163781"}],"curies":[{"name":"wp","href":"https:\/\/api.w.org\/{rel}","templated":true}]}}