{"id":163785,"date":"2025-10-08T21:45:24","date_gmt":"2025-10-08T21:45:24","guid":{"rendered":"https:\/\/www.europesays.com\/es\/163785\/"},"modified":"2025-10-08T21:45:24","modified_gmt":"2025-10-08T21:45:24","slug":"el-gran-problema-que-inquieta-a-alpine-y-toda-la-f1-para-2026","status":"publish","type":"post","link":"https:\/\/www.europesays.com\/es\/163785\/","title":{"rendered":"El gran problema que inquieta a Alpine y toda la F1 para 2026"},"content":{"rendered":"<p>&#13;<br \/>\n                    &#13;<br \/>\n                        &#13;<br \/>\n&#13;<\/p>\n<p>Todas las escuder\u00edas se enfrentan a un panorama cambiante que vuelve imprecisas las predicciones antes de sacar los autos a pista, en medio de una revoluci\u00f3n t\u00e9cnica enorme para la pr\u00f3xima temporada.<\/p>\n<p>&#13;<br \/>\n<a onclick=\"vApp.ga4SelectContentEvent(&quot;Campe\\u00f3n y en llamas: alarma en McLaren por la interna entre Piastri y Norris&quot;, &quot;Automovilismo&quot;, &quot;Interlinking&quot;);\" href=\"https:\/\/www.tycsports.com\/automovilismo\/campeon-y-en-llamas-alarma-en-mclaren-por-la-interna-entre-piastri-y-norris-id691247\" rel=\"nofollow noopener\" target=\"_blank\">&#13;<br \/>\n                    &#13;<br \/>\n                    &#13;<br \/>\n                    Campe\u00f3n y en llamas: alarma en McLaren por la interna entre Piastri y Norris<\/a> <img decoding=\"async\" class=\"mainImg r16x9\" width=\"416\" height=\"234\" fetchpriority=\"high\" src=\"https:\/\/www.europesays.com\/es\/wp-content\/uploads\/2025\/10\/alpine-2026_416x234.webp\"  alt=\"Alpine 2026\" title=\"Alpine 2026\"\/> As\u00ed podr\u00eda verse un Alpine -casi monocrom\u00e1tico- con el dise\u00f1o de las reglas 2026 de la F\u00f3rmula 1. (@ChrisPaulDesig1 en X)<\/p>\n<p>A medida que se acerca <a onclick=\"ga4SelectContentEvent(&quot;Las simulaciones y un gran problema para los equipos de la F\\u00f3rmula 1 de cara al 2026&quot;, &quot;Automovilismo&quot;, &quot;Nota&quot;);\" href=\"https:\/\/www.tycsports.com\/automovilismo\/calendario-f1-2026-chau-a-un-gp-historico-y-nuevo-circuito-id666686.html\" target=\"_blank\" rel=\"nofollow noopener\">el 2026 para la F\u00f3rmula 1<\/a><b>, los equipos lidian con una dificultad extra en la preparaci\u00f3n<\/b>: ante <a onclick=\"ga4SelectContentEvent(&quot;Las simulaciones y un gran problema para los equipos de la F\\u00f3rmula 1 de cara al 2026&quot;, &quot;Automovilismo&quot;, &quot;Nota&quot;);\" href=\"https:\/\/www.tycsports.com\/automovilismo\/f1-2026-reglamento-alpine-id686696.html\" target=\"_blank\" rel=\"nofollow noopener\">el nuevo reglamento<\/a>, el desarrollo constante de sus dise\u00f1os vuelve obsoletos los modelos que prueban en el simulador. Y reina la incertidumbre sobre qu\u00e9 va a mostrar la realidad en los tests de pretemporada.<\/p>\n<p>&#13;<\/p>\n<p>        El gran desaf\u00edo est\u00e1 en la gesti\u00f3n estrat\u00e9gica de la energ\u00eda. Las nuevas unidades de potencia h\u00edbridas, que combinan motor t\u00e9rmico y el\u00e9ctrico en partes iguales, exigen comprender a fondo c\u00f3mo recuperar y desplegar energ\u00eda de forma eficiente. Los ingenieros ya deber\u00edan tener certezas por las simulaciones, pero <b>los cambios aerodin\u00e1micos permanentes alteran los resultados.<\/b><\/p>\n<p>Andrew Shovlin, a cargo de la ingenier\u00eda en pista de Mercedes, explic\u00f3 que<b> el panorama se vuelve inestable porque cada avance en el dise\u00f1o altera el rendimiento virtual<\/b>. \u201cLa performance del auto cambia semana a semana, y con eso tambi\u00e9n cambian los resultados de las simulaciones\u201d, se\u00f1al\u00f3.<\/p>\n<p>El nuevo reglamento t\u00e9cnico, que se implementar\u00e1 desde 2026, representa <b>la reforma m\u00e1s ambiciosa en la historia de la categor\u00eda<\/b>. No solo se introducen nuevas normas para la motorizaci\u00f3n h\u00edbrida y la aerodin\u00e1mica activa, sino que adem\u00e1s cambian el chasis, los neum\u00e1ticos, el combustible y la &#8216;centralita&#8217; electr\u00f3nica.<\/p>\n<p><img decoding=\"async\" class=\"mainImg r16x9\" width=\"416\" height=\"234\" fetchpriority=\"low\" loading=\"lazy\" src=\"https:\/\/www.europesays.com\/es\/wp-content\/uploads\/2025\/10\/f1-2026_416x234.webp.webp\"  alt=\"F1 2026\" title=\"F1 2026\"\/> Un boceto de los nuevos F1 bajo el reglamento 2026. (r\/formula1 en Reddit)<\/p>\n<p>        Otro punto clave es <b>la diferencia entre dise\u00f1os que est\u00e1n adoptando las escuder\u00edas<\/b>. Seg\u00fan revel\u00f3 The Race, el proveedor de frenos Brembo not\u00f3 pedidos muy distintos entre los equipos, lo que sugiere soluciones t\u00e9cnicas muy variadas. \u201cEstamos desarrollando nuestros autos en aislamiento, sin ver ni escuchar lo que hacen los dem\u00e1s\u201d, remarc\u00f3 el ingeniero de Mercedes.<\/p>\n<p>Este contexto podr\u00eda generar<b> una primera fase de la temporada con grandes diferencias entre autos<\/b>, aunque es esperable que con el correr de las carreras los dise\u00f1os empiecen a parecerse entre s\u00ed. \u201c<b>Pronto todos copiar\u00e1n al que sea m\u00e1s r\u00e1pido<\/b>\u201d, anticip\u00f3 Shovlin.<\/p>\n<p><b>Pirelli, a su vez, advirti\u00f3 que los equipos manejan estimaciones muy dispares<\/b> sobre la carga que soportar\u00e1n los autos al final de cada recta. Pero desde Mercedes creen que esas diferencias podr\u00edan no ser tan grandes al momento de ver los autos en pista. <\/p>\n<p>\u201cAlgunos muestran d\u00f3nde creen que estar\u00e1n, otros d\u00f3nde est\u00e1n ahora, pero creo que cuando se presenten los autos no habr\u00e1 tanta diferencia\u201d, concluy\u00f3 Shovlin.<\/p>\n<p>        <img decoding=\"async\" loading=\"lazy\" src=\"https:\/\/www.europesays.com\/es\/wp-content\/uploads\/2025\/07\/automovilismo.png\" width=\"50\" heigth=\"50\" alt=\"Logo de Automovilismo\"\/><\/p>\n<p class=\"subs-tag\">&#13;<br \/>\n            &#13;<br \/>\n            &#13;<br \/>\n            &#13;<br \/>\n            &#13;<br \/>\n            &#13;<br \/>\n         No te pierdas nada<\/p>\n<p>        &#13;<br \/>\n            Recib\u00ed las \u00faltimas noticias de Automovilismo \u00a1y m\u00e1s!    &#13;<br \/>\n    &#13;<\/p>\n<p>&#13;<br \/>\n    &#13;<br \/>\n       &#13;<br \/>\n&#13;<br \/>\n        Te puede interesar<a href=\"https:\/\/www.tycsports.com\/automovilismo\/campeon-y-en-llamas-alarma-en-mclaren-por-la-interna-entre-piastri-y-norris-id691247.html\" onclick=\"ga4SelectContentEvent(&quot;Campe\\u00f3n y en llamas: alarma en McLaren por la interna entre Piastri y Norris&quot;,&quot;Automovilismo&quot;,&quot;page_nota-comun-2024-blo_4109&quot;,&quot;Juan Manuel Collazo&quot;);\" class=\"cardImageHolder\" rel=\"nofollow noopener\" target=\"_blank\"><img decoding=\"async\" class=\"cardImage r16x9\" width=\"416\" height=\"234\" fetchpriority=\"low\" loading=\"lazy\" src=\"https:\/\/www.europesays.com\/es\/wp-content\/uploads\/2025\/10\/norris-y-piastri_416x234.webp\"  alt=\"Campe\u00f3n y en llamas: alarma en McLaren por la interna entre Piastri y Norris\" title=\"Campe\u00f3n y en llamas: alarma en McLaren por la interna entre Piastri y Norris\"\/><\/a><a href=\"https:\/\/www.tycsports.com\/automovilismo\/las-razones-por-las-que-colapinto-se-encamina-a-seguir-en-alpine-en-2026-id691173.html\" onclick=\"ga4SelectContentEvent(&quot;Las razones por las que Colapinto se encamina a seguir en Alpine en 2026&quot;,&quot;Automovilismo&quot;,&quot;page_nota-comun-2024-blo_4109&quot;,&quot;Gabriel Cottone&quot;);\" class=\"cardImageHolder\" rel=\"nofollow noopener\" target=\"_blank\"><img decoding=\"async\" class=\"cardImage r16x9\" width=\"416\" height=\"234\" fetchpriority=\"low\" loading=\"lazy\" src=\"https:\/\/www.europesays.com\/es\/wp-content\/uploads\/2025\/10\/1759728910_383_colapinto_416x234.webp\"  alt=\"Las razones por las que Colapinto se encamina a seguir en Alpine en 2026\" title=\"Las razones por las que Colapinto se encamina a seguir en Alpine en 2026\"\/><\/a><a href=\"https:\/\/www.tycsports.com\/al-angulo\/la-historia-del-hombre-que-ideo-a-mclaren-la-tragedia-que-lo-cambio-todo-y-como-hizo-para-dominar-la-f1-id691044.html\" onclick=\"ga4SelectContentEvent(&quot;La historia del hombre que ide\\u00f3 a McLaren, la tragedia que lo cambi\\u00f3 todo y c\\u00f3mo hizo para dominar la F1&quot;,&quot;Al \\u00c1ngulo&quot;,&quot;page_nota-comun-2024-blo_4109&quot;,&quot;Thiago Cammarota&quot;);\" class=\"cardImageHolder\" rel=\"nofollow noopener\" target=\"_blank\"><img decoding=\"async\" class=\"cardImage r16x9\" width=\"416\" height=\"234\" fetchpriority=\"low\" loading=\"lazy\" src=\"https:\/\/www.europesays.com\/es\/wp-content\/uploads\/2025\/10\/mclaren_416x234.webp\"  alt=\"La historia del hombre que ide\u00f3 a McLaren, la tragedia que lo cambi\u00f3 todo y c\u00f3mo hizo para dominar la F1\" title=\"La historia del hombre que ide\u00f3 a McLaren, la tragedia que lo cambi\u00f3 todo y c\u00f3mo hizo para dominar la F1\"\/><\/a><a href=\"https:\/\/www.tycsports.com\/automovilismo\/la-brillante-largada-de-colapinto-en-singapur-posteo-de-la-f1-y-reaccion-de-uno-de-los-ingenieros-id691041.html\" onclick=\"ga4SelectContentEvent(&quot;La brillante largada de Colapinto en Singapur: posteo de la F1 y reacci\\u00f3n de uno de los ingenieros&quot;,&quot;Automovilismo&quot;,&quot;page_nota-comun-2024-blo_4109&quot;,&quot;Ciro Frustaci Zaccaro&quot;);\" class=\"cardImageHolder\" rel=\"nofollow noopener\" target=\"_blank\"><img decoding=\"async\" class=\"cardImage r16x9\" width=\"416\" height=\"234\" fetchpriority=\"low\" loading=\"lazy\" src=\"https:\/\/www.europesays.com\/es\/wp-content\/uploads\/2025\/10\/1759959922_295_colapinto_416x234.webp.webp\"  alt=\"La brillante largada de Colapinto en Singapur: posteo de la F1 y reacci\u00f3n de uno de los ingenieros\" title=\"La brillante largada de Colapinto en Singapur: posteo de la F1 y reacci\u00f3n de uno de los ingenieros\"\/><\/a><a href=\"https:\/\/www.tycsports.com\/automovilismo\/pierre-gasly-deslizo-que-piensa-correr-fuera-formula-1-ha-habido-conversaciones-id691023.html\" onclick=\"ga4SelectContentEvent(&quot;Gasly desliz\\u00f3 que piensa en correr fuera de la F\\u00f3rmula 1: \\&quot;Ha habido conversaciones\\&quot;&quot;,&quot;Automovilismo&quot;,&quot;page_nota-comun-2024-blo_4109&quot;,&quot;Marisa Pontieri&quot;);\" class=\"cardImageHolder\" rel=\"nofollow noopener\" target=\"_blank\"><img decoding=\"async\" class=\"cardImage r16x9\" width=\"416\" height=\"234\" fetchpriority=\"low\" loading=\"lazy\" src=\"https:\/\/www.europesays.com\/es\/wp-content\/uploads\/2025\/10\/pierre-gasly_416x234.webp\"  alt=\"Gasly desliz\u00f3 que piensa en correr fuera de la F\u00f3rmula 1: &quot;Ha habido conversaciones&quot;\" title=\"Gasly desliz\u00f3 que piensa en correr fuera de la F\u00f3rmula 1: &quot;Ha habido conversaciones&quot;\"\/><\/a><a href=\"https:\/\/www.tycsports.com\/automovilismo\/escala-la-crisis-en-ferrari-el-auto-no-esta-al-nivel-de-los-rivales-id690992.html\" onclick=\"ga4SelectContentEvent(&quot;Escala la crisis en Ferrari: \\&quot;El auto no est\\u00e1 al nivel de los rivales\\u201d&quot;,&quot;Automovilismo&quot;,&quot;page_nota-comun-2024-blo_4109&quot;,&quot;Juan Manuel Collazo&quot;);\" class=\"cardImageHolder\" rel=\"nofollow noopener\" target=\"_blank\"><img decoding=\"async\" class=\"cardImage r16x9\" width=\"416\" height=\"234\" fetchpriority=\"low\" loading=\"lazy\" src=\"https:\/\/www.europesays.com\/es\/wp-content\/uploads\/2025\/10\/leclerc_416x234.webp\"  alt=\"Escala la crisis en Ferrari: &quot;El auto no est\u00e1 al nivel de los rivales\u201d\" title=\"Escala la crisis en Ferrari: &quot;El auto no est\u00e1 al nivel de los rivales\u201d\"\/><\/a>&#13;<br \/>\n&#13;<br \/>\n    &#13;<br \/>\n&#13;<br \/>\n&#13;<br \/>\n                  &#13;<\/p>\n","protected":false},"excerpt":{"rendered":"&#13; &#13; &#13; &#13; Todas las escuder\u00edas se enfrentan a un panorama cambiante que vuelve imprecisas las predicciones&hellip;\n","protected":false},"author":2,"featured_media":163786,"comment_status":"","ping_status":"","sticky":false,"template":"","format":"standard","meta":{"footnotes":""},"categories":[270],"tags":[1763,168,25,24,306,271,272,23,167],"class_list":{"0":"post-163785","1":"post","2":"type-post","3":"status-publish","4":"format-standard","5":"has-post-thumbnail","7":"category-formula-1","8":"tag-automovilismo","9":"tag-deportes","10":"tag-es","11":"tag-espana","12":"tag-f1","13":"tag-formula-1","14":"tag-formula1","15":"tag-spain","16":"tag-sports"},"share_on_mastodon":{"url":"","error":""},"_links":{"self":[{"href":"https:\/\/www.europesays.com\/es\/wp-json\/wp\/v2\/posts\/163785","targetHints":{"allow":["GET"]}}],"collection":[{"href":"https:\/\/www.europesays.com\/es\/wp-json\/wp\/v2\/posts"}],"about":[{"href":"https:\/\/www.europesays.com\/es\/wp-json\/wp\/v2\/types\/post"}],"author":[{"embeddable":true,"href":"https:\/\/www.europesays.com\/es\/wp-json\/wp\/v2\/users\/2"}],"replies":[{"embeddable":true,"href":"https:\/\/www.europesays.com\/es\/wp-json\/wp\/v2\/comments?post=163785"}],"version-history":[{"count":0,"href":"https:\/\/www.europesays.com\/es\/wp-json\/wp\/v2\/posts\/163785\/revisions"}],"wp:featuredmedia":[{"embeddable":true,"href":"https:\/\/www.europesays.com\/es\/wp-json\/wp\/v2\/media\/163786"}],"wp:attachment":[{"href":"https:\/\/www.europesays.com\/es\/wp-json\/wp\/v2\/media?parent=163785"}],"wp:term":[{"taxonomy":"category","embeddable":true,"href":"https:\/\/www.europesays.com\/es\/wp-json\/wp\/v2\/categories?post=163785"},{"taxonomy":"post_tag","embeddable":true,"href":"https:\/\/www.europesays.com\/es\/wp-json\/wp\/v2\/tags?post=163785"}],"curies":[{"name":"wp","href":"https:\/\/api.w.org\/{rel}","templated":true}]}}