{"id":163787,"date":"2025-10-08T21:46:10","date_gmt":"2025-10-08T21:46:10","guid":{"rendered":"https:\/\/www.europesays.com\/es\/163787\/"},"modified":"2025-10-08T21:46:10","modified_gmt":"2025-10-08T21:46:10","slug":"el-campeon-ya-arrasa-as-com","status":"publish","type":"post","link":"https:\/\/www.europesays.com\/es\/163787\/","title":{"rendered":"El campe\u00f3n ya arrasa &#8211; AS.com"},"content":{"rendered":"<p class=\"\"><b>El Unicaja finiquit\u00f3 sin problemas su debut en BCL. <\/b>Pas\u00f3 por encima de <b>Mersin Sports turco (97-66),<\/b> demostrando que est\u00e1 muy encima de sus rivales al menos en esta primera fase, donde la competici\u00f3n a\u00fan tiene margen de crecimiento en ese grupo de la parte baja. Busca el Unicaja el threepeat, un buen est\u00edmulo para respetar la BCL desde el primer d\u00eda; probablemente vendr\u00e1 alg\u00fan partido m\u00e1s de este estilo en esta fase inicial, que se compaginar\u00e1 con una exigencia superior el fin de semana en <b>Liga Endesa.<\/b> Una versi\u00f3n muy completa del equipo de Ibon, que resolvi\u00f3 el partido en el segundo cuarto, demasiado pl\u00e1cido como para extraer conclusiones de mayor sustancia. <b>Especialmente positivo el partido de Xavier Casta\u00f1eda (17 puntos)<\/b>, el fichaje m\u00e1s rezagado hasta ahora y que pudo disfrutar de su primer gran partido con el Unicaja.<\/p>\n<p>RESUMEN<strong>97-Unicaja (22-29-19-27):<\/strong> Perry (14), Kalinoski (12), Webb III (3), Tillie (6), Balcerowski (0) -quinteto inicial- P\u00e9rez (10), D\u00edaz (2), Casta\u00f1eda (17), Djedovic (10), Sulejmanovic (3), Duarte (12) y Kravish (8).<\/p>\n<p><strong>66-Mersin Sports (11-20-16-19):<\/strong> Cowan (17), Cruz (7), Olaseni (6), March Jr. (4), White (3) -quinteto inicial- Cobbs (4), Ozmizrak (8), Apaydin (2), Sayili (6), Tirpanci (0), Kilicli (0) y Bentil (9).<\/p>\n<p><strong>\u00c1rbitros:<\/strong> Julio Anaya (Panam\u00e1), Yann Vezo Davidson (Madagascar) y Ritvars Helmsteins (Letonia).<\/p>\n<p><strong>Incidencias:<\/strong> Partido de la primera jornada de la BCL, disputado en el Mart\u00edn Carpena ante 6.662 espectadores.<\/p>\n<p class=\"\">Muy aplicado el <b>Unicaja<\/b>, ese esp\u00edritu que aparece tambi\u00e9n en los d\u00edas menos apetecibles. Dec\u00eda <b>Ibon <\/b>en la previa de oportunidad para construir, un buen est\u00edmulo para contemplar una versi\u00f3n sobria, arrollador en algunas fases. Dif\u00edcil aplicar en qu\u00e9 estrato est\u00e1 este <b>Mersin Sports<\/b> para lo que se encuentra el equipo malague\u00f1o, sin dar opci\u00f3n a los turcos. Actividad, manos, concentraci\u00f3n y un talento que sale por instinto. Desde <b>Perry a Kalinoski<\/b>, soldados infalibles da igual el contexto, y alg\u00fan jugador nuevo que invita al optimismo. Casta\u00f1eda, que se afloj\u00f3 el cors\u00e9, dio sus mejores minutos como cajista, mostrando virtudes, sobre todo en lectura de juego y encontrando ventajas. <b>Del 22-11 en el primer cuarto<\/b>, el Unicaja ya manej\u00f3 el partido a su antojo y convirtiendo el partido en un entrenamiento con tensi\u00f3n. Es una tendencia que se viene dando en <b>M\u00e1laga <\/b>en la primera instancia de <b>BCL<\/b>, pero no quita ese respeto a la competici\u00f3n, de la que es bicampe\u00f3n. Y no est\u00e1 el equipo cajista para desaprovechar estos partidos resueltos para acelerar ese proceso y experimentar su crecimiento.<b> 51-31 al descanso.<\/b><\/p>\n<p><img decoding=\"async\" src=\"https:\/\/www.europesays.com\/es\/wp-content\/uploads\/2025\/10\/MNJFO7DEDJG3FN5DVFS2XFEU3U.jpg\" alt=\"El campe\u00f3n ya arrasa\" height=\"2101\" width=\"3141\"   loading=\"lazy\"\/>Perry se dirige a canasta.Mariano PozoNoticias relacionadas<a href=\"https:\/\/as.com\/baloncesto\/navarro-somos-el-equipo-a-batir-en-la-bcl-f202510-n\/\" class=\"s_m_w\" title=\"\u201cHay m\u00e1s dificultad, no solo por la llegada de m\u00e1s equipos, sino por c\u00f3mo se han reforzado los que ya estaban\u201d, reflexionaba el entrenador del Unicaja. \u201cTienen jugadores expertos y de mucha trayectoria en Europa\u201d, del Mersin Sport, primer rival.\" data-tb-link=\"\" rel=\"nofollow noopener\" target=\"_blank\"><img decoding=\"async\" src=\"https:\/\/www.europesays.com\/es\/wp-content\/uploads\/2025\/10\/TGMI7SKTE5KBLFFKUEOVOZOXDQ.jpg\" alt=\"Navarro: \u201cSomos el equipo a batir en la BCL\u201d\" class=\"\" height=\"1\" width=\"1\"   loading=\"lazy\" data-tb-thumbnail=\"\"\/><\/a><a href=\"https:\/\/as.com\/baloncesto\/la-bcl-que-respira-acb-y-late-con-ricky-n\/\" class=\"s_m_w\" title=\"La incorporaci\u00f3n de Joventut, Granca y Alba da una nueva dimensi\u00f3n e inter\u00e9s a la competici\u00f3n, mejor posicionada ante la sombra de la NBA Europa. M\u00e1s contendientes que buscan tumbar la dinast\u00eda del Unicaja.\" data-tb-link=\"\" rel=\"nofollow noopener\" target=\"_blank\"><img decoding=\"async\" src=\"https:\/\/www.europesays.com\/es\/wp-content\/uploads\/2025\/10\/DTJA2QFK75CEHIKP3ZVA6AXD5U.jpeg\" alt=\"La BCL que respira ACB y late con Ricky\" class=\"\" height=\"1\" width=\"1\"   loading=\"lazy\" data-tb-thumbnail=\"\"\/><\/a><\/p>\n<p class=\"\">Sigui\u00f3 engordando el campe\u00f3n la ventaja, con el objetivo de gestionar cargas, probar quintetos e imaginarse futuros contextos. Y evitar problemas f\u00edsicos, algo que el Unicaja ha sorteado con su forma de trabajar durante este ciclo. <b>65-33 en el ecuador del tercer cuarto<\/b>, obviando el marcador y dosificando las florituras, porque <b>Ibon <\/b>pretendi\u00f3 no bajar la exigencia, mand\u00f3n desde el banquillo y muy activo con el \u00e1rbitro paname\u00f1o<b> Julio Anaya<\/b>, que dirigi\u00f3 la pasada final ol\u00edmpica entre Francia y Estados Unidos. Tan insultante la superioridad que lo tuvo que parar con el <b>70-47<\/b>, pero sin amago de reacci\u00f3n de los turcos, aguantando el chaparr\u00f3n. As\u00ed acab\u00f3 el tercer cuarto y el Unicaja se reactiv\u00f3, tampoco sin forzar la maquinaria. Y Casta\u00f1eda continu\u00f3 acumulando sensaciones positivas tras un aterrizaje t\u00edmido. Llamativo ver a <b>Webb III<\/b> tir\u00e1ndose en plancha a por un bal\u00f3n con el 78-57 para que el propio <b>Casta\u00f1eda <\/b>metiera un triple. Ped\u00eda el Carpena m\u00e1s balones para el estadounidense, a grito de MVP. <b>Y el Unicaja ya apunta al Gran Canaria Arena (s\u00e1bado a las 20:00 horas), una cancha maldita (solo 1 victoria en 9 visitas)<\/b>, exceptuando ese par\u00e9ntesis de la pasada Copa del Rey. No pudo arrancar mejor la BCL. Su competici\u00f3n.<\/p>\n<p class=\"\"><b>\u00a1Tus opiniones importan!<\/b> Comenta en los art\u00edculos y suscr\u00edbete gratis a nuestra <a href=\"https:\/\/asfan.as.com\/newsletters\/\" target=\"_blank\" rel=\"nofollow noopener\" title=\"https:\/\/asfan.as.com\/newsletters\/\">newsletter<\/a> y a las alertas informativas en la <a href=\"https:\/\/as.com\/aplicacion-de-as-n\/\" target=\"_blank\" rel=\"nofollow noopener\" title=\"https:\/\/as.com\/aplicacion-de-as-n\/\">App<\/a> o el canal de <a href=\"https:\/\/www.whatsapp.com\/channel\/0029VaAasdA7j6g745nz9M10\" target=\"_blank\" rel=\"nofollow noopener\" title=\"https:\/\/www.whatsapp.com\/channel\/0029VaAasdA7j6g745nz9M10\">WhatsApp<\/a>. \u00bfBuscas licenciar contenido? Haz clic <a href=\"https:\/\/profesional.elpais.com\/soluciones-sindicacion?utm_medium=interno&amp;utm_source=crosslinking&amp;utm_campaign=sindicacion_as_pie_articulos\" target=\"_blank\" rel=\"nofollow noopener\" title=\"https:\/\/profesional.elpais.com\/soluciones-sindicacion?utm_medium=interno&amp;utm_source=crosslinking&amp;utm_campaign=sindicacion_as_pie_articulos\">aqu\u00ed<\/a><\/p>\n","protected":false},"excerpt":{"rendered":"El Unicaja finiquit\u00f3 sin problemas su debut en BCL. Pas\u00f3 por encima de Mersin Sports turco (97-66), demostrando&hellip;\n","protected":false},"author":2,"featured_media":163788,"comment_status":"","ping_status":"","sticky":false,"template":"","format":"standard","meta":{"footnotes":""},"categories":[269],"tags":[299,298,168,25,24,23,167],"class_list":{"0":"post-163787","1":"post","2":"type-post","3":"status-publish","4":"format-standard","5":"has-post-thumbnail","7":"category-baloncesto","8":"tag-baloncesto","9":"tag-basketball","10":"tag-deportes","11":"tag-es","12":"tag-espana","13":"tag-spain","14":"tag-sports"},"share_on_mastodon":{"url":"","error":""},"_links":{"self":[{"href":"https:\/\/www.europesays.com\/es\/wp-json\/wp\/v2\/posts\/163787","targetHints":{"allow":["GET"]}}],"collection":[{"href":"https:\/\/www.europesays.com\/es\/wp-json\/wp\/v2\/posts"}],"about":[{"href":"https:\/\/www.europesays.com\/es\/wp-json\/wp\/v2\/types\/post"}],"author":[{"embeddable":true,"href":"https:\/\/www.europesays.com\/es\/wp-json\/wp\/v2\/users\/2"}],"replies":[{"embeddable":true,"href":"https:\/\/www.europesays.com\/es\/wp-json\/wp\/v2\/comments?post=163787"}],"version-history":[{"count":0,"href":"https:\/\/www.europesays.com\/es\/wp-json\/wp\/v2\/posts\/163787\/revisions"}],"wp:featuredmedia":[{"embeddable":true,"href":"https:\/\/www.europesays.com\/es\/wp-json\/wp\/v2\/media\/163788"}],"wp:attachment":[{"href":"https:\/\/www.europesays.com\/es\/wp-json\/wp\/v2\/media?parent=163787"}],"wp:term":[{"taxonomy":"category","embeddable":true,"href":"https:\/\/www.europesays.com\/es\/wp-json\/wp\/v2\/categories?post=163787"},{"taxonomy":"post_tag","embeddable":true,"href":"https:\/\/www.europesays.com\/es\/wp-json\/wp\/v2\/tags?post=163787"}],"curies":[{"name":"wp","href":"https:\/\/api.w.org\/{rel}","templated":true}]}}