{"id":163803,"date":"2025-10-08T21:54:13","date_gmt":"2025-10-08T21:54:13","guid":{"rendered":"https:\/\/www.europesays.com\/es\/163803\/"},"modified":"2025-10-08T21:54:13","modified_gmt":"2025-10-08T21:54:13","slug":"un-gol-a-un-minuto-del-final-evita-la-victoria-de-movistar-inter-ante-jimbee-cartagena-en-el-jorge-garbajosa-2-2","status":"publish","type":"post","link":"https:\/\/www.europesays.com\/es\/163803\/","title":{"rendered":"Un gol a un minuto del final evita la victoria de Movistar Inter ante Jimbee Cartagena en el Jorge Garbajosa (2-2)"},"content":{"rendered":"<p style=\"text-align: left;\"><strong>8 de octubre 2025<\/strong><\/p>\n<p><img loading=\"lazy\" decoding=\"async\" class=\"alignnone size-medium wp-image-79564 aligncenter\" src=\"https:\/\/www.europesays.com\/es\/wp-content\/uploads\/2025\/10\/EmpatarPerResumen-800x322.jpg\" alt=\"\" width=\"800\" height=\"322\"  \/><\/p>\n<p><strong>Movistar Inter afrontaba la octava jornada de la Primera Divisi\u00f3n FS en el Jorge Garbajosa de Torrej\u00f3n de Ardoz ante Jimbee Cartagena, adelantada por el compromiso europeo de los cartageneros. En la primera parte, Cecilio y Javi M\u00ednguez aventajaron a los interistas. En la segunda, Motta recort\u00f3 distancias y Waltinho puso el 2-2 definitivo.<\/strong><\/p>\n<p>Comenzaba el choque en tierras torrejoneras con un equipo interista buscando la meta rival con ah\u00ednco y nada m\u00e1s empezar, Pirata se qued\u00f3 mano a mano ante Chemi, la par\u00f3 el guardameta y el rechace lo mand\u00f3 el gallego al poste. Asimismo, Harrison volvi\u00f3 a obligar al portero de Jimbee Cartagena a intervenir para negar el primer tanto interista. El equipo de Cartagena lo intentaba con acciones aisladas, pero Jes\u00fas Herrero aparec\u00eda en escena con sus grandes paradas. En el 6\u2019, los interistas tuvieron la m\u00e1s clara, Ra\u00fal G\u00f3mez hizo una gran acci\u00f3n individual y su zurdazo se estrell\u00f3 en el larguero y posteriormente en la l\u00ednea. Tan solo un minuto despu\u00e9s, Cecilio abri\u00f3 la lata del marcador del Jorge Garbajosa tras un gran pase de Raya y una gran acci\u00f3n individual del cordob\u00e9s (1-0). Jimbee reaccion\u00f3, pero Herrero evit\u00f3 el gol de Osamanmusa y luego, de Gon Castej\u00f3n con dos buenas paradas. En el 11\u2019, lleg\u00f3 el gol de Javi M\u00ednguez despu\u00e9s de una gran picadita de Ra\u00fal que tocaba Chemi, pero el madrile\u00f1o la mand\u00f3 a guardar con la cabeza al estar en el sitio indicado (2-0). Pasaron los minutos y los de Riquer aguantaron la presi\u00f3n en ataque de los cartageneros para llegar al descanso con ventaja interista en el marcador tras una gran primera parte.<\/p>\n<p>Tras el intermedio, Movistar Inter sigui\u00f3 insistiendo y Harrison estuvo a nada del tercero, y luego, Cecilio, se top\u00f3 con Chemi. Sin embargo, en el 25\u2032 Cecilio se fue expulsado tras ver la segunda cartulina amarilla. Los interistas defendieron 2\u2032 con uno menos, apareciendo en escena la garra de los de Riquer en defensa y las intervenciones de Jes\u00fas Herrero para evitar el tanto rival. Pasaban los minutos y los interistas aguantaban bien el marcador ante las acometidas de los de Cartagena. El portero interista aparec\u00eda en escena para negar el gol a Gon Castej\u00f3n y a Tomaz. Posteriormente, sobre el 35\u2032, Pani estuvo a nada de hacer el tercero en un mano a mano frente al portero de Jimbee, pero hizo una gran parada abajo. En el tramo final de partido, los meloneros salieron de cinco y Motta puso el 2-1 tras un zurdazo lejano. Pani y Pirata estuvieron a nada del tercero, pero Chemi fren\u00f3 a los dos jugadores del conjunto torrejonero. En los instantes finales, Waltinho pon\u00eda el empate en el ataque de portero-jugador (2-2). De esta manera, Movistar Inter y Jimbee Cartagena empataron en un partido trepidante en el Garbajosa, privando un gol a nada del final de la primera victoria del curso a los de Riquer.<\/p>\n<p>Ficha del partido:<\/p>\n<p>Movistar Inter FS: J. Herrero, Raya, Cecilio, Harrison\u00a0 y Pirata.<\/p>\n<p>Tambi\u00e9n jugaron: Chaguinha, Ra\u00fal G\u00f3mez, Pani, J. M\u00ednguez, Carlos Bartolom\u00e9 y Rubio.<\/p>\n<p>Jimbee Cartagena Costa C\u00e1lida: Chemi, Tomaz, Juninho, Gon Castej\u00f3n y Osamanmusa.<\/p>\n<p>Tambi\u00e9n jugaron: Mellado, Waltinho, Dario, Motta y Carlos Alonso.<\/p>\n<p>Goles: 1-0 Cecilio (7\u2019), 2-0 J. M\u00ednguez (11\u00b4), 2-1 Motta (37\u2019), 2-2 Waltinho (39\u00b4)<\/p>\n<p>Tarjetas amarillas: Waltinho (CAR), Ra\u00fal G\u00f3mez (MOV), Cecilio (MOV), David Marin (MOV), Gon Castej\u00f3n (CAR), Pirata (MOV), Riquer (MOV), Cecilio (MOV), Mellado (CAR), Chemi (CAR), Duda (CAR), Tomaz (CAR)<\/p>\n<p>Tarjetas rojas: Cecilio (MOV)<\/p>\n<p>\u00c1rbitros: Juan Jos\u00e9 Cordero \/ Jos\u00e9 Javier Cidoncha<\/p>\n<p>Lugar: Pabell\u00f3n Jorge Garbajosa<\/p>\n<p><a data-flickr-embed=\"true\" href=\"https:\/\/www.flickr.com\/photos\/movistarinterfs\/albums\/72177720329546982\" title=\"1\u00aa Division Futbol Sala J8. T25\/26 | Movistar Inter FS vs Jimbee Cartagena by Movistar Inter FS, on Flickr\" rel=\"nofollow noopener\" target=\"_blank\"><img src='https:\/\/live.staticflickr.com\/65535\/54840623982_5e1fea5f5c_b.jpg' width='800' height='600' alt='1\u00aa Division Futbol Sala J8. T25\/26 | Movistar Inter FS vs Jimbee Cartagena'><\/a><script async src='https:\/\/embedr.flickr.com\/assets\/client-code.js' charset='utf-8'><\/script><\/p>\n","protected":false},"excerpt":{"rendered":"8 de octubre 2025 Movistar Inter afrontaba la octava jornada de la Primera Divisi\u00f3n FS en el Jorge&hellip;\n","protected":false},"author":2,"featured_media":163804,"comment_status":"","ping_status":"","sticky":false,"template":"","format":"standard","meta":{"footnotes":""},"categories":[93],"tags":[168,25,24,23,167],"class_list":{"0":"post-163803","1":"post","2":"type-post","3":"status-publish","4":"format-standard","5":"has-post-thumbnail","7":"category-deportes","8":"tag-deportes","9":"tag-es","10":"tag-espana","11":"tag-spain","12":"tag-sports"},"share_on_mastodon":{"url":"","error":""},"_links":{"self":[{"href":"https:\/\/www.europesays.com\/es\/wp-json\/wp\/v2\/posts\/163803","targetHints":{"allow":["GET"]}}],"collection":[{"href":"https:\/\/www.europesays.com\/es\/wp-json\/wp\/v2\/posts"}],"about":[{"href":"https:\/\/www.europesays.com\/es\/wp-json\/wp\/v2\/types\/post"}],"author":[{"embeddable":true,"href":"https:\/\/www.europesays.com\/es\/wp-json\/wp\/v2\/users\/2"}],"replies":[{"embeddable":true,"href":"https:\/\/www.europesays.com\/es\/wp-json\/wp\/v2\/comments?post=163803"}],"version-history":[{"count":0,"href":"https:\/\/www.europesays.com\/es\/wp-json\/wp\/v2\/posts\/163803\/revisions"}],"wp:featuredmedia":[{"embeddable":true,"href":"https:\/\/www.europesays.com\/es\/wp-json\/wp\/v2\/media\/163804"}],"wp:attachment":[{"href":"https:\/\/www.europesays.com\/es\/wp-json\/wp\/v2\/media?parent=163803"}],"wp:term":[{"taxonomy":"category","embeddable":true,"href":"https:\/\/www.europesays.com\/es\/wp-json\/wp\/v2\/categories?post=163803"},{"taxonomy":"post_tag","embeddable":true,"href":"https:\/\/www.europesays.com\/es\/wp-json\/wp\/v2\/tags?post=163803"}],"curies":[{"name":"wp","href":"https:\/\/api.w.org\/{rel}","templated":true}]}}