{"id":163811,"date":"2025-10-08T21:58:08","date_gmt":"2025-10-08T21:58:08","guid":{"rendered":"https:\/\/www.europesays.com\/es\/163811\/"},"modified":"2025-10-08T21:58:08","modified_gmt":"2025-10-08T21:58:08","slug":"wall-street-abre-al-alza-con-el-sector-tecnologico-en-la-mira","status":"publish","type":"post","link":"https:\/\/www.europesays.com\/es\/163811\/","title":{"rendered":"Wall Street Abre Al Alza Con El Sector Tecnol\u00f3gico En La Mira"},"content":{"rendered":"<p data-type=\"paragraph\" data=\"[object Object]\">La bolsa de Nueva York abri\u00f3 en verde el mi\u00e9rcoles, retomando una din\u00e1mica alcista -despu\u00e9s de una pausa la v\u00edspera- gracias al sector tecnol\u00f3gico y a las perspectivas de crecimiento en el mercado de inteligencia artificial (IA).<\/p>\n<p data-type=\"paragraph\" data=\"[object Object]\" class=\"emotion-1akm6h5-Paragraph e1e4oisd0\">En los primeros intercambios, Dow Jones ganaba 0,25%, el tecnol\u00f3gico Nasdaq sumaba 0,28% y el \u00edndice m\u00e1s amplio S&amp;P 500 sub\u00eda 0,20%.<\/p>\n<p data-type=\"paragraph\" data=\"[object Object]\" class=\"emotion-1akm6h5-Paragraph e1e4oisd0\">tmc\/eb\/val\/mar<\/p>\n","protected":false},"excerpt":{"rendered":"La bolsa de Nueva York abri\u00f3 en verde el mi\u00e9rcoles, retomando una din\u00e1mica alcista -despu\u00e9s de una pausa&hellip;\n","protected":false},"author":2,"featured_media":123368,"comment_status":"","ping_status":"","sticky":false,"template":"","format":"standard","meta":{"footnotes":""},"categories":[80],"tags":[82,95,94,25,24,114,9522,23,116,113],"class_list":{"0":"post-163811","1":"post","2":"type-post","3":"status-publish","4":"format-standard","5":"has-post-thumbnail","7":"category-economia","8":"tag-business","9":"tag-economia","10":"tag-economy","11":"tag-es","12":"tag-espana","13":"tag-mercados","14":"tag-newyork","15":"tag-spain","16":"tag-synd","17":"tag-valores"},"share_on_mastodon":{"url":"","error":""},"_links":{"self":[{"href":"https:\/\/www.europesays.com\/es\/wp-json\/wp\/v2\/posts\/163811","targetHints":{"allow":["GET"]}}],"collection":[{"href":"https:\/\/www.europesays.com\/es\/wp-json\/wp\/v2\/posts"}],"about":[{"href":"https:\/\/www.europesays.com\/es\/wp-json\/wp\/v2\/types\/post"}],"author":[{"embeddable":true,"href":"https:\/\/www.europesays.com\/es\/wp-json\/wp\/v2\/users\/2"}],"replies":[{"embeddable":true,"href":"https:\/\/www.europesays.com\/es\/wp-json\/wp\/v2\/comments?post=163811"}],"version-history":[{"count":0,"href":"https:\/\/www.europesays.com\/es\/wp-json\/wp\/v2\/posts\/163811\/revisions"}],"wp:featuredmedia":[{"embeddable":true,"href":"https:\/\/www.europesays.com\/es\/wp-json\/wp\/v2\/media\/123368"}],"wp:attachment":[{"href":"https:\/\/www.europesays.com\/es\/wp-json\/wp\/v2\/media?parent=163811"}],"wp:term":[{"taxonomy":"category","embeddable":true,"href":"https:\/\/www.europesays.com\/es\/wp-json\/wp\/v2\/categories?post=163811"},{"taxonomy":"post_tag","embeddable":true,"href":"https:\/\/www.europesays.com\/es\/wp-json\/wp\/v2\/tags?post=163811"}],"curies":[{"name":"wp","href":"https:\/\/api.w.org\/{rel}","templated":true}]}}