{"id":163812,"date":"2025-10-08T21:59:07","date_gmt":"2025-10-08T21:59:07","guid":{"rendered":"https:\/\/www.europesays.com\/es\/163812\/"},"modified":"2025-10-08T21:59:07","modified_gmt":"2025-10-08T21:59:07","slug":"el-papa-caminar-juntos-es-el-estilo-de-vida-y-mision-de-la-iglesia","status":"publish","type":"post","link":"https:\/\/www.europesays.com\/es\/163812\/","title":{"rendered":"El Papa: Caminar juntos es el estilo de vida y misi\u00f3n de la Iglesia"},"content":{"rendered":"<p>Mensaje de Le\u00f3n XIV, firmado por el cardenal Secretario de Estado Parolin, con ocasi\u00f3n del congreso que se est\u00e1 celebrando en Camaldoli sobre el tema \u00ab\u00bfQu\u00e9 tipo de obispo en una Iglesia sinodal?\u00bb<\/p>\n<p><b>Vatican News<\/b><\/p>\n<p>Que las jornadas de estudio fomenten una renovada comprensi\u00f3n de que caminar juntos es el estilo de vida y la misi\u00f3n de la Iglesia. Este es el deseo que el Papa Le\u00f3n XIV extiende a los promotores, ponentes y participantes de la conferencia teol\u00f3gica \u00bb\u00a0\u00bfQu\u00e9 tipo de obispo en una Iglesia sinodal?\u00a0\u00bb , que se celebra en la Ermita de Camaldoli, en Italia, del 6 al 9 de octubre.<\/p>\n<p>Estos cuatro d\u00edas se centrar\u00e1n en la figura y el ministerio del obispo en una Iglesia sinodal, buscando aclarar c\u00f3mo no se puede desarrollar un estilo y una forma de Iglesia sinodales sin repensar el ministerio episcopal desde una perspectiva sinodal.<\/p>\n<p>El mensaje del Papa <\/p>\n<p>En el mensaje \u2014firmado por el cardenal secretario de Estado, Pietro Parolin, y dirigido al Prior General de la Congregaci\u00f3n Camaldulense de la Orden de San Benito, el padre Matteo Ferrari\u2014, el Papa expresa su presencia espiritual en la significativa asamblea. Se trata &#8211; se lee en el mensaje &#8211; de una iniciativa de gran profundidad teol\u00f3gica y eclesial, por la que el Pont\u00edfice expresa su agradecimiento.<\/p>\n<p>El Santo Padre espera que estos d\u00edas fomenten una renovada conciencia de caminar juntos, recordando que \u00abla aut\u00e9ntica sinodalidad, por su propia naturaleza, exige la escucha y la participaci\u00f3n de todos los bautizados, seg\u00fan la vocaci\u00f3n de cada uno, pero no puede ignorar la autoridad conferida por Cristo al Colegio Episcopal encabezado por el Sucesor de Pedro\u00bb.<\/p>\n<p>\u00a0<\/p>\n","protected":false},"excerpt":{"rendered":"Mensaje de Le\u00f3n XIV, firmado por el cardenal Secretario de Estado Parolin, con ocasi\u00f3n del congreso que se&hellip;\n","protected":false},"author":2,"featured_media":163813,"comment_status":"","ping_status":"","sticky":false,"template":"","format":"standard","meta":{"footnotes":""},"categories":[42],"tags":[17,18,13,14,11,61,62,63,64,628,19,20,8079,9,10,15,16,18386,400,48377,12,21,22,65,66,67],"class_list":{"0":"post-163812","1":"post","2":"type-post","3":"status-publish","4":"format-standard","5":"has-post-thumbnail","7":"category-internacional","8":"tag-breaking-news","9":"tag-breakingnews","10":"tag-featured-news","11":"tag-featurednews","12":"tag-headlines","13":"tag-internacional","14":"tag-international","15":"tag-international-news","16":"tag-internationalnews","17":"tag-italia","18":"tag-latest-news","19":"tag-latestnews","20":"tag-mensaje","21":"tag-news","22":"tag-noticias","23":"tag-noticias-destacadas","24":"tag-noticiasdestacadas","25":"tag-obispos","26":"tag-papa-leon-xiv","27":"tag-sinodalidad","28":"tag-titulares","29":"tag-ultimas-noticias","30":"tag-ultimasnoticias","31":"tag-world","32":"tag-world-news","33":"tag-worldnews"},"share_on_mastodon":{"url":"","error":""},"_links":{"self":[{"href":"https:\/\/www.europesays.com\/es\/wp-json\/wp\/v2\/posts\/163812","targetHints":{"allow":["GET"]}}],"collection":[{"href":"https:\/\/www.europesays.com\/es\/wp-json\/wp\/v2\/posts"}],"about":[{"href":"https:\/\/www.europesays.com\/es\/wp-json\/wp\/v2\/types\/post"}],"author":[{"embeddable":true,"href":"https:\/\/www.europesays.com\/es\/wp-json\/wp\/v2\/users\/2"}],"replies":[{"embeddable":true,"href":"https:\/\/www.europesays.com\/es\/wp-json\/wp\/v2\/comments?post=163812"}],"version-history":[{"count":0,"href":"https:\/\/www.europesays.com\/es\/wp-json\/wp\/v2\/posts\/163812\/revisions"}],"wp:featuredmedia":[{"embeddable":true,"href":"https:\/\/www.europesays.com\/es\/wp-json\/wp\/v2\/media\/163813"}],"wp:attachment":[{"href":"https:\/\/www.europesays.com\/es\/wp-json\/wp\/v2\/media?parent=163812"}],"wp:term":[{"taxonomy":"category","embeddable":true,"href":"https:\/\/www.europesays.com\/es\/wp-json\/wp\/v2\/categories?post=163812"},{"taxonomy":"post_tag","embeddable":true,"href":"https:\/\/www.europesays.com\/es\/wp-json\/wp\/v2\/tags?post=163812"}],"curies":[{"name":"wp","href":"https:\/\/api.w.org\/{rel}","templated":true}]}}