{"id":163815,"date":"2025-10-08T22:01:11","date_gmt":"2025-10-08T22:01:11","guid":{"rendered":"https:\/\/www.europesays.com\/es\/163815\/"},"modified":"2025-10-08T22:01:11","modified_gmt":"2025-10-08T22:01:11","slug":"red-electrica-pide-a-competencia-aplicar-medidas-urgentes-ante-el-riesgo-de-nuevos-apagones","status":"publish","type":"post","link":"https:\/\/www.europesays.com\/es\/163815\/","title":{"rendered":"Red El\u00e9ctrica pide a Competencia aplicar medidas urgentes ante el riesgo de nuevos apagones"},"content":{"rendered":"<p style=\"\">El sistema el\u00e9ctrico espa\u00f1ol vuelve a estar en problemas. Ni siquiera el \u00ab<a href=\"https:\/\/www.abc.es\/noticias\/energia\/\" target=\"_self\" data-voc-vtm-id=\"in-text-traffic\" title=\"sistema reforzado\" data-mrf-link=\"www.abc.es\" rel=\"nofollow noopener\">sistema reforzado<\/a>\u00bb que ha implantado <strong>Red El\u00e9ctrica<\/strong> desde el pasado mes de abril, cuando tuvo lugar el gran apag\u00f3n, sirve para alejar los fantasmas de un nuevo fundido en negro. De  &#8230; este modo, el operador del sistema ha pedido a la Comisi\u00f3n Nacional de los Mercados y la Competencia (CNMC) la aprobaci\u00f3n de medidas urgentes para evitar nuevos apagones. <\/p>\n<p class=\"voc-p\" style=\"\">La petici\u00f3n ha sorprendido, en parte, puesto que desde hace d\u00edas corr\u00eda como la p\u00f3lvora el rumor de que la red el\u00e9ctrica espa\u00f1ola estaba sufriendo, de nuevo, problemas de tensi\u00f3n. Por este motivo, el regulador a propuesta de Red El\u00e9ctrica, va a tramitar de urgencia una serie de operativas de red para estabilizar la infraestructura.<\/p>\n<p class=\"voc-p\" style=\"\">\u00abLas variaciones r\u00e1pidas de tensi\u00f3n registradas en estas dos \u00faltimas semanas, a\u00fan estando siempre las tensiones dentro de los m\u00e1rgenes establecidos, potencialmente pueden desencadenar desconexiones de demanda y\/o generaci\u00f3n que terminen desestabilizando el sistema\u00bb, seg\u00fan la informaci\u00f3n facilitada a la CNMC por el operador del sistema. <\/p>\n<p class=\"voc-p\" style=\"\">Por su parte, el Ministerio de Transici\u00f3n Ecol\u00f3gica, al que Red El\u00e9ctrica tambi\u00e9n ha remitido la informaci\u00f3n, <strong>ha pedido al operador del sistema que act\u00fae seg\u00fan sus funciones y a la CNMC<\/strong> que refuerce la supervisi\u00f3n y tome \u00ablas medidas necesarias para asegurar que todos los agentes cumplen con sus obligaciones para el buen funcionamiento del sistema\u00bb.<\/p>\n<p class=\"voc-p\" style=\"\">Cabe recordar que el Gobierno es el m\u00e1ximo accionista de <strong>Redeia<\/strong>, la empresa matriz de Red El\u00e9ctrica y que, en caso de darse una segunda crisis, ser\u00eda el principal se\u00f1alado. Por eso, en esta ocasi\u00f3n, desde el Ejecutivo instan al operador del sistema a que sea resolutivo con los problemas surgidos.<\/p>\n<p class=\"voc-p\" style=\"\">En este escenario, la CNMC ha iniciado la tramitaci\u00f3n de unas medidas coyunturales y acotadas en el tiempo, mientras contin\u00faa su labor de supervisi\u00f3n y se termina de desplegar el nuevo procedimiento operativo que permitir\u00e1 a todas las tecnolog\u00edas aportar control de tensi\u00f3n. Se trata de unas operativas, sobre la P.O. 7.4, que otorga tambi\u00e9n a las renovables la capacidad de controlar la tensi\u00f3n y que se estaban tramitando en estos momentos.<\/p>\n<p class=\"voc-p\" style=\"\">En la propuesta de resoluci\u00f3n del organismo que preside Cani Fern\u00e1ndez se detalla que con fecha 7 de octubre de 2025 tuvo entrada en la CNMC un escrito del operador del sistema mediante el cual solicitaba la introducci\u00f3n de modificaciones urgentes en varios procedimientos de operaci\u00f3n el\u00e9ctricos.<\/p>\n<p class=\"voc-p\" style=\"\"><strong>Competencia reconoce que las medidas solicitadas por Red El\u00e9ctrica podr\u00edan tener un impacto significativo sobre los servicios que se prestan<\/strong>: \u00abel endurecimiento de las condiciones de prestaci\u00f3n de los servicios podr\u00edan resultar en una reducci\u00f3n de la oferta y en un incremento del coste soportado por la demanda\u00bb, o lo que es lo mismo, un potencial incremento de los precios de la luz para los consumidores. <\/p>\n<p class=\"voc-p\" style=\"\">Esta situaci\u00f3n ya se ven\u00eda dando con el \u00absistema reforzado\u00bb, y ahora est\u00e1 por descubrir hasta cu\u00e1nto afectar\u00e1n estos nuevos sistemas de operaci\u00f3n a la composici\u00f3n del precio final de la luz.<\/p>\n<p class=\"voc-p\" style=\"\">Como explicaci\u00f3n t\u00e9cnica, y para volver a poner el foco entre los productores de energ\u00eda, el operador sistema dice que las causas de estos problemas estar\u00edan el fuerte incremento de las instalaciones de gran tama\u00f1o conectadas al sistema, pero tambi\u00e9n el crecimiento \u00abde las instalaciones de peque\u00f1a potencia conectadas en tensiones bajas, buena parte de ellas asociadas al autoconsumo\u00bb. Explica tambi\u00e9n que el aumento del autoconsumo ha provocado que la demanda en transporte sea menor, lo que hace que se descarguen las redes y provoquen variaciones en la tensi\u00f3n.<\/p>\n","protected":false},"excerpt":{"rendered":"El sistema el\u00e9ctrico espa\u00f1ol vuelve a estar en problemas. Ni siquiera el \u00absistema reforzado\u00bb que ha implantado Red&hellip;\n","protected":false},"author":2,"featured_media":163816,"comment_status":"","ping_status":"","sticky":false,"template":"","format":"standard","meta":{"footnotes":""},"categories":[5],"tags":[1575,3690,29169,17,18,20881,27732,25,24,13,14,11,19,20,596,9,10,15,16,5024,34,905,1288,23,12,21,22,33010],"class_list":{"0":"post-163815","1":"post","2":"type-post","3":"status-publish","4":"format-standard","5":"has-post-thumbnail","7":"category-titulares","8":"tag-ante","9":"tag-apagones","10":"tag-aplicar","11":"tag-breaking-news","12":"tag-breakingnews","13":"tag-competencia","14":"tag-electrica","15":"tag-es","16":"tag-espana","17":"tag-featured-news","18":"tag-featurednews","19":"tag-headlines","20":"tag-latest-news","21":"tag-latestnews","22":"tag-medidas","23":"tag-news","24":"tag-noticias","25":"tag-noticias-destacadas","26":"tag-noticiasdestacadas","27":"tag-nuevos","28":"tag-pide","29":"tag-red","30":"tag-riesgo","31":"tag-spain","32":"tag-titulares","33":"tag-ultimas-noticias","34":"tag-ultimasnoticias","35":"tag-urgentes"},"share_on_mastodon":{"url":"","error":""},"_links":{"self":[{"href":"https:\/\/www.europesays.com\/es\/wp-json\/wp\/v2\/posts\/163815","targetHints":{"allow":["GET"]}}],"collection":[{"href":"https:\/\/www.europesays.com\/es\/wp-json\/wp\/v2\/posts"}],"about":[{"href":"https:\/\/www.europesays.com\/es\/wp-json\/wp\/v2\/types\/post"}],"author":[{"embeddable":true,"href":"https:\/\/www.europesays.com\/es\/wp-json\/wp\/v2\/users\/2"}],"replies":[{"embeddable":true,"href":"https:\/\/www.europesays.com\/es\/wp-json\/wp\/v2\/comments?post=163815"}],"version-history":[{"count":0,"href":"https:\/\/www.europesays.com\/es\/wp-json\/wp\/v2\/posts\/163815\/revisions"}],"wp:featuredmedia":[{"embeddable":true,"href":"https:\/\/www.europesays.com\/es\/wp-json\/wp\/v2\/media\/163816"}],"wp:attachment":[{"href":"https:\/\/www.europesays.com\/es\/wp-json\/wp\/v2\/media?parent=163815"}],"wp:term":[{"taxonomy":"category","embeddable":true,"href":"https:\/\/www.europesays.com\/es\/wp-json\/wp\/v2\/categories?post=163815"},{"taxonomy":"post_tag","embeddable":true,"href":"https:\/\/www.europesays.com\/es\/wp-json\/wp\/v2\/tags?post=163815"}],"curies":[{"name":"wp","href":"https:\/\/api.w.org\/{rel}","templated":true}]}}