{"id":163819,"date":"2025-10-08T22:03:08","date_gmt":"2025-10-08T22:03:08","guid":{"rendered":"https:\/\/www.europesays.com\/es\/163819\/"},"modified":"2025-10-08T22:03:08","modified_gmt":"2025-10-08T22:03:08","slug":"lujo-y-figuras-en-el-homenaje-a-blazquez","status":"publish","type":"post","link":"https:\/\/www.europesays.com\/es\/163819\/","title":{"rendered":"Lujo y figuras en el homenaje a Bl\u00e1zquez"},"content":{"rendered":"<p>Este jueves 9 de octubre, d\u00eda de la Comunitat Valenciana, <strong>Bocairent<\/strong> ser\u00e1 el escenario de un festival homenaje al matador de toros valenciano<strong> V\u00edctor Manuel Bl\u00e1zquez<\/strong> con motivo del treinta y cinco aniversario de su alternativa. <strong>Bl\u00e1zquez, <\/strong>que se ha jubilado recientemente, fue uno de los primeros alumnos de la escuela de <strong>Valencia<\/strong> y posteriormente ejerci\u00f3 como profesor de esta. En ambas disciplinas se gan\u00f3 el respeto general y tuvo la consideraci\u00f3n de torero y hombre cabal.<\/p>\n<p>Para la ocasi\u00f3n, los proactivos hermanos <strong>Mart\u00ed<\/strong>, empresarios de la singular plaza, han confeccionado un interesante cartel con toreros de la tierra, <strong>Enrique Ponce<\/strong>, el propio <strong>V\u00edctor Manuel Bl\u00e1zquez, Vicente Barrera, Jos\u00e9 Pacheco \u00abEl Califa\u00bb, Rom\u00e1n <\/strong>y el novillero <strong>Bruno Gimeno,<\/strong> que se enfrentar\u00e1n a seis novillos de <strong>Juan Pedro Domecq<\/strong>.<\/p>\n","protected":false},"excerpt":{"rendered":"Este jueves 9 de octubre, d\u00eda de la Comunitat Valenciana, Bocairent ser\u00e1 el escenario de un festival homenaje&hellip;\n","protected":false},"author":2,"featured_media":163820,"comment_status":"","ping_status":"","sticky":false,"template":"","format":"standard","meta":{"footnotes":""},"categories":[277],"tags":[45,47785,373,168,48379,25,24,3931,6552,1226,1227,23,167,625,374,48380],"class_list":{"0":"post-163819","1":"post","2":"type-post","3":"status-publish","4":"format-standard","5":"has-post-thumbnail","7":"category-toreo","8":"tag-45","9":"tag-bocairent","10":"tag-bullfighting","11":"tag-deportes","12":"tag-dia-de-la-comunitat-valenciana","13":"tag-es","14":"tag-espana","15":"tag-festival","16":"tag-homenaje","17":"tag-noticias-de-toros","18":"tag-noticias-taurinas","19":"tag-spain","20":"tag-sports","21":"tag-tauromaquia","22":"tag-toreo","23":"tag-victor-manuel-blazquez"},"share_on_mastodon":{"url":"","error":""},"_links":{"self":[{"href":"https:\/\/www.europesays.com\/es\/wp-json\/wp\/v2\/posts\/163819","targetHints":{"allow":["GET"]}}],"collection":[{"href":"https:\/\/www.europesays.com\/es\/wp-json\/wp\/v2\/posts"}],"about":[{"href":"https:\/\/www.europesays.com\/es\/wp-json\/wp\/v2\/types\/post"}],"author":[{"embeddable":true,"href":"https:\/\/www.europesays.com\/es\/wp-json\/wp\/v2\/users\/2"}],"replies":[{"embeddable":true,"href":"https:\/\/www.europesays.com\/es\/wp-json\/wp\/v2\/comments?post=163819"}],"version-history":[{"count":0,"href":"https:\/\/www.europesays.com\/es\/wp-json\/wp\/v2\/posts\/163819\/revisions"}],"wp:featuredmedia":[{"embeddable":true,"href":"https:\/\/www.europesays.com\/es\/wp-json\/wp\/v2\/media\/163820"}],"wp:attachment":[{"href":"https:\/\/www.europesays.com\/es\/wp-json\/wp\/v2\/media?parent=163819"}],"wp:term":[{"taxonomy":"category","embeddable":true,"href":"https:\/\/www.europesays.com\/es\/wp-json\/wp\/v2\/categories?post=163819"},{"taxonomy":"post_tag","embeddable":true,"href":"https:\/\/www.europesays.com\/es\/wp-json\/wp\/v2\/tags?post=163819"}],"curies":[{"name":"wp","href":"https:\/\/api.w.org\/{rel}","templated":true}]}}