{"id":163821,"date":"2025-10-08T22:05:11","date_gmt":"2025-10-08T22:05:11","guid":{"rendered":"https:\/\/www.europesays.com\/es\/163821\/"},"modified":"2025-10-08T22:05:11","modified_gmt":"2025-10-08T22:05:11","slug":"barros-errazuriz-prepara-mudanza-a-terreno-de-la-inmobiliaria-de-fernandez-leon-en-el-golf","status":"publish","type":"post","link":"https:\/\/www.europesays.com\/es\/163821\/","title":{"rendered":"Barros &#038; Err\u00e1zuriz prepara mudanza a terreno de la inmobiliaria de Fern\u00e1ndez Le\u00f3n en El Golf"},"content":{"rendered":"<p><a class=\"enc-main__tag\" href=\"https:\/\/www.df.cl\/empresas\/entrecodigos\" rel=\"nofollow noopener\" target=\"_blank\">Entre C\u00f3digos<\/a><\/p>\n<p class=\"enc-main__description\">Se trata de un lote a metros de la rotonda P\u00e9rez Zujovic, en el cual hay un edificio en proceso de construcci\u00f3n, y donde la firma utilizar\u00e1 el 50% del inmobiliario.<\/p>\n<p class=\"author__name\">Por: <a href=\"https:\/\/www.df.cl\/noticias\/site\/tag\/port\/all\/tagport_3635_1.html\" rel=\"nofollow noopener\" target=\"_blank\">Sof\u00eda Fuentes<\/a><\/p>\n<p class=\"author__date\">Publicado: Martes 7 de octubre de 2025 a las 10:26 hrs.<\/p>\n<p>                                    <img decoding=\"async\" src=\"https:\/\/www.europesays.com\/es\/wp-content\/uploads\/2025\/10\/TERRENOS-EX-PARRILLADAS-ARGENTINAS-VITACURA-2985-M.jpg\" alt=\"&lt;p&gt;Terreno en el cual se construir\u00e1 la pr\u00f3xima oficina de B&amp;E.&lt;\/p&gt;\"\/><\/p>\n<p class=\"art-img__caption border-m-none\">Terreno en el cual se construir\u00e1 la pr\u00f3xima oficina de B&amp;E.<\/p>\n<p><strong>Despu\u00e9s de m\u00e1s de un cuarto de siglo en Isidora Goyenechea, el estudio de abogados Barros &amp; Err\u00e1zuriz prepara el cambio de su sede central.\u00a0<\/strong><\/p>\n<p>\u00a0<\/p>\n<p>La firma dejar\u00e1 el edificio que los ha albergado desde el a\u00f1o 2000 para instalarse en un nuevo inmueble actualmente en etapa de construcci\u00f3n, ubicado en el barrio El Golf.<\/p>\n<p><strong>US$ <\/strong>10 <strong>millones<\/strong> Le habr\u00eda costado el terreno a la inmobiliaria FFV.<strong\/><\/p>\n<p><strong>El traslado est\u00e1 previsto para dentro de cuatro a\u00f1os y se concretar\u00e1 en un proyecto desarrollado por la Inmobiliaria FFV, ligada a Eduardo Fern\u00e1ndez Le\u00f3n y en la cual Leonidas Vial tambi\u00e9n tiene participaci\u00f3n<\/strong>. La operaci\u00f3n de compra del terreno -emplazado a pocos metros de la rotonda P\u00e9rez Zujovic-\u00a0<a href=\"https:\/\/www.df.cl\/empresas\/construccion\/la-nueva-jugada-de-la-inmobiliaria-de-fernandez-leon-se-queda-con\" rel=\"nofollow noopener\" target=\"_blank\"> habr\u00eda bordeado los US$ 10 millones.<\/a><\/p>\n<p>\u00a0<\/p>\n<p>El lote, de 1.710 metros cuadrados, se encuentra en avenida Vitacura 2985, sitio donde anteriormente tuvieron lugar una serie de restaurantes como La Piccola Italia y m\u00e1s tarde Parrilladas Argentinas.<\/p>\n<p><strong>En el futuro edificio, el estudio de abogados ocupar\u00e1 los seis \u00faltimos pisos, equivalentes al 50% del proyecto, y seg\u00fan fuentes conocedoras de la intermediaci\u00f3n, el contrato de arriendo ya estar\u00eda cerrado.<\/strong><\/p>\n<p>\u00a0<\/p>\n<p>Barros &amp; Err\u00e1zuriz se\u00f1al\u00f3 a <strong>DF<\/strong> que \u201cel proyecto est\u00e1 actualmente en etapa de dise\u00f1o, lo que permite al estudio participar activamente en la creaci\u00f3n de un espacio pensado especialmente para su equipo: moderno, colaborativo e integrado\u201d.<\/p>\n<p>El dise\u00f1o arquitect\u00f3nico est\u00e1 a cargo de Borja Huidobro y el estudio A4.<\/p>\n<p>\u00a0<\/p>\n<p>Un cambio alineado con su expansi\u00f3n<\/p>\n<p>El nuevo edificio se enmarca en el plan de crecimiento y proyecci\u00f3n del estudio. \u201cReafirmando su compromiso con su equipo y las futuras generaciones\u201d, sostuvieron desde Barros &amp; Err\u00e1zuriz.<\/p>\n<p>\u00a0<\/p>\n<p>Este paso se suma a la expansi\u00f3n internacional de la firma, que el a\u00f1o pasado marc\u00f3 un hito al convertirse en el primer estudio de abogados chileno en abrir una oficina en Nueva York.<\/p>\n","protected":false},"excerpt":{"rendered":"Entre C\u00f3digos Se trata de un lote a metros de la rotonda P\u00e9rez Zujovic, en el cual hay&hellip;\n","protected":false},"author":2,"featured_media":163822,"comment_status":"","ping_status":"","sticky":false,"template":"","format":"standard","meta":{"footnotes":""},"categories":[275],"tags":[168,25,24,329,23,167],"class_list":{"0":"post-163821","1":"post","2":"type-post","3":"status-publish","4":"format-standard","5":"has-post-thumbnail","7":"category-golf","8":"tag-deportes","9":"tag-es","10":"tag-espana","11":"tag-golf","12":"tag-spain","13":"tag-sports"},"share_on_mastodon":{"url":"","error":""},"_links":{"self":[{"href":"https:\/\/www.europesays.com\/es\/wp-json\/wp\/v2\/posts\/163821","targetHints":{"allow":["GET"]}}],"collection":[{"href":"https:\/\/www.europesays.com\/es\/wp-json\/wp\/v2\/posts"}],"about":[{"href":"https:\/\/www.europesays.com\/es\/wp-json\/wp\/v2\/types\/post"}],"author":[{"embeddable":true,"href":"https:\/\/www.europesays.com\/es\/wp-json\/wp\/v2\/users\/2"}],"replies":[{"embeddable":true,"href":"https:\/\/www.europesays.com\/es\/wp-json\/wp\/v2\/comments?post=163821"}],"version-history":[{"count":0,"href":"https:\/\/www.europesays.com\/es\/wp-json\/wp\/v2\/posts\/163821\/revisions"}],"wp:featuredmedia":[{"embeddable":true,"href":"https:\/\/www.europesays.com\/es\/wp-json\/wp\/v2\/media\/163822"}],"wp:attachment":[{"href":"https:\/\/www.europesays.com\/es\/wp-json\/wp\/v2\/media?parent=163821"}],"wp:term":[{"taxonomy":"category","embeddable":true,"href":"https:\/\/www.europesays.com\/es\/wp-json\/wp\/v2\/categories?post=163821"},{"taxonomy":"post_tag","embeddable":true,"href":"https:\/\/www.europesays.com\/es\/wp-json\/wp\/v2\/tags?post=163821"}],"curies":[{"name":"wp","href":"https:\/\/api.w.org\/{rel}","templated":true}]}}