{"id":163827,"date":"2025-10-08T22:08:16","date_gmt":"2025-10-08T22:08:16","guid":{"rendered":"https:\/\/www.europesays.com\/es\/163827\/"},"modified":"2025-10-08T22:08:16","modified_gmt":"2025-10-08T22:08:16","slug":"los-jefes-de-equipo-de-f1-hablan-de-las-llamadas-de-horner-para-pedir-trabajo","status":"publish","type":"post","link":"https:\/\/www.europesays.com\/es\/163827\/","title":{"rendered":"Los jefes de equipo de F1 hablan de las llamadas de Horner para pedir trabajo"},"content":{"rendered":"<p>Incluso tres meses despu\u00e9s de su sorprendente marcha de Red Bull, el ex jefe de equipo Christian Horner todav\u00eda no ha encontrado una alternativa para 2026, aunque ya se han puesto en contacto con \u00e9l varios equipos de F\u00f3rmula 1, como revel\u00f3 recientemente el jefe de equipo de Haas, Ayao Komatsu.<\/p>\n<p>\u00abParece que Christian est\u00e1 llamando a casi todos los jefes de equipo en este momento\u00bb, sonri\u00f3 el director ejecutivo y jefe de equipo de Aston Martin, Andy Cowell, el pasado fin de semana en Singapur. Sin embargo, Cowell no quiso revelar si el brit\u00e1nico de 51 a\u00f1os tambi\u00e9n se hab\u00eda puesto en contacto con \u00e9l.<\/p>\n<p>El jueves, el jefe de Aston Martin hab\u00eda guardado un llamativo silencio sobre un posible cambio de Horner, pero en la rueda de prensa de jefes de equipo lo dej\u00f3 claro: \u00abPuedo decir claramente que no hay planes para que Christian participe en el futuro, ni en un papel operativo ni de inversi\u00f3n\u00bb, aclar\u00f3 Cowell.<\/p>\n<p>Lo que actualmente no es el caso podr\u00eda llegar a serlo en alg\u00fan momento, pero la puerta no parece estar abierta de par en par para Horner por el momento. Despu\u00e9s de Cadillac y Haas, la siguiente opci\u00f3n para el veterano jefe de equipo de Red Bull corre el riesgo de desvanecerse en el aire.<\/p>\n<p>Horner no ha tenido contacto con <a href=\"https:\/\/lat.motorsport.com\/team\/williams\/25737\/\" target=\"_blank\" rel=\"noopener nofollow\">Williams<\/a><\/p>\n<p>\u00bfY qu\u00e9 m\u00e1s? El jefe del equipo Williams, James Vowles, revel\u00f3 en Singapur que Horner a\u00fan no se hab\u00eda puesto en contacto con \u00e9l. En principio, sin embargo, el brit\u00e1nico est\u00e1 dispuesto a hablar. \u00abCreo que siempre hay que dar la bienvenida a un di\u00e1logo. No hay raz\u00f3n para cerrar la puerta\u00bb, dijo Vowles.\u00a0<\/p>\n<p>Sin embargo, antes de que pudieran comenzar nuevos rumores sobre un cambio de Horner a Williams, el piloto de 46 a\u00f1os volvi\u00f3 a pisar el freno. \u00abCreo -no, lo s\u00e9- que estamos muy contentos con la estructura que tenemos y que funciona\u00bb, subray\u00f3 el jefe del equipo Williams. \u00abAs\u00ed que no veo ninguna raz\u00f3n para cambiar nada\u00bb.<\/p>\n<p>   <img decoding=\"async\" draggable=\"false\" src=\"https:\/\/www.europesays.com\/es\/wp-content\/uploads\/2025\/09\/1759084572_788_promo-app.jpg\" alt=\"Promo App\" width=\"1200\" height=\"800\" loading=\"lazy\"\/> <\/p>\n<p class=\"title\">Promo App<\/p>\n<p>Eso casi deja a <a href=\"https:\/\/lat.motorsport.com\/team\/alpine\/37484\/\" target=\"_blank\" rel=\"noopener nofollow\">Alpine<\/a>. \u00bfHa contactado ya Horner con ellos? \u00abQue yo sepa, no, pero Flavio [Briatore] y Christian son viejos amigos, eso no es ning\u00fan secreto\u00bb, explic\u00f3 el nuevo director general de Alpine, Steve Nielsen. \u00abLo que hablaron, no lo s\u00e9\u00bb.<\/p>\n<p>\u00abPero por lo que veo y s\u00e9, no hay nada de cierto en el rumor de que Christian vaya a venir a Alpine\u00bb, a\u00f1adi\u00f3 el directivo de 61 a\u00f1os, pero sin sacar una conclusi\u00f3n definitiva: \u00abEso no quiere decir que no pueda ocurrir, al fin y al cabo esto es la F\u00f3rmula 1\u00bb. Y as\u00ed, los rumores sobre Horner continuar\u00e1n por el momento&#8230;<\/p>\n<p><img decoding=\"async\" src=\"https:\/\/www.europesays.com\/es\/wp-content\/uploads\/2025\/10\/68268e0ca514443fa35783bb62318420.gif\" alt=\"\" width=\"1\" height=\"1\" loading=\"lazy\"\/><\/p>\n<p>            Queremos tu opini\u00f3n<\/p>\n<p class=\"mt-auto\">\u00bfQu\u00e9 le gustar\u00eda ver en Motorsport.com?<\/p>\n<p>            <a href=\"#\" class=\"ms-link text-link font-bold\">Responda a nuestra encuesta de 5 minutos.<\/a><\/p>\n<p class=\"mt-1 font-info text-body\">&#8211; El equipo de Motorsport.com<\/p>\n","protected":false},"excerpt":{"rendered":"Incluso tres meses despu\u00e9s de su sorprendente marcha de Red Bull, el ex jefe de equipo Christian Horner&hellip;\n","protected":false},"author":2,"featured_media":163828,"comment_status":"","ping_status":"","sticky":false,"template":"","format":"standard","meta":{"footnotes":""},"categories":[270],"tags":[4671,168,25,24,306,271,272,1230,48381,23,167],"class_list":{"0":"post-163827","1":"post","2":"type-post","3":"status-publish","4":"format-standard","5":"has-post-thumbnail","7":"category-formula-1","8":"tag-christian-horner","9":"tag-deportes","10":"tag-es","11":"tag-espana","12":"tag-f1","13":"tag-formula-1","14":"tag-formula1","15":"tag-fu00f3rmula-1","16":"tag-los-jefes-de-equipo-de-f1-hablan-de-las-llamadas-de-horner-para-pedir-trabajo","17":"tag-spain","18":"tag-sports"},"share_on_mastodon":{"url":"","error":""},"_links":{"self":[{"href":"https:\/\/www.europesays.com\/es\/wp-json\/wp\/v2\/posts\/163827","targetHints":{"allow":["GET"]}}],"collection":[{"href":"https:\/\/www.europesays.com\/es\/wp-json\/wp\/v2\/posts"}],"about":[{"href":"https:\/\/www.europesays.com\/es\/wp-json\/wp\/v2\/types\/post"}],"author":[{"embeddable":true,"href":"https:\/\/www.europesays.com\/es\/wp-json\/wp\/v2\/users\/2"}],"replies":[{"embeddable":true,"href":"https:\/\/www.europesays.com\/es\/wp-json\/wp\/v2\/comments?post=163827"}],"version-history":[{"count":0,"href":"https:\/\/www.europesays.com\/es\/wp-json\/wp\/v2\/posts\/163827\/revisions"}],"wp:featuredmedia":[{"embeddable":true,"href":"https:\/\/www.europesays.com\/es\/wp-json\/wp\/v2\/media\/163828"}],"wp:attachment":[{"href":"https:\/\/www.europesays.com\/es\/wp-json\/wp\/v2\/media?parent=163827"}],"wp:term":[{"taxonomy":"category","embeddable":true,"href":"https:\/\/www.europesays.com\/es\/wp-json\/wp\/v2\/categories?post=163827"},{"taxonomy":"post_tag","embeddable":true,"href":"https:\/\/www.europesays.com\/es\/wp-json\/wp\/v2\/tags?post=163827"}],"curies":[{"name":"wp","href":"https:\/\/api.w.org\/{rel}","templated":true}]}}