{"id":163831,"date":"2025-10-08T22:10:09","date_gmt":"2025-10-08T22:10:09","guid":{"rendered":"https:\/\/www.europesays.com\/es\/163831\/"},"modified":"2025-10-08T22:10:09","modified_gmt":"2025-10-08T22:10:09","slug":"la-imagen-de-puado-que-hace-saltar-todas-las-alarmas","status":"publish","type":"post","link":"https:\/\/www.europesays.com\/es\/163831\/","title":{"rendered":"La imagen de Puado que hace saltar todas las alarmas"},"content":{"rendered":"<p data-gtm-element-container=\"modulo-texto-link\" class=\"paragraph\">Malas noticias en el <strong>RCD Espanyol<\/strong>,<a href=\"https:\/\/www.mundodeportivo.com\/futbol\/rcd-espanyol\/20251008\/1002546622\/hoy-arranca-alan-pace.html\" target=\"_blank\" rel=\"nofollow noopener\"> todav\u00eda pendiente de que se oficialice el desembarco de\u00a0Velocity Sport Limited (VSL) como nuevo propietario del club<\/a>, finalmente previsto para este jueves.<\/p>\n<p data-gtm-element-container=\"modulo-texto-link\" class=\"paragraph\">En lo deportivo,\u00a0<strong>Javi Puado<\/strong> ha hecho saltar todas las alarmas. El capit\u00e1n blanquiazul, titular en las ocho jornadas disputadas hasta el momento, ha sido fotografiado esta ma\u00f1ana con muletas acompa\u00f1ado de su pareja, la &#8216;influencer&#8217; <strong>Paula Brookie<\/strong>, y el director del \u00e1rea de Salud del <strong>Espanyol<\/strong>, <strong>Narciso Amig\u00f3<\/strong>.<strong\/><\/p>\n<blockquote class=\"twitter-tweet\" data-lang=\"es\"><p>\n<a href=\"https:\/\/twitter.com\/rcdeambition\/status\/1975900870144577708\" rel=\"nofollow noopener\" target=\"_blank\">\n<\/p><\/blockquote>\n<p data-gtm-element-container=\"modulo-texto-link\" class=\"paragraph\">Una imagen poco halag\u00fce\u00f1a que, a la espera de pruebas, ha dejado en vilo al espanyolismo, sabedor de la importancia de <strong>Puado <\/strong>en los planes de <strong>Manolo Gonz\u00e1lez<\/strong>. Tanto sobre el verde, con 20 goles en 57 partidos bajo el mando del t\u00e9cnico lucense, como fuera de \u00e9l.<\/p>\n<p>    Lee tambi\u00e9n<\/p>\n<p data-gtm-element-container=\"modulo-texto-link\" class=\"paragraph\">Y es que a sus 27 a\u00f1os, <strong>Puado <\/strong>se ha convertido en uno de los l\u00edderes espirituales del vestuario perico, uno de los m\u00e1s j\u00f3venes de Primera Divisi\u00f3n con una edad media de 25,54 a\u00f1os. Por no hablar de su papel en el ascenso de 2024, con un doblete al <strong>Real Oviedo<\/strong>\u00a0en la final del playoff de ascenso, y la \u00faltima permanencia, abriendo el camino de la victoria sobre la <strong>UD Las Palmas <\/strong>en la \u00faltima jornada.\u00a0<\/p>\n<p><script async src=\"https:\/\/platform.twitter.com\/widgets.js\" charset=\"utf-8\"><\/script><\/p>\n","protected":false},"excerpt":{"rendered":"Malas noticias en el RCD Espanyol, todav\u00eda pendiente de que se oficialice el desembarco de\u00a0Velocity Sport Limited (VSL)&hellip;\n","protected":false},"author":2,"featured_media":163832,"comment_status":"","ping_status":"","sticky":false,"template":"","format":"standard","meta":{"footnotes":""},"categories":[268],"tags":[168,25,24,280,282,281,23,167],"class_list":{"0":"post-163831","1":"post","2":"type-post","3":"status-publish","4":"format-standard","5":"has-post-thumbnail","7":"category-futbol","8":"tag-deportes","9":"tag-es","10":"tag-espana","11":"tag-football","12":"tag-futbol","13":"tag-soccer","14":"tag-spain","15":"tag-sports"},"share_on_mastodon":{"url":"","error":""},"_links":{"self":[{"href":"https:\/\/www.europesays.com\/es\/wp-json\/wp\/v2\/posts\/163831","targetHints":{"allow":["GET"]}}],"collection":[{"href":"https:\/\/www.europesays.com\/es\/wp-json\/wp\/v2\/posts"}],"about":[{"href":"https:\/\/www.europesays.com\/es\/wp-json\/wp\/v2\/types\/post"}],"author":[{"embeddable":true,"href":"https:\/\/www.europesays.com\/es\/wp-json\/wp\/v2\/users\/2"}],"replies":[{"embeddable":true,"href":"https:\/\/www.europesays.com\/es\/wp-json\/wp\/v2\/comments?post=163831"}],"version-history":[{"count":0,"href":"https:\/\/www.europesays.com\/es\/wp-json\/wp\/v2\/posts\/163831\/revisions"}],"wp:featuredmedia":[{"embeddable":true,"href":"https:\/\/www.europesays.com\/es\/wp-json\/wp\/v2\/media\/163832"}],"wp:attachment":[{"href":"https:\/\/www.europesays.com\/es\/wp-json\/wp\/v2\/media?parent=163831"}],"wp:term":[{"taxonomy":"category","embeddable":true,"href":"https:\/\/www.europesays.com\/es\/wp-json\/wp\/v2\/categories?post=163831"},{"taxonomy":"post_tag","embeddable":true,"href":"https:\/\/www.europesays.com\/es\/wp-json\/wp\/v2\/tags?post=163831"}],"curies":[{"name":"wp","href":"https:\/\/api.w.org\/{rel}","templated":true}]}}