{"id":163839,"date":"2025-10-08T22:14:08","date_gmt":"2025-10-08T22:14:08","guid":{"rendered":"https:\/\/www.europesays.com\/es\/163839\/"},"modified":"2025-10-08T22:14:08","modified_gmt":"2025-10-08T22:14:08","slug":"en-esta-cancion-lo-he-soltado-todo","status":"publish","type":"post","link":"https:\/\/www.europesays.com\/es\/163839\/","title":{"rendered":"En esta canci\u00f3n lo he soltado todo"},"content":{"rendered":"<p><b>Ana Mena<\/b> ha vuelto este mi\u00e9rcoles a pisar el plat\u00f3 de <a title=\"&#039;El Hormiguero&#039;\" href=\"https:\/\/www.larazon.es\/television\/programas\/ana-mena-presenta-primicia-nueva-cancion-largate-hormiguero_2025100868e61ebe0e3c6c5098277cf0.html\" target=\"_blank\" rel=\"nofollow noopener\">&#8216;El Hormiguero&#8217;<\/a>, despu\u00e9s de conocerse que ser\u00e1 una de las <a title=\"coaches del certamen musical de Antena 3, &#039;La Voz Kids&#039;\" href=\"https:\/\/www.larazon.es\/television\/programas\/ana-mena-convierte-nueva-coach-voz-kids_202507016863beaa5e724b62f065c443.html\" target=\"_blank\" rel=\"nofollow noopener\">coaches del certamen musical de Antena 3, &#8216;La Voz Kids&#8217;<\/a>. La malague\u00f1a tiene muchos proyectos por delante y, entre otros, este viernes saldr\u00e1 a la luz su <b>nuevo single &#8216;L\u00e1rgate&#8217;<\/b>, del que ha hablado con Pablo Motos.<\/p>\n<p>Un tema que<b> ha cantado en directo durante el programa<\/b> y en el que la artista <b>deja de lado lo pol\u00edticamente correcto<\/b>. \u00abNo soy mala enemiga, pero en esta canci\u00f3n lo he soltado todo\u00bb, ha asegurado mientras indicaba que la letra de la canci\u00f3n se la dedica a hombres que han pasado por su vida, \u00aba cuernos pasados\u00bb.<\/p>\n<p>En esa l\u00ednea, el presentador valenciano ha puesto a prueba a la cantante, pregunt\u00e1ndole si hab\u00eda robado alguna vez en su vida o si tiene una canci\u00f3n famosa que odia. Ana mena ha recogido el guante y ha respondido con total sinceridad que de peque\u00f1a, con 13 a\u00f1os, cogi\u00f3 un paquete de donettes. En cuanto a la <b>composici\u00f3n musical que no soporta<\/b>, ha revelado que se trata de <b>&#8216;Call Me Maybe&#8217; de Carly Rae Jepsen, <\/b><\/p>\n<p>Durante la entrevista tambi\u00e9n ha habido tiempo para hablar del proyecto cinematogr\u00e1fico de la malague\u00f1a, que <b>debutar\u00e1 en la gran pantalla el pr\u00f3ximo mes de enero en &#8216;\u00cddolos&#8217;<\/b>, la pel\u00edcula protagonizada por \u00d3scar Casas en la que la artista encarna a una tatuadora.<\/p>\n<p>Se trata del primer largometraje que se hace sobre el mundial de MotoGP y Ana Mena ha asegurado que el p\u00fablico va a \u00abflipar\u00bb, adem\u00e1s de a\u00f1adir que es \u00abpara toda la familia\u00bb, sus compa\u00f1eros de reparto \u00abest\u00e1n espectaculares\u00bb y se ha grabado \u00aben circuitos reales\u00bb, donde <b>ha coincidido con pilotos como Jorge Mart\u00edn o Marc M\u00e1rquez. <\/b><\/p>\n<p>Adem\u00e1s, ha hablado de c\u00f3mo fue la preparaci\u00f3n para interpretar a su personaje. La cantante ha desvelado que<b> tan solo recibi\u00f3 \u00abdos sesiones de coaching\u00bb que \u00abno duraron m\u00e1s de media hora\u00bb,<\/b> por lo que en la realidad no es capaz de replicar el trabajo que hace un tatuador. Sin embargo, ha aprendido que es vital \u00abprestar atenci\u00f3n a la limpieza\u00bb para que no se infecte la parte del cuerpo en la que se realiza el dibujo con tinta. Asimismo, ha comentado que aunque ahora tiene un peque\u00f1o tatuaje, en el momento del rodaje no ten\u00eda ninguno y <b>le pon\u00edan unos de pega.<\/b><\/p>\n<p>En cuanto a su<b> nuevo disco<\/b>, ha adelantado que ha estado todo el a\u00f1o trabajando en \u00e9l para preparar las canciones. Una decisi\u00f3n que ha tomado porque quer\u00eda \u00abir m\u00e1s tranquila\u00bb y \u00abvivir cosas para contar cosas\u00bb. <b>Algunas de ellas son \u00abmuy personales, otras muy divertidas\u00bb,<\/b> as\u00ed como tambi\u00e9n ha compuesto <b>\u00abcanciones de enamorada\u00bb y \u00abdonde cuenta cosas personales\u00bb. <\/b><\/p>\n<p>La int\u00e9rprete de \u00e9xitos como &#8216;A un paso de la luna&#8217; o &#8216;Madrid City&#8217; tambi\u00e9n ha recordado lo que le ocurri\u00f3 durante un viaje a Par\u00eds, donde su compa\u00f1\u00eda discogr\u00e1fica le reserv\u00f3 una habitaci\u00f3n en un hotel para adultos. \u00abFui a hacer promo a Par\u00eds, primera vez que iba, me metieron los de Sony en un <b>hotel er\u00f3tico<\/b>. Entro la recepci\u00f3n, muy chiquitita y me encuentro un Mickey Mouse. Todo con dibujos, las alfombras ten\u00edan estampados de vaginas\u00bb.<\/p>\n<p>La conversaci\u00f3n con Pablo Motos tambi\u00e9n ha tocado algunos puntos m\u00e1s personales de la artista, que <b>ha admitido pasarlo mal a la hora de conocer gente nueva o acudir a eventos<\/b>. \u00abLo paso mal, soy una persona muy t\u00edmida cuando me enfrento a cosas nuevas, conocer gente nueva me hace muy peque\u00f1ita y me cuesta confiar\u00bb.<\/p>\n<p>Tras comenzar la semana con la <a title=\"visita del pionero del trap argentino\" href=\"https:\/\/www.larazon.es\/television\/programas\/duki-defiende-hormiguero-necesidad-llorar-asegura-que-sus-tatuajes-son-capa-superheroe_2025100668e42e790e3c6c509825f19f.html\" target=\"_blank\" rel=\"nofollow noopener\">visita del pionero del trap argentino<\/a>, recibir al d\u00eda siguiente al <a title=\"protagonista de &#039;The Bear&#039;\" href=\"https:\/\/www.larazon.es\/television\/programas\/jeremy-allen-white-desvela-como-preparo-interpretar-bruce-springsteen-intentaba-vestirme-como_2025100768e57f3d0e3c6c5098271f06.html\" target=\"_blank\" rel=\"nofollow noopener\">protagonista de &#8216;The Bear&#8217;<\/a> y pasar la noche este mi\u00e9rcoles junto a Ana Mena, el programa de Antena 3 cerrar\u00e1 la semana con otro actor, esta vez un hist\u00f3rico de la peque\u00f1a y gran pantalla como <b>Jos\u00e9 Sacrist\u00e1n<\/b>, que a sus 88 a\u00f1os iniciar\u00e1 una nueva gira el pr\u00f3ximo 24 de octubre.<\/p>\n","protected":false},"excerpt":{"rendered":"Ana Mena ha vuelto este mi\u00e9rcoles a pisar el plat\u00f3 de &#8216;El Hormiguero&#8217;, despu\u00e9s de conocerse que ser\u00e1&hellip;\n","protected":false},"author":2,"featured_media":163840,"comment_status":"","ping_status":"","sticky":false,"template":"","format":"standard","meta":{"footnotes":""},"categories":[171],"tags":[146,147,25,24,23,214],"class_list":{"0":"post-163839","1":"post","2":"type-post","3":"status-publish","4":"format-standard","5":"has-post-thumbnail","7":"category-tv","8":"tag-entertainment","9":"tag-entretenimiento","10":"tag-es","11":"tag-espana","12":"tag-spain","13":"tag-tv"},"share_on_mastodon":{"url":"","error":""},"_links":{"self":[{"href":"https:\/\/www.europesays.com\/es\/wp-json\/wp\/v2\/posts\/163839","targetHints":{"allow":["GET"]}}],"collection":[{"href":"https:\/\/www.europesays.com\/es\/wp-json\/wp\/v2\/posts"}],"about":[{"href":"https:\/\/www.europesays.com\/es\/wp-json\/wp\/v2\/types\/post"}],"author":[{"embeddable":true,"href":"https:\/\/www.europesays.com\/es\/wp-json\/wp\/v2\/users\/2"}],"replies":[{"embeddable":true,"href":"https:\/\/www.europesays.com\/es\/wp-json\/wp\/v2\/comments?post=163839"}],"version-history":[{"count":0,"href":"https:\/\/www.europesays.com\/es\/wp-json\/wp\/v2\/posts\/163839\/revisions"}],"wp:featuredmedia":[{"embeddable":true,"href":"https:\/\/www.europesays.com\/es\/wp-json\/wp\/v2\/media\/163840"}],"wp:attachment":[{"href":"https:\/\/www.europesays.com\/es\/wp-json\/wp\/v2\/media?parent=163839"}],"wp:term":[{"taxonomy":"category","embeddable":true,"href":"https:\/\/www.europesays.com\/es\/wp-json\/wp\/v2\/categories?post=163839"},{"taxonomy":"post_tag","embeddable":true,"href":"https:\/\/www.europesays.com\/es\/wp-json\/wp\/v2\/tags?post=163839"}],"curies":[{"name":"wp","href":"https:\/\/api.w.org\/{rel}","templated":true}]}}