{"id":163856,"date":"2025-10-08T22:23:10","date_gmt":"2025-10-08T22:23:10","guid":{"rendered":"https:\/\/www.europesays.com\/es\/163856\/"},"modified":"2025-10-08T22:23:10","modified_gmt":"2025-10-08T22:23:10","slug":"la-apif-denuncia-irregularidades-en-la-designacion-del-fiscal-que-ira-al-juicio-de-garcia-ortiz","status":"publish","type":"post","link":"https:\/\/www.europesays.com\/es\/163856\/","title":{"rendered":"La APIF denuncia irregularidades en la designaci\u00f3n del fiscal que ir\u00e1 al juicio de Garc\u00eda Ortiz"},"content":{"rendered":"<p style=\"\">La Asociaci\u00f3n Profesional e Independiente de Fiscales (APIF), acusaci\u00f3n particular en la causa que se sigue contra el fiscal general del Estado en el Tribunal Supremo por presunta revelaci\u00f3n de secretos, ha formulado una queja ante la Inspecci\u00f3n Fiscal por la forma en la que  &#8230; se ha designaco al fiscal que representar\u00e1 al Ministerio P\u00fablico en el juicio de Garc\u00eda Ortiz, un procedimiento, dice, que \u00abni cumple las normas estatutarias ni con el principio de transparencia en la actuaci\u00f3n de la Fiscal\u00eda\u00bb. <\/p>\n<p class=\"voc-p\" style=\"\">Denuncian as\u00ed que la APIF ha tenido conocimiento de que se prev\u00e9 la intervenci\u00f3n del fiscal superior de Extremadura para representar al Ministerio P\u00fablico, <strong>al margen de lo dispuesto en el art\u00edculo 26<\/strong> de la ley que regula el Estatuto Org\u00e1nico del Ministerio Fiscal que prev\u00e9 que sea el fiscal general del Estado la autoridad que puede designar a cualquier miembro del Ministerio Fiscal para que \u00abact\u00fae en un asunto determinado ante cualquiera de los \u00f3rganos jurisdiccionales en que el Ministerio Fiscal est\u00e1 legitimado para intervenir, o\u00eddo el Consejo Fiscal\u00bb. <\/p>\n<p class=\"voc-p\" style=\"\">\u00abNo consta que el nombramiento para intervenir en el procedimiento ante el Tribunal Supremo lo haya hecho el fiscal general del Estado y nos preguntamos cual ha sido la intervenci\u00f3n del Consejo Fiscal\u00bb en este asunto, se\u00f1ala la APIF en un escrito al que ha tenido acceso ABC. \u00abDe la lectura del Estatuto se desprende que solo el fiscal general del Estado puede designar a un fiscal para intervenir ante un Tribunal ante el que su nombramiento publicado en el Bolet\u00edn Oficial del Estado no le habilita a intervenir. Desconocemos la raz\u00f3n por la que la intervenci\u00f3n ante el Tribunal Supremo no se hace en favor de un Fiscal destinado en la Secci\u00f3n Penal de dicho Tribunal\u00bb, apunta la asociaci\u00f3n.<\/p>\n<p class=\"voc-p\" style=\"\">De igual forma, a\u00f1ade, \u00abdesconocemos porque el requerimiento del magistrado instructor del Tribunal Supremo para que la Inspecci\u00f3n Fiscal informara al Alto Tribunal de las actuaciones que efectuara sobre la posible suspensi\u00f3n del fiscal general del Estado ha sido despachado por el teniente de la Inspecci\u00f3n y no como parece l\u00f3gico por la jefa de ese servicio. <\/p>\n<p class=\"voc-p\" style=\"\">\u00abLa APIF solicita que se tramite la queja interpuesta por la forma de proceder en las designaciones mencionadas y se resuelva en derecho por la Inspecci\u00f3n\u00bb.<\/p>\n<p class=\"voc-p\" style=\"\">Francisco Javier Montero Juanes, fiscal superior de Extremadura, es quien llev\u00f3 las riendas al inicio de la investigaci\u00f3n en el Tribunal Superior de Justicia de Madrid (TSJM) tras la querella presentada por Alberto Gonz\u00e1lez Amador contra la Fiscal\u00eda. Ahora acompa\u00f1ar\u00e1 en la vista a la teniente fiscal Mar\u00eda \u00c1ngeles S\u00e1nchez Conde. <\/p>\n","protected":false},"excerpt":{"rendered":"La Asociaci\u00f3n Profesional e Independiente de Fiscales (APIF), acusaci\u00f3n particular en la causa que se sigue contra el&hellip;\n","protected":false},"author":2,"featured_media":163857,"comment_status":"","ping_status":"","sticky":false,"template":"","format":"standard","meta":{"footnotes":""},"categories":[8],"tags":[48383,17,18,6775,48384,25,24,13,14,6987,3142,11,15902,12186,5541,19,20,9,10,15,16,5971,23,12,21,22],"class_list":{"0":"post-163856","1":"post","2":"type-post","3":"status-publish","4":"format-standard","5":"has-post-thumbnail","7":"category-espana","8":"tag-apif","9":"tag-breaking-news","10":"tag-breakingnews","11":"tag-denuncia","12":"tag-designacion","13":"tag-es","14":"tag-espana","15":"tag-featured-news","16":"tag-featurednews","17":"tag-fiscal","18":"tag-garcia","19":"tag-headlines","20":"tag-ira","21":"tag-irregularidades","22":"tag-juicio","23":"tag-latest-news","24":"tag-latestnews","25":"tag-news","26":"tag-noticias","27":"tag-noticias-destacadas","28":"tag-noticiasdestacadas","29":"tag-ortiz","30":"tag-spain","31":"tag-titulares","32":"tag-ultimas-noticias","33":"tag-ultimasnoticias"},"share_on_mastodon":{"url":"","error":""},"_links":{"self":[{"href":"https:\/\/www.europesays.com\/es\/wp-json\/wp\/v2\/posts\/163856","targetHints":{"allow":["GET"]}}],"collection":[{"href":"https:\/\/www.europesays.com\/es\/wp-json\/wp\/v2\/posts"}],"about":[{"href":"https:\/\/www.europesays.com\/es\/wp-json\/wp\/v2\/types\/post"}],"author":[{"embeddable":true,"href":"https:\/\/www.europesays.com\/es\/wp-json\/wp\/v2\/users\/2"}],"replies":[{"embeddable":true,"href":"https:\/\/www.europesays.com\/es\/wp-json\/wp\/v2\/comments?post=163856"}],"version-history":[{"count":0,"href":"https:\/\/www.europesays.com\/es\/wp-json\/wp\/v2\/posts\/163856\/revisions"}],"wp:featuredmedia":[{"embeddable":true,"href":"https:\/\/www.europesays.com\/es\/wp-json\/wp\/v2\/media\/163857"}],"wp:attachment":[{"href":"https:\/\/www.europesays.com\/es\/wp-json\/wp\/v2\/media?parent=163856"}],"wp:term":[{"taxonomy":"category","embeddable":true,"href":"https:\/\/www.europesays.com\/es\/wp-json\/wp\/v2\/categories?post=163856"},{"taxonomy":"post_tag","embeddable":true,"href":"https:\/\/www.europesays.com\/es\/wp-json\/wp\/v2\/tags?post=163856"}],"curies":[{"name":"wp","href":"https:\/\/api.w.org\/{rel}","templated":true}]}}